{"id":1264,"date":"2018-03-24T00:01:36","date_gmt":"2018-03-24T03:01:36","guid":{"rendered":"http:\/\/ubanews.com\/site\/?p=1264"},"modified":"2018-03-29T14:44:08","modified_gmt":"2018-03-29T17:44:08","slug":"osmar-farinheiro-abre-as-portas-do-coracao-e-conta-sua-historia-de-vida","status":"publish","type":"post","link":"https:\/\/ubanews.com\/site\/2018\/03\/24\/osmar-farinheiro-abre-as-portas-do-coracao-e-conta-sua-historia-de-vida\/","title":{"rendered":"Osmar Farinheiro abre as portas do cora\u00e7\u00e3o e conta sua hist\u00f3ria de vida"},"content":{"rendered":"<p>&nbsp; &nbsp; &nbsp; &nbsp; &nbsp; Aos quatro anos de idade foi deixado pelo pai na estrada, em uma porteira, que dava acesso \u00e0 casa de sua av\u00f3. Eram apenas dois dias depois da morte de sua m\u00e3e. Essa marca ele carregou para sempre. Toda vez que toca no assunto os olhos chegam a lacrimejar. Havia um desejo enorme de um dia ter o nome de sua saudosa m\u00e3e numa placa, indicando nome de uma rua em nossa Ub\u00e1, pois n\u00e3o \u00e9 que ele conseguiu!<\/p>\n<p>&nbsp; &nbsp; &nbsp; &nbsp; &nbsp; O senhor Osmar Soares de Almeida, (89) (Osmar Farinheiro) com \u00e9 conhecido desde crian\u00e7a. Seu av\u00f4 produzia farinha, por isso o apelido. Apesar da inf\u00e2ncia amarga, \u00e9 um homem doce. Doce nas palavras; nos gestos; no olhar e no cora\u00e7\u00e3o!! H\u00e1 65 anos \u00e9 casado com a senhora Maria Jos\u00e9 de Souza Almeida (91) (Dona Zizita), com quem teve oito filhos; ele se orgulha dos nove netos e quatro bisnetos. Apesar de ter freq\u00fcentado poucos anos \u00e0 escola, Osmar Farinheiro \u00e9 um homem muito bem informado. Assiste os telejornais diariamente, inclusive aos domingos. E tamb\u00e9m ouve r\u00e1dio. Mant\u00e9m costumes antigos: como dormir logo ap\u00f3s o Jornal Nacional e acordar bem cedo, por volta das 4h da manh\u00e3, por\u00e9m, hoje em dia, fica um pouco mais na cama, levantando \u00e0s seis.<\/p>\n<p>&nbsp; &nbsp; &nbsp; &nbsp; &nbsp; Senhor Osmar nos confessou gostar da boa m\u00fasica raiz como M\u00e1goa de Boiadeiro, por exemplo. N\u00e3o fuma e nem ingere bebidas alco\u00f3licas, com exce\u00e7\u00e3o de um copo de vinho aos domingos um pouco antes do almo\u00e7o. Coleciona mais alegrias que tristezas. \u00c9 festeiro. J\u00e1 planeja um almo\u00e7o para receber amigos e comemorar os 90 anos de vida no dia primeiro de junho. Como a data vai cair numa sexta-feira, a programa\u00e7\u00e3o \u00e9 feita ent\u00e3o para o domingo dia tr\u00eas.<\/p>\n<p>Vale a pena ver no v\u00eddeo da hist\u00f3ria quase centen\u00e1ria de Osmar Farinheiro.<\/p>\n<p>&nbsp;<\/p>\n<p><iframe data-src=\"https:\/\/www.youtube.com\/embed\/tMr9-ySRaos\" width=\"560\" height=\"315\" frameborder=\"0\" allowfullscreen=\"allowfullscreen\" src=\"data:image\/svg+xml;base64,PHN2ZyB3aWR0aD0iMSIgaGVpZ2h0PSIxIiB4bWxucz0iaHR0cDovL3d3dy53My5vcmcvMjAwMC9zdmciPjwvc3ZnPg==\" class=\"lazyload\" data-load-mode=\"1\"><\/iframe><\/p>\n","protected":false},"excerpt":{"rendered":"<p>&nbsp; &nbsp; &nbsp; &nbsp; &nbsp; Aos quatro anos de idade<\/p>\n","protected":false},"author":2,"featured_media":1265,"comment_status":"open","ping_status":"open","sticky":false,"template":"","format":"standard","meta":{"footnotes":""},"categories":[1],"tags":[],"class_list":["post-1264","post","type-post","status-publish","format-standard","has-post-thumbnail","hentry","category-sem-categoria"],"yoast_head":"<!-- This site is optimized with the Yoast SEO plugin v27.2 - https:\/\/yoast.com\/product\/yoast-seo-wordpress\/ -->\n<title>Osmar Farinheiro abre as portas do cora\u00e7\u00e3o e conta sua hist\u00f3ria de vida - Ub\u00e1 News<\/title>\n<meta name=\"robots\" content=\"index, follow, max-snippet:-1, max-image-preview:large, max-video-preview:-1\" \/>\n<link rel=\"canonical\" href=\"https:\/\/ubanews.com\/site\/2018\/03\/24\/osmar-farinheiro-abre-as-portas-do-coracao-e-conta-sua-historia-de-vida\/\" \/>\n<meta property=\"og:locale\" content=\"pt_BR\" \/>\n<meta property=\"og:type\" content=\"article\" \/>\n<meta property=\"og:title\" content=\"Osmar Farinheiro abre as portas do cora\u00e7\u00e3o e conta sua hist\u00f3ria de vida - Ub\u00e1 News\" \/>\n<meta property=\"og:description\" content=\"&nbsp; &nbsp; &nbsp; &nbsp; &nbsp; Aos quatro anos de idade\" \/>\n<meta property=\"og:url\" content=\"https:\/\/ubanews.com\/site\/2018\/03\/24\/osmar-farinheiro-abre-as-portas-do-coracao-e-conta-sua-historia-de-vida\/\" \/>\n<meta property=\"og:site_name\" content=\"Ub\u00e1 News\" \/>\n<meta property=\"article:publisher\" content=\"https:\/\/www.facebook.com\/Ub%c3%a1News-Carlos-Roberto-Sodr%c3%a9-418778301977370\" \/>\n<meta property=\"article:author\" content=\"https:\/\/www.facebook.com\/carosroberto.sodre.5\/\" \/>\n<meta property=\"article:published_time\" content=\"2018-03-24T03:01:36+00:00\" \/>\n<meta property=\"article:modified_time\" content=\"2018-03-29T17:44:08+00:00\" \/>\n<meta property=\"og:image\" content=\"https:\/\/ubanews.com\/site\/wp-content\/uploads\/2018\/03\/DSC7884-1024x678.jpg\" \/>\n\t<meta property=\"og:image:width\" content=\"1024\" \/>\n\t<meta property=\"og:image:height\" content=\"678\" \/>\n\t<meta property=\"og:image:type\" content=\"image\/jpeg\" \/>\n<meta name=\"author\" content=\"Sodr\u00e9\" \/>\n<meta name=\"twitter:card\" content=\"summary_large_image\" \/>\n<meta name=\"twitter:label1\" content=\"Escrito por\" \/>\n\t<meta name=\"twitter:data1\" content=\"Sodr\u00e9\" \/>\n\t<meta name=\"twitter:label2\" content=\"Est. tempo de leitura\" \/>\n\t<meta name=\"twitter:data2\" content=\"2 minutos\" \/>\n<script type=\"application\/ld+json\" class=\"yoast-schema-graph\">{\"@context\":\"https:\/\/schema.org\",\"@graph\":[{\"@type\":\"Article\",\"@id\":\"https:\/\/ubanews.com\/site\/2018\/03\/24\/osmar-farinheiro-abre-as-portas-do-coracao-e-conta-sua-historia-de-vida\/#article\",\"isPartOf\":{\"@id\":\"https:\/\/ubanews.com\/site\/2018\/03\/24\/osmar-farinheiro-abre-as-portas-do-coracao-e-conta-sua-historia-de-vida\/\"},\"author\":{\"name\":\"Sodr\u00e9\",\"@id\":\"https:\/\/ubanews.com\/site\/#\/schema\/person\/d90c9e47252fbb63dcc969fe4c8b9d10\"},\"headline\":\"Osmar Farinheiro abre as portas do cora\u00e7\u00e3o e conta sua hist\u00f3ria de vida\",\"datePublished\":\"2018-03-24T03:01:36+00:00\",\"dateModified\":\"2018-03-29T17:44:08+00:00\",\"mainEntityOfPage\":{\"@id\":\"https:\/\/ubanews.com\/site\/2018\/03\/24\/osmar-farinheiro-abre-as-portas-do-coracao-e-conta-sua-historia-de-vida\/\"},\"wordCount\":344,\"commentCount\":0,\"publisher\":{\"@id\":\"https:\/\/ubanews.com\/site\/#organization\"},\"image\":{\"@id\":\"https:\/\/ubanews.com\/site\/2018\/03\/24\/osmar-farinheiro-abre-as-portas-do-coracao-e-conta-sua-historia-de-vida\/#primaryimage\"},\"thumbnailUrl\":\"https:\/\/ubanews.com\/site\/wp-content\/uploads\/2018\/03\/DSC7884.jpg\",\"articleSection\":[\"Geral\"],\"inLanguage\":\"pt-BR\",\"potentialAction\":[{\"@type\":\"CommentAction\",\"name\":\"Comment\",\"target\":[\"https:\/\/ubanews.com\/site\/2018\/03\/24\/osmar-farinheiro-abre-as-portas-do-coracao-e-conta-sua-historia-de-vida\/#respond\"]}]},{\"@type\":\"WebPage\",\"@id\":\"https:\/\/ubanews.com\/site\/2018\/03\/24\/osmar-farinheiro-abre-as-portas-do-coracao-e-conta-sua-historia-de-vida\/\",\"url\":\"https:\/\/ubanews.com\/site\/2018\/03\/24\/osmar-farinheiro-abre-as-portas-do-coracao-e-conta-sua-historia-de-vida\/\",\"name\":\"Osmar Farinheiro abre as portas do cora\u00e7\u00e3o e conta sua hist\u00f3ria de vida - Ub\u00e1 News\",\"isPartOf\":{\"@id\":\"https:\/\/ubanews.com\/site\/#website\"},\"primaryImageOfPage\":{\"@id\":\"https:\/\/ubanews.com\/site\/2018\/03\/24\/osmar-farinheiro-abre-as-portas-do-coracao-e-conta-sua-historia-de-vida\/#primaryimage\"},\"image\":{\"@id\":\"https:\/\/ubanews.com\/site\/2018\/03\/24\/osmar-farinheiro-abre-as-portas-do-coracao-e-conta-sua-historia-de-vida\/#primaryimage\"},\"thumbnailUrl\":\"https:\/\/ubanews.com\/site\/wp-content\/uploads\/2018\/03\/DSC7884.jpg\",\"datePublished\":\"2018-03-24T03:01:36+00:00\",\"dateModified\":\"2018-03-29T17:44:08+00:00\",\"breadcrumb\":{\"@id\":\"https:\/\/ubanews.com\/site\/2018\/03\/24\/osmar-farinheiro-abre-as-portas-do-coracao-e-conta-sua-historia-de-vida\/#breadcrumb\"},\"inLanguage\":\"pt-BR\",\"potentialAction\":[{\"@type\":\"ReadAction\",\"target\":[\"https:\/\/ubanews.com\/site\/2018\/03\/24\/osmar-farinheiro-abre-as-portas-do-coracao-e-conta-sua-historia-de-vida\/\"]}]},{\"@type\":\"ImageObject\",\"inLanguage\":\"pt-BR\",\"@id\":\"https:\/\/ubanews.com\/site\/2018\/03\/24\/osmar-farinheiro-abre-as-portas-do-coracao-e-conta-sua-historia-de-vida\/#primaryimage\",\"url\":\"https:\/\/ubanews.com\/site\/wp-content\/uploads\/2018\/03\/DSC7884.jpg\",\"contentUrl\":\"https:\/\/ubanews.com\/site\/wp-content\/uploads\/2018\/03\/DSC7884.jpg\",\"width\":3696,\"height\":2448},{\"@type\":\"BreadcrumbList\",\"@id\":\"https:\/\/ubanews.com\/site\/2018\/03\/24\/osmar-farinheiro-abre-as-portas-do-coracao-e-conta-sua-historia-de-vida\/#breadcrumb\",\"itemListElement\":[{\"@type\":\"ListItem\",\"position\":1,\"name\":\"Home\",\"item\":\"https:\/\/ubanews.com\/site\/\"},{\"@type\":\"ListItem\",\"position\":2,\"name\":\"Osmar Farinheiro abre as portas do cora\u00e7\u00e3o e conta sua hist\u00f3ria de vida\"}]},{\"@type\":\"WebSite\",\"@id\":\"https:\/\/ubanews.com\/site\/#website\",\"url\":\"https:\/\/ubanews.com\/site\/\",\"name\":\"Ub\u00e1 News\",\"description\":\"\",\"publisher\":{\"@id\":\"https:\/\/ubanews.com\/site\/#organization\"},\"potentialAction\":[{\"@type\":\"SearchAction\",\"target\":{\"@type\":\"EntryPoint\",\"urlTemplate\":\"https:\/\/ubanews.com\/site\/?s={search_term_string}\"},\"query-input\":{\"@type\":\"PropertyValueSpecification\",\"valueRequired\":true,\"valueName\":\"search_term_string\"}}],\"inLanguage\":\"pt-BR\"},{\"@type\":\"Organization\",\"@id\":\"https:\/\/ubanews.com\/site\/#organization\",\"name\":\"Ub\u00e1 News\",\"url\":\"https:\/\/ubanews.com\/site\/\",\"logo\":{\"@type\":\"ImageObject\",\"inLanguage\":\"pt-BR\",\"@id\":\"https:\/\/ubanews.com\/site\/#\/schema\/logo\/image\/\",\"url\":\"https:\/\/ubanews.com\/site\/wp-content\/uploads\/2018\/01\/logoubanews.png\",\"contentUrl\":\"https:\/\/ubanews.com\/site\/wp-content\/uploads\/2018\/01\/logoubanews.png\",\"width\":261,\"height\":99,\"caption\":\"Ub\u00e1 News\"},\"image\":{\"@id\":\"https:\/\/ubanews.com\/site\/#\/schema\/logo\/image\/\"},\"sameAs\":[\"https:\/\/www.facebook.com\/Ub\u00e1News-Carlos-Roberto-Sodr\u00e9-418778301977370\"]},{\"@type\":\"Person\",\"@id\":\"https:\/\/ubanews.com\/site\/#\/schema\/person\/d90c9e47252fbb63dcc969fe4c8b9d10\",\"name\":\"Sodr\u00e9\",\"image\":{\"@type\":\"ImageObject\",\"inLanguage\":\"pt-BR\",\"@id\":\"https:\/\/secure.gravatar.com\/avatar\/5ba2793f0590b9dbfad3fdec4ee714485b3eef211c9b32ee53d414060454a56c?s=96&d=mm&r=g\",\"url\":\"https:\/\/secure.gravatar.com\/avatar\/5ba2793f0590b9dbfad3fdec4ee714485b3eef211c9b32ee53d414060454a56c?s=96&d=mm&r=g\",\"contentUrl\":\"https:\/\/secure.gravatar.com\/avatar\/5ba2793f0590b9dbfad3fdec4ee714485b3eef211c9b32ee53d414060454a56c?s=96&d=mm&r=g\",\"caption\":\"Sodr\u00e9\"},\"sameAs\":[\"https:\/\/www.facebook.com\/carosroberto.sodre.5\/\"],\"url\":\"https:\/\/ubanews.com\/site\/author\/felipe\/\"}]}<\/script>\n<!-- \/ Yoast SEO plugin. -->","yoast_head_json":{"title":"Osmar Farinheiro abre as portas do cora\u00e7\u00e3o e conta sua hist\u00f3ria de vida - Ub\u00e1 News","robots":{"index":"index","follow":"follow","max-snippet":"max-snippet:-1","max-image-preview":"max-image-preview:large","max-video-preview":"max-video-preview:-1"},"canonical":"https:\/\/ubanews.com\/site\/2018\/03\/24\/osmar-farinheiro-abre-as-portas-do-coracao-e-conta-sua-historia-de-vida\/","og_locale":"pt_BR","og_type":"article","og_title":"Osmar Farinheiro abre as portas do cora\u00e7\u00e3o e conta sua hist\u00f3ria de vida - Ub\u00e1 News","og_description":"&nbsp; &nbsp; &nbsp; &nbsp; &nbsp; Aos quatro anos de idade","og_url":"https:\/\/ubanews.com\/site\/2018\/03\/24\/osmar-farinheiro-abre-as-portas-do-coracao-e-conta-sua-historia-de-vida\/","og_site_name":"Ub\u00e1 News","article_publisher":"https:\/\/www.facebook.com\/Ub%c3%a1News-Carlos-Roberto-Sodr%c3%a9-418778301977370","article_author":"https:\/\/www.facebook.com\/carosroberto.sodre.5\/","article_published_time":"2018-03-24T03:01:36+00:00","article_modified_time":"2018-03-29T17:44:08+00:00","og_image":[{"width":1024,"height":678,"url":"https:\/\/ubanews.com\/site\/wp-content\/uploads\/2018\/03\/DSC7884-1024x678.jpg","type":"image\/jpeg"}],"author":"Sodr\u00e9","twitter_card":"summary_large_image","twitter_misc":{"Escrito por":"Sodr\u00e9","Est. tempo de leitura":"2 minutos"},"schema":{"@context":"https:\/\/schema.org","@graph":[{"@type":"Article","@id":"https:\/\/ubanews.com\/site\/2018\/03\/24\/osmar-farinheiro-abre-as-portas-do-coracao-e-conta-sua-historia-de-vida\/#article","isPartOf":{"@id":"https:\/\/ubanews.com\/site\/2018\/03\/24\/osmar-farinheiro-abre-as-portas-do-coracao-e-conta-sua-historia-de-vida\/"},"author":{"name":"Sodr\u00e9","@id":"https:\/\/ubanews.com\/site\/#\/schema\/person\/d90c9e47252fbb63dcc969fe4c8b9d10"},"headline":"Osmar Farinheiro abre as portas do cora\u00e7\u00e3o e conta sua hist\u00f3ria de vida","datePublished":"2018-03-24T03:01:36+00:00","dateModified":"2018-03-29T17:44:08+00:00","mainEntityOfPage":{"@id":"https:\/\/ubanews.com\/site\/2018\/03\/24\/osmar-farinheiro-abre-as-portas-do-coracao-e-conta-sua-historia-de-vida\/"},"wordCount":344,"commentCount":0,"publisher":{"@id":"https:\/\/ubanews.com\/site\/#organization"},"image":{"@id":"https:\/\/ubanews.com\/site\/2018\/03\/24\/osmar-farinheiro-abre-as-portas-do-coracao-e-conta-sua-historia-de-vida\/#primaryimage"},"thumbnailUrl":"https:\/\/ubanews.com\/site\/wp-content\/uploads\/2018\/03\/DSC7884.jpg","articleSection":["Geral"],"inLanguage":"pt-BR","potentialAction":[{"@type":"CommentAction","name":"Comment","target":["https:\/\/ubanews.com\/site\/2018\/03\/24\/osmar-farinheiro-abre-as-portas-do-coracao-e-conta-sua-historia-de-vida\/#respond"]}]},{"@type":"WebPage","@id":"https:\/\/ubanews.com\/site\/2018\/03\/24\/osmar-farinheiro-abre-as-portas-do-coracao-e-conta-sua-historia-de-vida\/","url":"https:\/\/ubanews.com\/site\/2018\/03\/24\/osmar-farinheiro-abre-as-portas-do-coracao-e-conta-sua-historia-de-vida\/","name":"Osmar Farinheiro abre as portas do cora\u00e7\u00e3o e conta sua hist\u00f3ria de vida - Ub\u00e1 News","isPartOf":{"@id":"https:\/\/ubanews.com\/site\/#website"},"primaryImageOfPage":{"@id":"https:\/\/ubanews.com\/site\/2018\/03\/24\/osmar-farinheiro-abre-as-portas-do-coracao-e-conta-sua-historia-de-vida\/#primaryimage"},"image":{"@id":"https:\/\/ubanews.com\/site\/2018\/03\/24\/osmar-farinheiro-abre-as-portas-do-coracao-e-conta-sua-historia-de-vida\/#primaryimage"},"thumbnailUrl":"https:\/\/ubanews.com\/site\/wp-content\/uploads\/2018\/03\/DSC7884.jpg","datePublished":"2018-03-24T03:01:36+00:00","dateModified":"2018-03-29T17:44:08+00:00","breadcrumb":{"@id":"https:\/\/ubanews.com\/site\/2018\/03\/24\/osmar-farinheiro-abre-as-portas-do-coracao-e-conta-sua-historia-de-vida\/#breadcrumb"},"inLanguage":"pt-BR","potentialAction":[{"@type":"ReadAction","target":["https:\/\/ubanews.com\/site\/2018\/03\/24\/osmar-farinheiro-abre-as-portas-do-coracao-e-conta-sua-historia-de-vida\/"]}]},{"@type":"ImageObject","inLanguage":"pt-BR","@id":"https:\/\/ubanews.com\/site\/2018\/03\/24\/osmar-farinheiro-abre-as-portas-do-coracao-e-conta-sua-historia-de-vida\/#primaryimage","url":"https:\/\/ubanews.com\/site\/wp-content\/uploads\/2018\/03\/DSC7884.jpg","contentUrl":"https:\/\/ubanews.com\/site\/wp-content\/uploads\/2018\/03\/DSC7884.jpg","width":3696,"height":2448},{"@type":"BreadcrumbList","@id":"https:\/\/ubanews.com\/site\/2018\/03\/24\/osmar-farinheiro-abre-as-portas-do-coracao-e-conta-sua-historia-de-vida\/#breadcrumb","itemListElement":[{"@type":"ListItem","position":1,"name":"Home","item":"https:\/\/ubanews.com\/site\/"},{"@type":"ListItem","position":2,"name":"Osmar Farinheiro abre as portas do cora\u00e7\u00e3o e conta sua hist\u00f3ria de vida"}]},{"@type":"WebSite","@id":"https:\/\/ubanews.com\/site\/#website","url":"https:\/\/ubanews.com\/site\/","name":"Ub\u00e1 News","description":"","publisher":{"@id":"https:\/\/ubanews.com\/site\/#organization"},"potentialAction":[{"@type":"SearchAction","target":{"@type":"EntryPoint","urlTemplate":"https:\/\/ubanews.com\/site\/?s={search_term_string}"},"query-input":{"@type":"PropertyValueSpecification","valueRequired":true,"valueName":"search_term_string"}}],"inLanguage":"pt-BR"},{"@type":"Organization","@id":"https:\/\/ubanews.com\/site\/#organization","name":"Ub\u00e1 News","url":"https:\/\/ubanews.com\/site\/","logo":{"@type":"ImageObject","inLanguage":"pt-BR","@id":"https:\/\/ubanews.com\/site\/#\/schema\/logo\/image\/","url":"https:\/\/ubanews.com\/site\/wp-content\/uploads\/2018\/01\/logoubanews.png","contentUrl":"https:\/\/ubanews.com\/site\/wp-content\/uploads\/2018\/01\/logoubanews.png","width":261,"height":99,"caption":"Ub\u00e1 News"},"image":{"@id":"https:\/\/ubanews.com\/site\/#\/schema\/logo\/image\/"},"sameAs":["https:\/\/www.facebook.com\/Ub\u00e1News-Carlos-Roberto-Sodr\u00e9-418778301977370"]},{"@type":"Person","@id":"https:\/\/ubanews.com\/site\/#\/schema\/person\/d90c9e47252fbb63dcc969fe4c8b9d10","name":"Sodr\u00e9","image":{"@type":"ImageObject","inLanguage":"pt-BR","@id":"https:\/\/secure.gravatar.com\/avatar\/5ba2793f0590b9dbfad3fdec4ee714485b3eef211c9b32ee53d414060454a56c?s=96&d=mm&r=g","url":"https:\/\/secure.gravatar.com\/avatar\/5ba2793f0590b9dbfad3fdec4ee714485b3eef211c9b32ee53d414060454a56c?s=96&d=mm&r=g","contentUrl":"https:\/\/secure.gravatar.com\/avatar\/5ba2793f0590b9dbfad3fdec4ee714485b3eef211c9b32ee53d414060454a56c?s=96&d=mm&r=g","caption":"Sodr\u00e9"},"sameAs":["https:\/\/www.facebook.com\/carosroberto.sodre.5\/"],"url":"https:\/\/ubanews.com\/site\/author\/felipe\/"}]}},"_links":{"self":[{"href":"https:\/\/ubanews.com\/site\/wp-json\/wp\/v2\/posts\/1264","targetHints":{"allow":["GET"]}}],"collection":[{"href":"https:\/\/ubanews.com\/site\/wp-json\/wp\/v2\/posts"}],"about":[{"href":"https:\/\/ubanews.com\/site\/wp-json\/wp\/v2\/types\/post"}],"author":[{"embeddable":true,"href":"https:\/\/ubanews.com\/site\/wp-json\/wp\/v2\/users\/2"}],"replies":[{"embeddable":true,"href":"https:\/\/ubanews.com\/site\/wp-json\/wp\/v2\/comments?post=1264"}],"version-history":[{"count":0,"href":"https:\/\/ubanews.com\/site\/wp-json\/wp\/v2\/posts\/1264\/revisions"}],"wp:featuredmedia":[{"embeddable":true,"href":"https:\/\/ubanews.com\/site\/wp-json\/wp\/v2\/media\/1265"}],"wp:attachment":[{"href":"https:\/\/ubanews.com\/site\/wp-json\/wp\/v2\/media?parent=1264"}],"wp:term":[{"taxonomy":"category","embeddable":true,"href":"https:\/\/ubanews.com\/site\/wp-json\/wp\/v2\/categories?post=1264"},{"taxonomy":"post_tag","embeddable":true,"href":"https:\/\/ubanews.com\/site\/wp-json\/wp\/v2\/tags?post=1264"}],"curies":[{"name":"wp","href":"https:\/\/api.w.org\/{rel}","templated":true}]}}