{"id":12525,"date":"2019-07-15T20:40:43","date_gmt":"2019-07-15T23:40:43","guid":{"rendered":"http:\/\/ubanews.com\/site\/?p=12525"},"modified":"2019-07-15T20:40:43","modified_gmt":"2019-07-15T23:40:43","slug":"edital-para-composicao-da-diretoria-e-conselho-fiscal-do-bairro-cristo-redentor","status":"publish","type":"post","link":"https:\/\/ubanews.com\/site\/2019\/07\/15\/edital-para-composicao-da-diretoria-e-conselho-fiscal-do-bairro-cristo-redentor\/","title":{"rendered":"EDITAL PARA COMPOSI\u00c7\u00c3O DA DIRETORIA E CONSELHO FISCAL DO BAIRRO CRISTO REDENTOR"},"content":{"rendered":"<p><strong>ASSOCIA\u00c7\u00c3O DOS MORADORES E AMIGOS DO BAIRRO CRISTO REDENTOR<\/strong><\/p>\n<p><strong>Funda\u00e7\u00e3o: 25\/08\/2000<\/strong><\/p>\n<p><strong><u>Edital<\/u><\/strong><\/p>\n<p>Pelo presente edital fa\u00e7o saber que no dia 03 de agosto de 2019, no hor\u00e1rio de 08:00 \u00e1s 12:00 horas, na rua Arcilio de Moura Estev\u00e3o, n\u00ba 285, bairro Cristo Redentor, ser\u00e1 realizada a elei\u00e7\u00e3o para composi\u00e7\u00e3o da diretoria e conselho fiscal efetivo e suplente da associa\u00e7\u00e3o de moradores e amigos do bairro Cristo Redentor e adjac\u00eancias.<\/p>\n<p>O prazo para registro das chapas \u00e9 at\u00e9 18 de julho de 2019, as 17:00 horas, mediante requerimento em 02 (duas) vias, endere\u00e7adas a presidente da comiss\u00e3o eleitoral Sr\u00aa Jussara de Almeida Andrade Melo, residente a rua Agostinho Barbosa, 155, bairro Waldemar de Castro, Ub\u00e1-MG, podendo ser assinado por qualquer dos componentes da chapa, anexado com os seguintes documentos:<\/p>\n<ul>\n<li>Uma ficha de qualifica\u00e7\u00e3o de cada candidato e por ele assinada onde deva constar:<\/li>\n<\/ul>\n<p>Nome, endere\u00e7o, profiss\u00e3o, registro de associado, n\u00ba. de documento de identidade.<\/p>\n<ul>\n<li>Uma ficha contendo todos os candidatos e dizendo qual a fun\u00e7\u00e3o que cada um ocupa na chapa. Ex.: presidente, secret\u00e1rio, tesoureiro, etc.<\/li>\n<\/ul>\n<p>A impugna\u00e7\u00e3o de candidaturas dever\u00e1 ser feita at\u00e9 o dia 27 de julho de 2019.<\/p>\n<p>Ser\u00e1 eleita a chapa que obtiver mais votos (50% mais 01 voto). Havendo empate entre as chapas mais votadas, haver\u00e1 nova elei\u00e7\u00e3o no dia 10 de agosto de 2019, no mesmo local e hor\u00e1rio j\u00e1 definido nesse edital.<\/p>\n<p>Obs: S\u00f3 poder\u00e3o concorrer \u00e0s elei\u00e7\u00f5es os associados filiados que estiverem em gozo com seus direitos sociais; ser maior de 16 (dezesseis) anos, ser morador ou propriet\u00e1rio de lote ou ter registro de s\u00f3cio amigo.<\/p>\n<p>Para maiores informa\u00e7\u00f5es e consulta do regulamento eleitoral, procurar a comiss\u00e3o eleitoral.<\/p>\n<p><strong>UB\u00c1, 03 DE JULHO DE 2019<\/strong><\/p>\n<p><strong>PRESIDENTE DA COMISS\u00c3O ELEITORAL<\/strong><\/p>\n<p><strong>Associa\u00e7\u00e3o dos Moradores e Amigos do Bairro Cristo Redentor&nbsp; <\/strong><\/p>\n","protected":false},"excerpt":{"rendered":"<p>ASSOCIA\u00c7\u00c3O DOS MORADORES E AMIGOS DO BAIRRO CRISTO REDENTOR Funda\u00e7\u00e3o:<\/p>\n","protected":false},"author":2,"featured_media":12526,"comment_status":"open","ping_status":"open","sticky":false,"template":"","format":"standard","meta":{"footnotes":""},"categories":[1],"tags":[],"class_list":["post-12525","post","type-post","status-publish","format-standard","has-post-thumbnail","hentry","category-sem-categoria"],"_links":{"self":[{"href":"https:\/\/ubanews.com\/site\/wp-json\/wp\/v2\/posts\/12525","targetHints":{"allow":["GET"]}}],"collection":[{"href":"https:\/\/ubanews.com\/site\/wp-json\/wp\/v2\/posts"}],"about":[{"href":"https:\/\/ubanews.com\/site\/wp-json\/wp\/v2\/types\/post"}],"author":[{"embeddable":true,"href":"https:\/\/ubanews.com\/site\/wp-json\/wp\/v2\/users\/2"}],"replies":[{"embeddable":true,"href":"https:\/\/ubanews.com\/site\/wp-json\/wp\/v2\/comments?post=12525"}],"version-history":[{"count":0,"href":"https:\/\/ubanews.com\/site\/wp-json\/wp\/v2\/posts\/12525\/revisions"}],"wp:featuredmedia":[{"embeddable":true,"href":"https:\/\/ubanews.com\/site\/wp-json\/wp\/v2\/media\/12526"}],"wp:attachment":[{"href":"https:\/\/ubanews.com\/site\/wp-json\/wp\/v2\/media?parent=12525"}],"wp:term":[{"taxonomy":"category","embeddable":true,"href":"https:\/\/ubanews.com\/site\/wp-json\/wp\/v2\/categories?post=12525"},{"taxonomy":"post_tag","embeddable":true,"href":"https:\/\/ubanews.com\/site\/wp-json\/wp\/v2\/tags?post=12525"}],"curies":[{"name":"wp","href":"https:\/\/api.w.org\/{rel}","templated":true}]}}