{"id":12392,"date":"2019-07-02T11:50:22","date_gmt":"2019-07-02T14:50:22","guid":{"rendered":"http:\/\/ubanews.com\/site\/?p=12392"},"modified":"2019-07-02T12:06:57","modified_gmt":"2019-07-02T15:06:57","slug":"frente-fria-causa-queda-de-temperatura-e-ha-possibilidade-de-chuva-na-festa-do-aniversario-de-uba","status":"publish","type":"post","link":"https:\/\/ubanews.com\/site\/2019\/07\/02\/frente-fria-causa-queda-de-temperatura-e-ha-possibilidade-de-chuva-na-festa-do-aniversario-de-uba\/","title":{"rendered":"Frente fria causa queda de temperatura e h\u00e1 possibilidade de chuva na festa do anivers\u00e1rio de Ub\u00e1"},"content":{"rendered":"<div class=\"row content-head non-featured \">\n<div class=\"title\">\n<p><img loading=\"lazy\" decoding=\"async\" class=\"alignnone\" title=\"Aumento na nebulosidade \u00e9 previsto para a regi\u00e3o da Zona da Mata \u2014 Foto: G1\" src=\"https:\/\/s2.glbimg.com\/TK7c-P6DRYyQAgAFqrYxxy4vGS4=\/0x0:1700x1065\/984x0\/smart\/filters:strip_icc()\/i.s3.glbimg.com\/v1\/AUTH_59edd422c0c84a879bd37670ae4f538a\/internal_photos\/bs\/2017\/1\/x\/yr6NAOSNOqf6i4ESLvZA\/nebulosidade-salvador.jpg\" alt=\"Aumento na nebulosidade \u00e9 previsto para a regi\u00e3o da Zona da Mata \u2014 Foto: G1\" width=\"819\" height=\"513\" data-src=\"https:\/\/s2.glbimg.com\/TK7c-P6DRYyQAgAFqrYxxy4vGS4=\/0x0:1700x1065\/984x0\/smart\/filters:strip_icc()\/i.s3.glbimg.com\/v1\/AUTH_59edd422c0c84a879bd37670ae4f538a\/internal_photos\/bs\/2017\/1\/x\/yr6NAOSNOqf6i4ESLvZA\/nebulosidade-salvador.jpg\"><\/p>\n<\/div>\n<\/div>\n<div class=\"mc-article-body\">\n<article>\n<div class=\"row medium-uncollapsed content-media content-photo\" data-block-type=\"backstage-photo\" data-block-id=\"0\">\n<div class=\"mc-column content-media__container\">\n<p class=\"content-media__description \"><span style=\"font-size: 1.0625rem;\">A temperatura deve esfriar ao longo da primeira semana de julho e chuvas podem ser registradas a partir de sexta-feira (5) na regi\u00e3o da Zona da Mata e Campo das Vertentes. A possibilidade \u00e9 de 90% de chance devido a uma frente fria que chega do sul do pa\u00eds.<\/span><\/p>\n<\/div>\n<\/div>\n<div class=\"wall protected-content\">\n<div class=\"mc-column content-text active-extra-styles \" data-block-type=\"unstyled\" data-block-weight=\"24\" data-block-id=\"3\">\n<p class=\"content-text__container \" data-track-category=\"Link no Texto\" data-track-links=\"\">De acordo com o Climatempo, \u00e9 prevista nebulosidade pelas manh\u00e3s. Dessa forma, a umidade aumenta chegando em 40% pela tarde e 80% pela manh\u00e3.<\/p>\n<\/div>\n<div class=\"mc-column content-text active-extra-styles \" data-block-type=\"unstyled\" data-block-weight=\"25\" data-block-id=\"4\">\n<p class=\"content-text__container \" data-track-category=\"Link no Texto\" data-track-links=\"\">As temperaturas m\u00ednimas durante a semana chegam aos 12\u00b0C e as m\u00e1ximas aos 22\u00b0C. Mas pode ser ainda menor com a chegada da frente fria.<\/p>\n<\/div>\n<div class=\"row medium-uncollapsed content-text\" data-block-type=\"table-plugin\" data-block-id=\"5\">\n<div class=\"column medium-centered medium-22 large-20\">\n<div class=\"show-table content-media content-media--normal\">\n<p class=\"mc-column show-table__title\"><span style=\"font-size: 1.0625rem;\">Fonte: Climatempo<\/span><\/p>\n<div class=\"show-table__centralized\">\n<div class=\"show-table__footer\">\n<div><span style=\"font-size: 1.0625rem;\">Por Matheus Adan, G1 Zona da Mata.<\/span><\/div>\n<\/div>\n<\/div>\n<\/div>\n<\/div>\n<\/div>\n<div class=\"mc-column content-text active-extra-styles \" data-block-type=\"unstyled\" data-block-weight=\"6\" data-block-id=\"6\">\n<p class=\"content-text__container \" data-track-category=\"Link no Texto\" data-track-links=\"\"><strong><a href=\"http:\/\/g1.globo.com\/previsao-do-tempo\/todas-as-cidades.html\" target=\"_blank\" rel=\"noopener\">Veja a temperatura na sua cidade.<\/a><\/strong><\/p>\n<\/div>\n<\/div>\n<\/article>\n<\/div>\n","protected":false},"excerpt":{"rendered":"<p>A temperatura deve esfriar ao longo da primeira semana de<\/p>\n","protected":false},"author":2,"featured_media":12393,"comment_status":"open","ping_status":"open","sticky":false,"template":"","format":"standard","meta":{"footnotes":""},"categories":[1],"tags":[],"class_list":["post-12392","post","type-post","status-publish","format-standard","has-post-thumbnail","hentry","category-sem-categoria"],"_links":{"self":[{"href":"https:\/\/ubanews.com\/site\/wp-json\/wp\/v2\/posts\/12392","targetHints":{"allow":["GET"]}}],"collection":[{"href":"https:\/\/ubanews.com\/site\/wp-json\/wp\/v2\/posts"}],"about":[{"href":"https:\/\/ubanews.com\/site\/wp-json\/wp\/v2\/types\/post"}],"author":[{"embeddable":true,"href":"https:\/\/ubanews.com\/site\/wp-json\/wp\/v2\/users\/2"}],"replies":[{"embeddable":true,"href":"https:\/\/ubanews.com\/site\/wp-json\/wp\/v2\/comments?post=12392"}],"version-history":[{"count":0,"href":"https:\/\/ubanews.com\/site\/wp-json\/wp\/v2\/posts\/12392\/revisions"}],"wp:featuredmedia":[{"embeddable":true,"href":"https:\/\/ubanews.com\/site\/wp-json\/wp\/v2\/media\/12393"}],"wp:attachment":[{"href":"https:\/\/ubanews.com\/site\/wp-json\/wp\/v2\/media?parent=12392"}],"wp:term":[{"taxonomy":"category","embeddable":true,"href":"https:\/\/ubanews.com\/site\/wp-json\/wp\/v2\/categories?post=12392"},{"taxonomy":"post_tag","embeddable":true,"href":"https:\/\/ubanews.com\/site\/wp-json\/wp\/v2\/tags?post=12392"}],"curies":[{"name":"wp","href":"https:\/\/api.w.org\/{rel}","templated":true}]}}