{"id":12390,"date":"2019-07-02T11:01:36","date_gmt":"2019-07-02T14:01:36","guid":{"rendered":"http:\/\/ubanews.com\/site\/?p=12390"},"modified":"2019-07-02T11:01:36","modified_gmt":"2019-07-02T14:01:36","slug":"vereadores-devem-aprovar-sem-restricoes-o-projeto-de-lei-que-cria-a-guarda-municipal","status":"publish","type":"post","link":"https:\/\/ubanews.com\/site\/2019\/07\/02\/vereadores-devem-aprovar-sem-restricoes-o-projeto-de-lei-que-cria-a-guarda-municipal\/","title":{"rendered":"VEREADORES DEVEM APROVAR SEM RESTRI\u00c7\u00d5ES O PROJETO DE LEI QUE CRIA A GUARDA MUNICIPAL"},"content":{"rendered":"<p>Esta foi esta a impress\u00e3o que os vereadores deixaram para os presentes ao final da reuni\u00e3o ordin\u00e1ria desta segunda-feira (01). O pedido de urg\u00eancia do Projeto de Lei para a cria\u00e7\u00e3o da Guarda Civil Municipal enviado \u00e0 C\u00e2mara pelo Poder Executivo n\u00e3o deve ter nenhuma dificuldade para ser aprovado. Pelo menos foi o que sentimos ao conversar com a maioria dos componentes do Poder Legislativo. Edeir Pacheco da Costa e o Pastor Darci Pires, por exemplo, que, \u00e0s vezes, s\u00e3o ferrenhos cr\u00edticos da administra\u00e7\u00e3o, desta feita rasgaram de elogios \u00e0s a\u00e7\u00f5es do prefeito e vice. A mudan\u00e7a de comportamento veio principalmente no que concerne a cria\u00e7\u00e3o da Guarda Civil Municipal. O clima festivo de anivers\u00e1rio da cidade tamb\u00e9m favoreceu na temperatura agrad\u00e1vel que pairou sobre os ares do Plen\u00e1rio Lincoln Rodrigues Costa.<\/p>\n<p>O Portal Ub\u00e1 News conversou com os dois vereadores citados na mat\u00e9ria.<\/p>\n<p><iframe loading=\"lazy\" src=\"https:\/\/www.youtube.com\/embed\/ODeRR5gaPRU\" width=\"560\" height=\"315\" frameborder=\"0\" allowfullscreen=\"allowfullscreen\"><\/iframe>&nbsp;<\/p>\n","protected":false},"excerpt":{"rendered":"<p>Esta foi esta a impress\u00e3o que os vereadores deixaram para<\/p>\n","protected":false},"author":2,"featured_media":12391,"comment_status":"open","ping_status":"open","sticky":false,"template":"","format":"standard","meta":{"footnotes":""},"categories":[16],"tags":[],"class_list":["post-12390","post","type-post","status-publish","format-standard","has-post-thumbnail","hentry","category-camara-municipal"],"_links":{"self":[{"href":"https:\/\/ubanews.com\/site\/wp-json\/wp\/v2\/posts\/12390","targetHints":{"allow":["GET"]}}],"collection":[{"href":"https:\/\/ubanews.com\/site\/wp-json\/wp\/v2\/posts"}],"about":[{"href":"https:\/\/ubanews.com\/site\/wp-json\/wp\/v2\/types\/post"}],"author":[{"embeddable":true,"href":"https:\/\/ubanews.com\/site\/wp-json\/wp\/v2\/users\/2"}],"replies":[{"embeddable":true,"href":"https:\/\/ubanews.com\/site\/wp-json\/wp\/v2\/comments?post=12390"}],"version-history":[{"count":0,"href":"https:\/\/ubanews.com\/site\/wp-json\/wp\/v2\/posts\/12390\/revisions"}],"wp:featuredmedia":[{"embeddable":true,"href":"https:\/\/ubanews.com\/site\/wp-json\/wp\/v2\/media\/12391"}],"wp:attachment":[{"href":"https:\/\/ubanews.com\/site\/wp-json\/wp\/v2\/media?parent=12390"}],"wp:term":[{"taxonomy":"category","embeddable":true,"href":"https:\/\/ubanews.com\/site\/wp-json\/wp\/v2\/categories?post=12390"},{"taxonomy":"post_tag","embeddable":true,"href":"https:\/\/ubanews.com\/site\/wp-json\/wp\/v2\/tags?post=12390"}],"curies":[{"name":"wp","href":"https:\/\/api.w.org\/{rel}","templated":true}]}}