{"id":12168,"date":"2019-06-17T10:36:59","date_gmt":"2019-06-17T13:36:59","guid":{"rendered":"http:\/\/ubanews.com\/site\/?p=12168"},"modified":"2019-06-17T10:44:24","modified_gmt":"2019-06-17T13:44:24","slug":"policia-militar-impede-roubo-em-residencia-atraves-de-denuncia-anonima","status":"publish","type":"post","link":"https:\/\/ubanews.com\/site\/2019\/06\/17\/policia-militar-impede-roubo-em-residencia-atraves-de-denuncia-anonima\/","title":{"rendered":"POL\u00cdCIA MILITAR IMPEDE ROUBO EM RESID\u00caNCIA ATRAV\u00c9S DE DEN\u00daNCIA AN\u00d4NIMA"},"content":{"rendered":"<p><a href=\"https:\/\/docs.google.com\/forms\/d\/14-gnGBZfSajC8zc6-h6rdnRkeN0rHTb4HDTW1g2GHe4\/viewform?vc=0&amp;c=0&amp;w=1&amp;edit_requested=true\" target=\"_blank\" rel=\"noopener\"><img loading=\"lazy\" decoding=\"async\" class=\"alignright wp-image-11857 size-medium\" src=\"https:\/\/ubanews.com\/site\/wp-content\/uploads\/2019\/05\/1-1-298x300.jpg\" alt=\"\" width=\"298\" height=\"300\" srcset=\"https:\/\/ubanews.com\/site\/wp-content\/uploads\/2019\/05\/1-1-298x300.jpg 298w, https:\/\/ubanews.com\/site\/wp-content\/uploads\/2019\/05\/1-1-150x150.jpg 150w, https:\/\/ubanews.com\/site\/wp-content\/uploads\/2019\/05\/1-1-768x773.jpg 768w, https:\/\/ubanews.com\/site\/wp-content\/uploads\/2019\/05\/1-1.jpg 994w\" sizes=\"auto, (max-width: 298px) 100vw, 298px\" \/><\/a>No dia 15 de junho, \u00e0s 00 hora e 30 minutos, \u00e0 Rua Belo Horizonte, a Pol\u00edcia Militar compareceu ao local do fato ap\u00f3s den\u00fancia an\u00f4nima informando que indiv\u00edduos estariam na resid\u00eancia praticando furto. No local foram localizados dois indiv\u00edduos no interior da casa, que foram presos, o material que estava sendo levado foi recuperado.<\/p>\n<div><span style=\"font-family: 'Arial','sans-serif';\"><span style=\"font-size: large;\"><b>ASSESSORIA DE COMUNICA\u00c7\u00c3O ORGANIZACIONAL<\/b><\/span><i><b><br \/>\n<\/b><\/i><\/span><\/div>\n<p><span style=\"font-family: 'Arial','sans-serif';\"><i>Vig\u00e9simo Primeiro Batalh\u00e3o de Pol\u00edcia Militar<\/i><\/span><\/p>\n","protected":false},"excerpt":{"rendered":"<p>No dia 15 de junho, \u00e0s 00 hora e 30<\/p>\n","protected":false},"author":2,"featured_media":12169,"comment_status":"open","ping_status":"open","sticky":false,"template":"","format":"standard","meta":{"footnotes":""},"categories":[13],"tags":[],"class_list":["post-12168","post","type-post","status-publish","format-standard","has-post-thumbnail","hentry","category-sintese-das-ocorrencias"],"_links":{"self":[{"href":"https:\/\/ubanews.com\/site\/wp-json\/wp\/v2\/posts\/12168","targetHints":{"allow":["GET"]}}],"collection":[{"href":"https:\/\/ubanews.com\/site\/wp-json\/wp\/v2\/posts"}],"about":[{"href":"https:\/\/ubanews.com\/site\/wp-json\/wp\/v2\/types\/post"}],"author":[{"embeddable":true,"href":"https:\/\/ubanews.com\/site\/wp-json\/wp\/v2\/users\/2"}],"replies":[{"embeddable":true,"href":"https:\/\/ubanews.com\/site\/wp-json\/wp\/v2\/comments?post=12168"}],"version-history":[{"count":0,"href":"https:\/\/ubanews.com\/site\/wp-json\/wp\/v2\/posts\/12168\/revisions"}],"wp:featuredmedia":[{"embeddable":true,"href":"https:\/\/ubanews.com\/site\/wp-json\/wp\/v2\/media\/12169"}],"wp:attachment":[{"href":"https:\/\/ubanews.com\/site\/wp-json\/wp\/v2\/media?parent=12168"}],"wp:term":[{"taxonomy":"category","embeddable":true,"href":"https:\/\/ubanews.com\/site\/wp-json\/wp\/v2\/categories?post=12168"},{"taxonomy":"post_tag","embeddable":true,"href":"https:\/\/ubanews.com\/site\/wp-json\/wp\/v2\/tags?post=12168"}],"curies":[{"name":"wp","href":"https:\/\/api.w.org\/{rel}","templated":true}]}}