{"id":1213,"date":"2018-03-23T12:47:05","date_gmt":"2018-03-23T15:47:05","guid":{"rendered":"http:\/\/ubanews.com\/site\/?p=1213"},"modified":"2018-03-27T23:28:42","modified_gmt":"2018-03-28T02:28:42","slug":"prefeitura-promove-evento-para-celebrar-o-dia-mundial-da-agua","status":"publish","type":"post","link":"https:\/\/ubanews.com\/site\/2018\/03\/23\/prefeitura-promove-evento-para-celebrar-o-dia-mundial-da-agua\/","title":{"rendered":"Prefeitura promove evento para celebrar o dia mundial da \u00e1gua"},"content":{"rendered":"<p><img decoding=\"async\" class=\"alignnone size-full wp-image-1218 lazyload\" data-src=\"https:\/\/ubanews.com\/site\/wp-content\/uploads\/2018\/03\/DSC8365-c\u00f3pia.jpg\" alt=\"\" width=\"3661\" height=\"2126\" data-srcset=\"https:\/\/ubanews.com\/site\/wp-content\/uploads\/2018\/03\/DSC8365-c\u00f3pia.jpg 3661w, https:\/\/ubanews.com\/site\/wp-content\/uploads\/2018\/03\/DSC8365-c\u00f3pia-300x174.jpg 300w, https:\/\/ubanews.com\/site\/wp-content\/uploads\/2018\/03\/DSC8365-c\u00f3pia-768x446.jpg 768w, https:\/\/ubanews.com\/site\/wp-content\/uploads\/2018\/03\/DSC8365-c\u00f3pia-1024x595.jpg 1024w\" data-sizes=\"(max-width: 3661px) 100vw, 3661px\" src=\"data:image\/svg+xml;base64,PHN2ZyB3aWR0aD0iMSIgaGVpZ2h0PSIxIiB4bWxucz0iaHR0cDovL3d3dy53My5vcmcvMjAwMC9zdmciPjwvc3ZnPg==\" style=\"--smush-placeholder-width: 3661px; --smush-placeholder-aspect-ratio: 3661\/2126;\" \/> <img decoding=\"async\" class=\"alignnone size-full wp-image-1217 lazyload\" data-src=\"https:\/\/ubanews.com\/site\/wp-content\/uploads\/2018\/03\/DSC8357-c\u00f3pia.jpg\" alt=\"\" width=\"3661\" height=\"2126\" data-srcset=\"https:\/\/ubanews.com\/site\/wp-content\/uploads\/2018\/03\/DSC8357-c\u00f3pia.jpg 3661w, https:\/\/ubanews.com\/site\/wp-content\/uploads\/2018\/03\/DSC8357-c\u00f3pia-300x174.jpg 300w, https:\/\/ubanews.com\/site\/wp-content\/uploads\/2018\/03\/DSC8357-c\u00f3pia-768x446.jpg 768w, https:\/\/ubanews.com\/site\/wp-content\/uploads\/2018\/03\/DSC8357-c\u00f3pia-1024x595.jpg 1024w\" data-sizes=\"(max-width: 3661px) 100vw, 3661px\" src=\"data:image\/svg+xml;base64,PHN2ZyB3aWR0aD0iMSIgaGVpZ2h0PSIxIiB4bWxucz0iaHR0cDovL3d3dy53My5vcmcvMjAwMC9zdmciPjwvc3ZnPg==\" style=\"--smush-placeholder-width: 3661px; --smush-placeholder-aspect-ratio: 3661\/2126;\" \/> <img decoding=\"async\" class=\"alignnone size-full wp-image-1216 lazyload\" data-src=\"https:\/\/ubanews.com\/site\/wp-content\/uploads\/2018\/03\/DSC8350-c\u00f3pia.jpg\" alt=\"\" width=\"3661\" height=\"2126\" data-srcset=\"https:\/\/ubanews.com\/site\/wp-content\/uploads\/2018\/03\/DSC8350-c\u00f3pia.jpg 3661w, https:\/\/ubanews.com\/site\/wp-content\/uploads\/2018\/03\/DSC8350-c\u00f3pia-300x174.jpg 300w, https:\/\/ubanews.com\/site\/wp-content\/uploads\/2018\/03\/DSC8350-c\u00f3pia-768x446.jpg 768w, https:\/\/ubanews.com\/site\/wp-content\/uploads\/2018\/03\/DSC8350-c\u00f3pia-1024x595.jpg 1024w\" data-sizes=\"(max-width: 3661px) 100vw, 3661px\" src=\"data:image\/svg+xml;base64,PHN2ZyB3aWR0aD0iMSIgaGVpZ2h0PSIxIiB4bWxucz0iaHR0cDovL3d3dy53My5vcmcvMjAwMC9zdmciPjwvc3ZnPg==\" style=\"--smush-placeholder-width: 3661px; --smush-placeholder-aspect-ratio: 3661\/2126;\" \/> <img decoding=\"async\" class=\"alignnone size-full wp-image-1214 lazyload\" data-src=\"https:\/\/ubanews.com\/site\/wp-content\/uploads\/2018\/03\/DSC8338-c\u00f3pia.jpg\" alt=\"\" width=\"3661\" height=\"2126\" data-srcset=\"https:\/\/ubanews.com\/site\/wp-content\/uploads\/2018\/03\/DSC8338-c\u00f3pia.jpg 3661w, https:\/\/ubanews.com\/site\/wp-content\/uploads\/2018\/03\/DSC8338-c\u00f3pia-300x174.jpg 300w, https:\/\/ubanews.com\/site\/wp-content\/uploads\/2018\/03\/DSC8338-c\u00f3pia-768x446.jpg 768w, https:\/\/ubanews.com\/site\/wp-content\/uploads\/2018\/03\/DSC8338-c\u00f3pia-1024x595.jpg 1024w\" data-sizes=\"(max-width: 3661px) 100vw, 3661px\" src=\"data:image\/svg+xml;base64,PHN2ZyB3aWR0aD0iMSIgaGVpZ2h0PSIxIiB4bWxucz0iaHR0cDovL3d3dy53My5vcmcvMjAwMC9zdmciPjwvc3ZnPg==\" style=\"--smush-placeholder-width: 3661px; --smush-placeholder-aspect-ratio: 3661\/2126;\" \/><\/p>\n<p>A Prefeitura Municipal de Ub\u00e1 promoveu nessa quinta-feira (22), no F\u00f3rum Cultural, Pra\u00e7a S\u00e3o Janu\u00e1rio, no Espa\u00e7o Teatro Chiquinha Dias Paes, \u00e0s 19h, um encontro com alguns segmentos da sociedade para comemorar o Dia Mundial da \u00c1gua.<\/p>\n<p>Na abertura do evento, o prefeito Edson Teixeira Filho, depois de dar boas-vindas aos presentes, destacou o desequil\u00edbrio com o qual n\u00f3s vivemos: \u201cuma hora temos o excesso e em outro momento a falta; \u00e9 assim que temos convivo nos \u00faltimos anos com a quest\u00e3o da \u00e1gua; e n\u00e3o apenas em nossa cidade, esse \u00e9 problema mundial&#8230;\u201d. Dr. Edson ainda falou das a\u00e7\u00f5es de sua administra\u00e7\u00e3o no que concerne a esse tema.<\/p>\n<p>Depois da fala do prefeito, a plateia assistiu um document\u00e1rio intitulado Projeto Plantadores de \u00c1gua que surgiu depois de uma proposta do Sindicato dos Trabalhadores (as) Rurais de Alegre (SITRUA) (ES). Na sequ\u00eancia, os presentes acompanharam uma breve palestra com o Engenheiro Agr\u00edcola Ant\u00f4nio Gon\u00e7alves do Amaral. Amaral ocupa hoje na prefeitura a fun\u00e7\u00e3o de Gerente da Divis\u00e3o de Agricultura e Meio Ambiente.<\/p>\n<div style=\"position: relative; height: 0; padding-bottom: 56.25%;\"><iframe style=\"position: absolute; width: 100%; height: 100%; left: 0;\" data-src=\"https:\/\/www.youtube.com\/embed\/RK82mZLUH7s?ecver=2\" width=\"640\" height=\"360\" frameborder=\"0\" allowfullscreen=\"allowfullscreen\" src=\"data:image\/svg+xml;base64,PHN2ZyB3aWR0aD0iMSIgaGVpZ2h0PSIxIiB4bWxucz0iaHR0cDovL3d3dy53My5vcmcvMjAwMC9zdmciPjwvc3ZnPg==\" class=\"lazyload\" data-load-mode=\"1\"><\/iframe><\/div>\n","protected":false},"excerpt":{"rendered":"<p>A Prefeitura Municipal de Ub\u00e1 promoveu nessa quinta-feira (22), no<\/p>\n","protected":false},"author":2,"featured_media":1215,"comment_status":"open","ping_status":"open","sticky":false,"template":"","format":"standard","meta":{"footnotes":""},"categories":[1],"tags":[],"class_list":["post-1213","post","type-post","status-publish","format-standard","has-post-thumbnail","hentry","category-sem-categoria"],"yoast_head":"<!-- This site is optimized with the Yoast SEO plugin v27.2 - https:\/\/yoast.com\/product\/yoast-seo-wordpress\/ -->\n<title>Prefeitura promove evento para celebrar o dia mundial da \u00e1gua - Ub\u00e1 News<\/title>\n<meta name=\"robots\" content=\"index, follow, max-snippet:-1, max-image-preview:large, max-video-preview:-1\" \/>\n<link rel=\"canonical\" href=\"https:\/\/ubanews.com\/site\/2018\/03\/23\/prefeitura-promove-evento-para-celebrar-o-dia-mundial-da-agua\/\" \/>\n<meta property=\"og:locale\" content=\"pt_BR\" \/>\n<meta property=\"og:type\" content=\"article\" \/>\n<meta property=\"og:title\" content=\"Prefeitura promove evento para celebrar o dia mundial da \u00e1gua - Ub\u00e1 News\" \/>\n<meta property=\"og:description\" content=\"A Prefeitura Municipal de Ub\u00e1 promoveu nessa quinta-feira (22), no\" \/>\n<meta property=\"og:url\" content=\"https:\/\/ubanews.com\/site\/2018\/03\/23\/prefeitura-promove-evento-para-celebrar-o-dia-mundial-da-agua\/\" \/>\n<meta property=\"og:site_name\" content=\"Ub\u00e1 News\" \/>\n<meta property=\"article:publisher\" content=\"https:\/\/www.facebook.com\/Ub%c3%a1News-Carlos-Roberto-Sodr%c3%a9-418778301977370\" \/>\n<meta property=\"article:author\" content=\"https:\/\/www.facebook.com\/carosroberto.sodre.5\/\" \/>\n<meta property=\"article:published_time\" content=\"2018-03-23T15:47:05+00:00\" \/>\n<meta property=\"article:modified_time\" content=\"2018-03-28T02:28:42+00:00\" \/>\n<meta property=\"og:image\" content=\"https:\/\/ubanews.com\/site\/wp-content\/uploads\/2018\/03\/DSC8346-c\u00f3pia.jpg\" \/>\n\t<meta property=\"og:image:width\" content=\"3661\" \/>\n\t<meta property=\"og:image:height\" content=\"2126\" \/>\n\t<meta property=\"og:image:type\" content=\"image\/jpeg\" \/>\n<meta name=\"author\" content=\"Sodr\u00e9\" \/>\n<meta name=\"twitter:card\" content=\"summary_large_image\" \/>\n<meta name=\"twitter:label1\" content=\"Escrito por\" \/>\n\t<meta name=\"twitter:data1\" content=\"Sodr\u00e9\" \/>\n\t<meta name=\"twitter:label2\" content=\"Est. tempo de leitura\" \/>\n\t<meta name=\"twitter:data2\" content=\"1 minuto\" \/>\n<script type=\"application\/ld+json\" class=\"yoast-schema-graph\">{\"@context\":\"https:\/\/schema.org\",\"@graph\":[{\"@type\":\"Article\",\"@id\":\"https:\/\/ubanews.com\/site\/2018\/03\/23\/prefeitura-promove-evento-para-celebrar-o-dia-mundial-da-agua\/#article\",\"isPartOf\":{\"@id\":\"https:\/\/ubanews.com\/site\/2018\/03\/23\/prefeitura-promove-evento-para-celebrar-o-dia-mundial-da-agua\/\"},\"author\":{\"name\":\"Sodr\u00e9\",\"@id\":\"https:\/\/ubanews.com\/site\/#\/schema\/person\/d90c9e47252fbb63dcc969fe4c8b9d10\"},\"headline\":\"Prefeitura promove evento para celebrar o dia mundial da \u00e1gua\",\"datePublished\":\"2018-03-23T15:47:05+00:00\",\"dateModified\":\"2018-03-28T02:28:42+00:00\",\"mainEntityOfPage\":{\"@id\":\"https:\/\/ubanews.com\/site\/2018\/03\/23\/prefeitura-promove-evento-para-celebrar-o-dia-mundial-da-agua\/\"},\"wordCount\":197,\"commentCount\":0,\"publisher\":{\"@id\":\"https:\/\/ubanews.com\/site\/#organization\"},\"image\":{\"@id\":\"https:\/\/ubanews.com\/site\/2018\/03\/23\/prefeitura-promove-evento-para-celebrar-o-dia-mundial-da-agua\/#primaryimage\"},\"thumbnailUrl\":\"https:\/\/ubanews.com\/site\/wp-content\/uploads\/2018\/03\/DSC8346-c\u00f3pia.jpg\",\"articleSection\":[\"Geral\"],\"inLanguage\":\"pt-BR\",\"potentialAction\":[{\"@type\":\"CommentAction\",\"name\":\"Comment\",\"target\":[\"https:\/\/ubanews.com\/site\/2018\/03\/23\/prefeitura-promove-evento-para-celebrar-o-dia-mundial-da-agua\/#respond\"]}]},{\"@type\":\"WebPage\",\"@id\":\"https:\/\/ubanews.com\/site\/2018\/03\/23\/prefeitura-promove-evento-para-celebrar-o-dia-mundial-da-agua\/\",\"url\":\"https:\/\/ubanews.com\/site\/2018\/03\/23\/prefeitura-promove-evento-para-celebrar-o-dia-mundial-da-agua\/\",\"name\":\"Prefeitura promove evento para celebrar o dia mundial da \u00e1gua - Ub\u00e1 News\",\"isPartOf\":{\"@id\":\"https:\/\/ubanews.com\/site\/#website\"},\"primaryImageOfPage\":{\"@id\":\"https:\/\/ubanews.com\/site\/2018\/03\/23\/prefeitura-promove-evento-para-celebrar-o-dia-mundial-da-agua\/#primaryimage\"},\"image\":{\"@id\":\"https:\/\/ubanews.com\/site\/2018\/03\/23\/prefeitura-promove-evento-para-celebrar-o-dia-mundial-da-agua\/#primaryimage\"},\"thumbnailUrl\":\"https:\/\/ubanews.com\/site\/wp-content\/uploads\/2018\/03\/DSC8346-c\u00f3pia.jpg\",\"datePublished\":\"2018-03-23T15:47:05+00:00\",\"dateModified\":\"2018-03-28T02:28:42+00:00\",\"breadcrumb\":{\"@id\":\"https:\/\/ubanews.com\/site\/2018\/03\/23\/prefeitura-promove-evento-para-celebrar-o-dia-mundial-da-agua\/#breadcrumb\"},\"inLanguage\":\"pt-BR\",\"potentialAction\":[{\"@type\":\"ReadAction\",\"target\":[\"https:\/\/ubanews.com\/site\/2018\/03\/23\/prefeitura-promove-evento-para-celebrar-o-dia-mundial-da-agua\/\"]}]},{\"@type\":\"ImageObject\",\"inLanguage\":\"pt-BR\",\"@id\":\"https:\/\/ubanews.com\/site\/2018\/03\/23\/prefeitura-promove-evento-para-celebrar-o-dia-mundial-da-agua\/#primaryimage\",\"url\":\"https:\/\/ubanews.com\/site\/wp-content\/uploads\/2018\/03\/DSC8346-c\u00f3pia.jpg\",\"contentUrl\":\"https:\/\/ubanews.com\/site\/wp-content\/uploads\/2018\/03\/DSC8346-c\u00f3pia.jpg\",\"width\":3661,\"height\":2126},{\"@type\":\"BreadcrumbList\",\"@id\":\"https:\/\/ubanews.com\/site\/2018\/03\/23\/prefeitura-promove-evento-para-celebrar-o-dia-mundial-da-agua\/#breadcrumb\",\"itemListElement\":[{\"@type\":\"ListItem\",\"position\":1,\"name\":\"Home\",\"item\":\"https:\/\/ubanews.com\/site\/\"},{\"@type\":\"ListItem\",\"position\":2,\"name\":\"Prefeitura promove evento para celebrar o dia mundial da \u00e1gua\"}]},{\"@type\":\"WebSite\",\"@id\":\"https:\/\/ubanews.com\/site\/#website\",\"url\":\"https:\/\/ubanews.com\/site\/\",\"name\":\"Ub\u00e1 News\",\"description\":\"\",\"publisher\":{\"@id\":\"https:\/\/ubanews.com\/site\/#organization\"},\"potentialAction\":[{\"@type\":\"SearchAction\",\"target\":{\"@type\":\"EntryPoint\",\"urlTemplate\":\"https:\/\/ubanews.com\/site\/?s={search_term_string}\"},\"query-input\":{\"@type\":\"PropertyValueSpecification\",\"valueRequired\":true,\"valueName\":\"search_term_string\"}}],\"inLanguage\":\"pt-BR\"},{\"@type\":\"Organization\",\"@id\":\"https:\/\/ubanews.com\/site\/#organization\",\"name\":\"Ub\u00e1 News\",\"url\":\"https:\/\/ubanews.com\/site\/\",\"logo\":{\"@type\":\"ImageObject\",\"inLanguage\":\"pt-BR\",\"@id\":\"https:\/\/ubanews.com\/site\/#\/schema\/logo\/image\/\",\"url\":\"https:\/\/ubanews.com\/site\/wp-content\/uploads\/2018\/01\/logoubanews.png\",\"contentUrl\":\"https:\/\/ubanews.com\/site\/wp-content\/uploads\/2018\/01\/logoubanews.png\",\"width\":261,\"height\":99,\"caption\":\"Ub\u00e1 News\"},\"image\":{\"@id\":\"https:\/\/ubanews.com\/site\/#\/schema\/logo\/image\/\"},\"sameAs\":[\"https:\/\/www.facebook.com\/Ub\u00e1News-Carlos-Roberto-Sodr\u00e9-418778301977370\"]},{\"@type\":\"Person\",\"@id\":\"https:\/\/ubanews.com\/site\/#\/schema\/person\/d90c9e47252fbb63dcc969fe4c8b9d10\",\"name\":\"Sodr\u00e9\",\"image\":{\"@type\":\"ImageObject\",\"inLanguage\":\"pt-BR\",\"@id\":\"https:\/\/secure.gravatar.com\/avatar\/5ba2793f0590b9dbfad3fdec4ee714485b3eef211c9b32ee53d414060454a56c?s=96&d=mm&r=g\",\"url\":\"https:\/\/secure.gravatar.com\/avatar\/5ba2793f0590b9dbfad3fdec4ee714485b3eef211c9b32ee53d414060454a56c?s=96&d=mm&r=g\",\"contentUrl\":\"https:\/\/secure.gravatar.com\/avatar\/5ba2793f0590b9dbfad3fdec4ee714485b3eef211c9b32ee53d414060454a56c?s=96&d=mm&r=g\",\"caption\":\"Sodr\u00e9\"},\"sameAs\":[\"https:\/\/www.facebook.com\/carosroberto.sodre.5\/\"],\"url\":\"https:\/\/ubanews.com\/site\/author\/felipe\/\"}]}<\/script>\n<!-- \/ Yoast SEO plugin. -->","yoast_head_json":{"title":"Prefeitura promove evento para celebrar o dia mundial da \u00e1gua - Ub\u00e1 News","robots":{"index":"index","follow":"follow","max-snippet":"max-snippet:-1","max-image-preview":"max-image-preview:large","max-video-preview":"max-video-preview:-1"},"canonical":"https:\/\/ubanews.com\/site\/2018\/03\/23\/prefeitura-promove-evento-para-celebrar-o-dia-mundial-da-agua\/","og_locale":"pt_BR","og_type":"article","og_title":"Prefeitura promove evento para celebrar o dia mundial da \u00e1gua - Ub\u00e1 News","og_description":"A Prefeitura Municipal de Ub\u00e1 promoveu nessa quinta-feira (22), no","og_url":"https:\/\/ubanews.com\/site\/2018\/03\/23\/prefeitura-promove-evento-para-celebrar-o-dia-mundial-da-agua\/","og_site_name":"Ub\u00e1 News","article_publisher":"https:\/\/www.facebook.com\/Ub%c3%a1News-Carlos-Roberto-Sodr%c3%a9-418778301977370","article_author":"https:\/\/www.facebook.com\/carosroberto.sodre.5\/","article_published_time":"2018-03-23T15:47:05+00:00","article_modified_time":"2018-03-28T02:28:42+00:00","og_image":[{"width":3661,"height":2126,"url":"https:\/\/ubanews.com\/site\/wp-content\/uploads\/2018\/03\/DSC8346-c\u00f3pia.jpg","type":"image\/jpeg"}],"author":"Sodr\u00e9","twitter_card":"summary_large_image","twitter_misc":{"Escrito por":"Sodr\u00e9","Est. tempo de leitura":"1 minuto"},"schema":{"@context":"https:\/\/schema.org","@graph":[{"@type":"Article","@id":"https:\/\/ubanews.com\/site\/2018\/03\/23\/prefeitura-promove-evento-para-celebrar-o-dia-mundial-da-agua\/#article","isPartOf":{"@id":"https:\/\/ubanews.com\/site\/2018\/03\/23\/prefeitura-promove-evento-para-celebrar-o-dia-mundial-da-agua\/"},"author":{"name":"Sodr\u00e9","@id":"https:\/\/ubanews.com\/site\/#\/schema\/person\/d90c9e47252fbb63dcc969fe4c8b9d10"},"headline":"Prefeitura promove evento para celebrar o dia mundial da \u00e1gua","datePublished":"2018-03-23T15:47:05+00:00","dateModified":"2018-03-28T02:28:42+00:00","mainEntityOfPage":{"@id":"https:\/\/ubanews.com\/site\/2018\/03\/23\/prefeitura-promove-evento-para-celebrar-o-dia-mundial-da-agua\/"},"wordCount":197,"commentCount":0,"publisher":{"@id":"https:\/\/ubanews.com\/site\/#organization"},"image":{"@id":"https:\/\/ubanews.com\/site\/2018\/03\/23\/prefeitura-promove-evento-para-celebrar-o-dia-mundial-da-agua\/#primaryimage"},"thumbnailUrl":"https:\/\/ubanews.com\/site\/wp-content\/uploads\/2018\/03\/DSC8346-c\u00f3pia.jpg","articleSection":["Geral"],"inLanguage":"pt-BR","potentialAction":[{"@type":"CommentAction","name":"Comment","target":["https:\/\/ubanews.com\/site\/2018\/03\/23\/prefeitura-promove-evento-para-celebrar-o-dia-mundial-da-agua\/#respond"]}]},{"@type":"WebPage","@id":"https:\/\/ubanews.com\/site\/2018\/03\/23\/prefeitura-promove-evento-para-celebrar-o-dia-mundial-da-agua\/","url":"https:\/\/ubanews.com\/site\/2018\/03\/23\/prefeitura-promove-evento-para-celebrar-o-dia-mundial-da-agua\/","name":"Prefeitura promove evento para celebrar o dia mundial da \u00e1gua - Ub\u00e1 News","isPartOf":{"@id":"https:\/\/ubanews.com\/site\/#website"},"primaryImageOfPage":{"@id":"https:\/\/ubanews.com\/site\/2018\/03\/23\/prefeitura-promove-evento-para-celebrar-o-dia-mundial-da-agua\/#primaryimage"},"image":{"@id":"https:\/\/ubanews.com\/site\/2018\/03\/23\/prefeitura-promove-evento-para-celebrar-o-dia-mundial-da-agua\/#primaryimage"},"thumbnailUrl":"https:\/\/ubanews.com\/site\/wp-content\/uploads\/2018\/03\/DSC8346-c\u00f3pia.jpg","datePublished":"2018-03-23T15:47:05+00:00","dateModified":"2018-03-28T02:28:42+00:00","breadcrumb":{"@id":"https:\/\/ubanews.com\/site\/2018\/03\/23\/prefeitura-promove-evento-para-celebrar-o-dia-mundial-da-agua\/#breadcrumb"},"inLanguage":"pt-BR","potentialAction":[{"@type":"ReadAction","target":["https:\/\/ubanews.com\/site\/2018\/03\/23\/prefeitura-promove-evento-para-celebrar-o-dia-mundial-da-agua\/"]}]},{"@type":"ImageObject","inLanguage":"pt-BR","@id":"https:\/\/ubanews.com\/site\/2018\/03\/23\/prefeitura-promove-evento-para-celebrar-o-dia-mundial-da-agua\/#primaryimage","url":"https:\/\/ubanews.com\/site\/wp-content\/uploads\/2018\/03\/DSC8346-c\u00f3pia.jpg","contentUrl":"https:\/\/ubanews.com\/site\/wp-content\/uploads\/2018\/03\/DSC8346-c\u00f3pia.jpg","width":3661,"height":2126},{"@type":"BreadcrumbList","@id":"https:\/\/ubanews.com\/site\/2018\/03\/23\/prefeitura-promove-evento-para-celebrar-o-dia-mundial-da-agua\/#breadcrumb","itemListElement":[{"@type":"ListItem","position":1,"name":"Home","item":"https:\/\/ubanews.com\/site\/"},{"@type":"ListItem","position":2,"name":"Prefeitura promove evento para celebrar o dia mundial da \u00e1gua"}]},{"@type":"WebSite","@id":"https:\/\/ubanews.com\/site\/#website","url":"https:\/\/ubanews.com\/site\/","name":"Ub\u00e1 News","description":"","publisher":{"@id":"https:\/\/ubanews.com\/site\/#organization"},"potentialAction":[{"@type":"SearchAction","target":{"@type":"EntryPoint","urlTemplate":"https:\/\/ubanews.com\/site\/?s={search_term_string}"},"query-input":{"@type":"PropertyValueSpecification","valueRequired":true,"valueName":"search_term_string"}}],"inLanguage":"pt-BR"},{"@type":"Organization","@id":"https:\/\/ubanews.com\/site\/#organization","name":"Ub\u00e1 News","url":"https:\/\/ubanews.com\/site\/","logo":{"@type":"ImageObject","inLanguage":"pt-BR","@id":"https:\/\/ubanews.com\/site\/#\/schema\/logo\/image\/","url":"https:\/\/ubanews.com\/site\/wp-content\/uploads\/2018\/01\/logoubanews.png","contentUrl":"https:\/\/ubanews.com\/site\/wp-content\/uploads\/2018\/01\/logoubanews.png","width":261,"height":99,"caption":"Ub\u00e1 News"},"image":{"@id":"https:\/\/ubanews.com\/site\/#\/schema\/logo\/image\/"},"sameAs":["https:\/\/www.facebook.com\/Ub\u00e1News-Carlos-Roberto-Sodr\u00e9-418778301977370"]},{"@type":"Person","@id":"https:\/\/ubanews.com\/site\/#\/schema\/person\/d90c9e47252fbb63dcc969fe4c8b9d10","name":"Sodr\u00e9","image":{"@type":"ImageObject","inLanguage":"pt-BR","@id":"https:\/\/secure.gravatar.com\/avatar\/5ba2793f0590b9dbfad3fdec4ee714485b3eef211c9b32ee53d414060454a56c?s=96&d=mm&r=g","url":"https:\/\/secure.gravatar.com\/avatar\/5ba2793f0590b9dbfad3fdec4ee714485b3eef211c9b32ee53d414060454a56c?s=96&d=mm&r=g","contentUrl":"https:\/\/secure.gravatar.com\/avatar\/5ba2793f0590b9dbfad3fdec4ee714485b3eef211c9b32ee53d414060454a56c?s=96&d=mm&r=g","caption":"Sodr\u00e9"},"sameAs":["https:\/\/www.facebook.com\/carosroberto.sodre.5\/"],"url":"https:\/\/ubanews.com\/site\/author\/felipe\/"}]}},"_links":{"self":[{"href":"https:\/\/ubanews.com\/site\/wp-json\/wp\/v2\/posts\/1213","targetHints":{"allow":["GET"]}}],"collection":[{"href":"https:\/\/ubanews.com\/site\/wp-json\/wp\/v2\/posts"}],"about":[{"href":"https:\/\/ubanews.com\/site\/wp-json\/wp\/v2\/types\/post"}],"author":[{"embeddable":true,"href":"https:\/\/ubanews.com\/site\/wp-json\/wp\/v2\/users\/2"}],"replies":[{"embeddable":true,"href":"https:\/\/ubanews.com\/site\/wp-json\/wp\/v2\/comments?post=1213"}],"version-history":[{"count":0,"href":"https:\/\/ubanews.com\/site\/wp-json\/wp\/v2\/posts\/1213\/revisions"}],"wp:featuredmedia":[{"embeddable":true,"href":"https:\/\/ubanews.com\/site\/wp-json\/wp\/v2\/media\/1215"}],"wp:attachment":[{"href":"https:\/\/ubanews.com\/site\/wp-json\/wp\/v2\/media?parent=1213"}],"wp:term":[{"taxonomy":"category","embeddable":true,"href":"https:\/\/ubanews.com\/site\/wp-json\/wp\/v2\/categories?post=1213"},{"taxonomy":"post_tag","embeddable":true,"href":"https:\/\/ubanews.com\/site\/wp-json\/wp\/v2\/tags?post=1213"}],"curies":[{"name":"wp","href":"https:\/\/api.w.org\/{rel}","templated":true}]}}