{"id":12129,"date":"2019-06-11T17:56:57","date_gmt":"2019-06-11T20:56:57","guid":{"rendered":"http:\/\/ubanews.com\/site\/?p=12129"},"modified":"2019-06-11T18:10:21","modified_gmt":"2019-06-11T21:10:21","slug":"corpo-de-bombeiros-militar-de-uba-tem-nova-viatura-de-combate-a-incendio","status":"publish","type":"post","link":"https:\/\/ubanews.com\/site\/2019\/06\/11\/corpo-de-bombeiros-militar-de-uba-tem-nova-viatura-de-combate-a-incendio\/","title":{"rendered":"Corpo de Bombeiros Militar de Ub\u00e1 tem nova viatura de combate a inc\u00eandio"},"content":{"rendered":"<p><a href=\"https:\/\/docs.google.com\/forms\/d\/14-gnGBZfSajC8zc6-h6rdnRkeN0rHTb4HDTW1g2GHe4\/viewform?vc=0&amp;c=0&amp;w=1&amp;edit_requested=true\" target=\"_blank\" rel=\"noopener\"><img loading=\"lazy\" decoding=\"async\" class=\"alignright wp-image-11857 size-medium\" src=\"https:\/\/ubanews.com\/site\/wp-content\/uploads\/2019\/05\/1-1-298x300.jpg\" alt=\"\" width=\"298\" height=\"300\" srcset=\"https:\/\/ubanews.com\/site\/wp-content\/uploads\/2019\/05\/1-1-298x300.jpg 298w, https:\/\/ubanews.com\/site\/wp-content\/uploads\/2019\/05\/1-1-150x150.jpg 150w, https:\/\/ubanews.com\/site\/wp-content\/uploads\/2019\/05\/1-1-768x773.jpg 768w, https:\/\/ubanews.com\/site\/wp-content\/uploads\/2019\/05\/1-1.jpg 994w\" sizes=\"auto, (max-width: 298px) 100vw, 298px\" \/><\/a>A 2\u00aa Cia BM\/4\u00ba BBM (Ub\u00e1) recebeu no dia 10\/06 (segunda-feira) um novo caminh\u00e3o de combate a inc\u00eandio: uma Auto Bomba Tanque Salvamento (ABTS). Esta nova viatura possui um tanque de 4500 litros de \u00e1gua e um corpo de bomba para combate a inc\u00eandio com capacidade de vaz\u00e3o de at\u00e9 750 gal\u00f5es por minuto. Al\u00e9m disso, a viatura ainda possui diversos compartimentos que a habilitam ao atendimento simult\u00e2neo de ocorr\u00eancias de inc\u00eandio e de salvamentos como desencarceramento de v\u00edtimas de acidentes automobil\u00edsticos, salvamentos em altura, terrestre e aqu\u00e1tico.<br \/>\nA viatura tamb\u00e9m possui c\u00e2mbio autom\u00e1tico, 280 cavalos de pot\u00eancia e instrumentos tecnol\u00f3gicos avan\u00e7ados.<\/p>\n<p><a href=\"https:\/\/ubanews.com\/site\/wp-content\/uploads\/2019\/06\/WhatsApp-Image-2019-06-11-at-17.49.08.jpeg\"><img loading=\"lazy\" decoding=\"async\" class=\"wp-image-12130 size-large aligncenter\" src=\"https:\/\/ubanews.com\/site\/wp-content\/uploads\/2019\/06\/WhatsApp-Image-2019-06-11-at-17.49.08-1024x768.jpeg\" alt=\"\" width=\"840\" height=\"630\" srcset=\"https:\/\/ubanews.com\/site\/wp-content\/uploads\/2019\/06\/WhatsApp-Image-2019-06-11-at-17.49.08.jpeg 1024w, https:\/\/ubanews.com\/site\/wp-content\/uploads\/2019\/06\/WhatsApp-Image-2019-06-11-at-17.49.08-300x225.jpeg 300w, https:\/\/ubanews.com\/site\/wp-content\/uploads\/2019\/06\/WhatsApp-Image-2019-06-11-at-17.49.08-768x576.jpeg 768w\" sizes=\"auto, (max-width: 840px) 100vw, 840px\" \/><\/a><br \/>\nDesta forma, a 2\u00aa Cia BM conta com dois caminh\u00f5es para combate a inc\u00eandio, melhorando sua capacidade de resposta aos inc\u00eandios urbanos, principalmente, nas ind\u00fastrias moveleiras.<br \/>\nAgradecemos aos nossos Comandantes que n\u00e3o envidaram os esfor\u00e7os para trazer a melhoria necess\u00e1ria ao nosso trabalho para a comunidade de Ub\u00e1 e regi\u00e3o.<br \/>\nBombeiro: o amigo certo nas horas incertas.<\/p>\n<p><strong>Assessoria de comunica\u00e7\u00e3o organizacional&nbsp;<\/strong><strong>2\u00aa Companhia de Bombeiros de Ub\u00e1<\/strong><\/p>\n","protected":false},"excerpt":{"rendered":"<p>A 2\u00aa Cia BM\/4\u00ba BBM (Ub\u00e1) recebeu no dia 10\/06<\/p>\n","protected":false},"author":2,"featured_media":12132,"comment_status":"open","ping_status":"open","sticky":false,"template":"","format":"standard","meta":{"footnotes":""},"categories":[13],"tags":[],"class_list":["post-12129","post","type-post","status-publish","format-standard","has-post-thumbnail","hentry","category-sintese-das-ocorrencias"],"_links":{"self":[{"href":"https:\/\/ubanews.com\/site\/wp-json\/wp\/v2\/posts\/12129","targetHints":{"allow":["GET"]}}],"collection":[{"href":"https:\/\/ubanews.com\/site\/wp-json\/wp\/v2\/posts"}],"about":[{"href":"https:\/\/ubanews.com\/site\/wp-json\/wp\/v2\/types\/post"}],"author":[{"embeddable":true,"href":"https:\/\/ubanews.com\/site\/wp-json\/wp\/v2\/users\/2"}],"replies":[{"embeddable":true,"href":"https:\/\/ubanews.com\/site\/wp-json\/wp\/v2\/comments?post=12129"}],"version-history":[{"count":0,"href":"https:\/\/ubanews.com\/site\/wp-json\/wp\/v2\/posts\/12129\/revisions"}],"wp:featuredmedia":[{"embeddable":true,"href":"https:\/\/ubanews.com\/site\/wp-json\/wp\/v2\/media\/12132"}],"wp:attachment":[{"href":"https:\/\/ubanews.com\/site\/wp-json\/wp\/v2\/media?parent=12129"}],"wp:term":[{"taxonomy":"category","embeddable":true,"href":"https:\/\/ubanews.com\/site\/wp-json\/wp\/v2\/categories?post=12129"},{"taxonomy":"post_tag","embeddable":true,"href":"https:\/\/ubanews.com\/site\/wp-json\/wp\/v2\/tags?post=12129"}],"curies":[{"name":"wp","href":"https:\/\/api.w.org\/{rel}","templated":true}]}}