{"id":12108,"date":"2019-06-10T10:23:39","date_gmt":"2019-06-10T13:23:39","guid":{"rendered":"http:\/\/ubanews.com\/site\/?p=12108"},"modified":"2019-07-04T21:50:06","modified_gmt":"2019-07-05T00:50:06","slug":"site-divulga-trechos-de-mensagens-atribuidas-a-procuradores-da-lava-jato-e-a-sergio-moro","status":"publish","type":"post","link":"https:\/\/ubanews.com\/site\/2019\/06\/10\/site-divulga-trechos-de-mensagens-atribuidas-a-procuradores-da-lava-jato-e-a-sergio-moro\/","title":{"rendered":"Site divulga trechos de mensagens atribu\u00eddas a procuradores da Lava Jato e a S\u00e9rgio Moro"},"content":{"rendered":"<div class=\"mc-column content-text active-extra-styles \" data-block-type=\"unstyled\" data-block-weight=\"36\" data-block-id=\"2\">\n<p class=\"content-head__subtitle\"><a href=\"https:\/\/docs.google.com\/forms\/d\/14-gnGBZfSajC8zc6-h6rdnRkeN0rHTb4HDTW1g2GHe4\/viewform?vc=0&amp;c=0&amp;w=1&amp;edit_requested=true\" target=\"_blank\" rel=\"noopener\"><img decoding=\"async\" class=\"alignright wp-image-11857 size-medium lazyload\" data-src=\"https:\/\/ubanews.com\/site\/wp-content\/uploads\/2019\/05\/1-1-298x300.jpg\" alt=\"\" width=\"298\" height=\"300\" data-srcset=\"https:\/\/ubanews.com\/site\/wp-content\/uploads\/2019\/05\/1-1-298x300.jpg 298w, https:\/\/ubanews.com\/site\/wp-content\/uploads\/2019\/05\/1-1-150x150.jpg 150w, https:\/\/ubanews.com\/site\/wp-content\/uploads\/2019\/05\/1-1-768x773.jpg 768w, https:\/\/ubanews.com\/site\/wp-content\/uploads\/2019\/05\/1-1.jpg 994w\" data-sizes=\"(max-width: 298px) 100vw, 298px\" src=\"data:image\/svg+xml;base64,PHN2ZyB3aWR0aD0iMSIgaGVpZ2h0PSIxIiB4bWxucz0iaHR0cDovL3d3dy53My5vcmcvMjAwMC9zdmciPjwvc3ZnPg==\" style=\"--smush-placeholder-width: 298px; --smush-placeholder-aspect-ratio: 298\/300;\" \/><\/a><strong><em>O site diz que procuradores, entre eles Deltan Dallagnol, trocaram mensagens com o atual ministro da Justi\u00e7a sobre alguns assuntos investigados. Os alvos das conversas denunciaram recentemente que tiveram seus celulares hackeados ilegalmente.<\/em><\/strong><\/p>\n<p class=\"content-text__container \" data-track-category=\"Link no Texto\" data-track-links=\"\">O site &#8220;Intercept&#8221; divulgou na noite deste domingo (9) trechos de mensagens atribu\u00eddas a procuradores da for\u00e7a-tarefa da Lava Jato em Curitiba e ao ent\u00e3o juiz&nbsp;<a href=\"https:\/\/g1.globo.com\/tudo-sobre\/sergio-moro\/\">S\u00e9rgio Moro<\/a>, atual ministro da Justi\u00e7a, extra\u00eddas do aplicativo Telegram.<\/p>\n<\/div>\n<div class=\"wall protected-content\">\n<div class=\"mc-column content-text active-extra-styles \" data-block-type=\"unstyled\" data-block-weight=\"16\" data-block-id=\"3\">\n<p class=\"content-text__container \" data-track-category=\"Link no Texto\" data-track-links=\"\">Os alvos dessas conversas denunciaram recentemente que tiveram seus celulares hackeados ilegalmente, o que \u00e9 crime.<\/p>\n<\/div>\n<div class=\"mc-column content-text active-extra-styles \" data-block-type=\"unstyled\" data-block-weight=\"40\" data-block-id=\"4\">\n<p class=\"content-text__container \" data-track-category=\"Link no Texto\" data-track-links=\"\">O &#8220;Intercept&#8221;, no entanto, disse que obteve os di\u00e1logos antes dessa invas\u00e3o. Segundo o site, as informa\u00e7\u00f5es foram obtidas de uma fonte an\u00f4nima. O site diz que procuradores, entre eles Deltan Dallagnol, trocaram mensagens com Moro sobre alguns assuntos investigados.<\/p>\n<\/div>\n<div class=\"mc-column content-text active-extra-styles \" data-block-type=\"unstyled\" data-block-weight=\"41\" data-block-id=\"5\">\n<p class=\"content-text__container \" data-track-category=\"Link no Texto\" data-track-links=\"\">Segundo o site &#8220;Intercept&#8221;, o ent\u00e3o juiz S\u00e9rgio Moro orientou a\u00e7\u00f5es e cobrou novas opera\u00e7\u00f5es dos procuradores. Em um dos di\u00e1logos, Moro pergunta a Dallagnol, segundo o site: &#8220;N\u00e3o \u00e9 muito tempo sem opera\u00e7\u00e3o?&#8221; O chefe da for\u00e7a-tarefa concorda: &#8220;\u00c9, sim&#8221;.<\/p>\n<\/div>\n<div class=\"mc-column content-text active-extra-styles \" data-block-type=\"unstyled\" data-block-weight=\"43\" data-block-id=\"6\">\n<p class=\"content-text__container \" data-track-category=\"Link no Texto\" data-track-links=\"\">Numa outra conversa, o site diz que \u00e9 Dallagnol que pede a Moro para decidir rapidamente sobre um pedido de pris\u00e3o: &#8220;Seria poss\u00edvel apreciar hoje?&#8221; E Moro responde: &#8220;N\u00e3o creio que conseguiria ver hoje. Mas pensem bem se \u00e9 uma boa ideia&#8221;.<\/p>\n<\/div>\n<div class=\"mc-column content-text active-extra-styles \" data-block-type=\"unstyled\" data-block-weight=\"15\" data-block-id=\"7\">\n<p class=\"content-text__container \" data-track-category=\"Link no Texto\" data-track-links=\"\">Nove minutos depois, Moro, segundo o &#8220;Intercept&#8221;, adverte a Dallagnol: &#8220;Teriam que ser fatos graves&#8221;.<\/p>\n<\/div>\n<div class=\"mc-column content-text active-extra-styles\" data-block-type=\"raw\" data-block-weight=\"5\" data-block-id=\"8\">\n<div class=\"content-intertitle\">\n<h2>Autoriza\u00e7\u00e3o para Lula conceder entrevista<\/h2>\n<\/div>\n<\/div>\n<div class=\"mc-column content-text active-extra-styles \" data-block-type=\"unstyled\" data-block-weight=\"46\" data-block-id=\"9\">\n<p class=\"content-text__container \" data-track-category=\"Link no Texto\" data-track-links=\"\">O site tamb\u00e9m diz que os procuradores da Lava Jato, em conversas no Telegram, trocaram mensagens expressando indigna\u00e7\u00e3o quando o ex-presidente&nbsp;<a href=\"https:\/\/g1.globo.com\/politica\/politico\/lula\/\">Luiz In\u00e1cio Lula da Silva<\/a>&nbsp;foi autorizado pelo ministro Ricardo Lewandowski, do Supremo Tribunal Federal (STF), a dar uma entrevista \u00e0 &#8220;Folha de S.Paulo&#8221;.<\/p>\n<\/div>\n<div class=\"content-ads content-ads--reveal\" data-block-type=\"ads\" data-block-id=\"10\">\n<div id=\"banner_materia2\" class=\"tag-manager-publicidade-container mc-has-reveal mc-has-ad-lazyload tag-manager-publicidade-banner_materia2 tag-manager-publicidade-container--carregado tag-manager-publicidade-container--visivel\" data-id=\"banner_materia2\" data-google-query-id=\"CLHtgfib3-ICFYh8wQod-20FdA\" data-cid=\"138211835120\" data-lid=\"4432655459\">\n<div id=\"google_ads_iframe_\/95377733\/tvg_G1\/Politica_2__container__\"><span style=\"font-size: 1.0625rem;\">Isso demonstraria, segundo o &#8220;Intercept&#8221;, um vi\u00e9s partid\u00e1rio nas a\u00e7\u00f5es contra o ex-presidente Lula, cuja elei\u00e7\u00e3o, diz o site, os procuradores queriam evitar.<\/span><\/div>\n<\/div>\n<\/div>\n<div class=\"mc-column content-text active-extra-styles \" data-block-type=\"unstyled\" data-block-weight=\"48\" data-block-id=\"12\">\n<p class=\"content-text__container \" data-track-category=\"Link no Texto\" data-track-links=\"\">Segundo o &#8220;Intercept&#8221;, a procuradora Laura Tessler afirmou: &#8220;Que piada!!! Revoltante!!! L\u00e1 vai o cara fazer palanque na cadeia. Um verdadeiro circo. E depois de M\u00f4nica Bergamo, pela isonomia, devem vir tantos outros jornalistas\u2026 E a gente aqui fica s\u00f3 fazendo papel de palha\u00e7o com um Supremo desse\u2026&#8221;<\/p>\n<\/div>\n<div class=\"mc-column content-text active-extra-styles \" data-block-type=\"unstyled\" data-block-weight=\"13\" data-block-id=\"13\">\n<p class=\"content-text__container \" data-track-category=\"Link no Texto\" data-track-links=\"\">Outra procuradora, Isabel Groba, ainda segundo o &#8220;Intercept&#8221;, respondeu da seguinte maneira: &#8220;Mafiosos!!!!!!!!!!!!!!!!!!!!!&#8221;<\/p>\n<\/div>\n<div class=\"mc-column content-text active-extra-styles \" data-block-type=\"unstyled\" data-block-weight=\"21\" data-block-id=\"14\">\n<p class=\"content-text__container \" data-track-category=\"Link no Texto\" data-track-links=\"\">Uma hora mais tarde, a procuradora Laura Tessler escreveu: &#8220;Sei l\u00e1\u2026Mas uma coletiva antes do segundo turno pode eleger o Haddad&#8221;.<\/p>\n<\/div>\n<div class=\"mc-column content-text active-extra-styles \" data-block-type=\"unstyled\" data-block-weight=\"36\" data-block-id=\"15\">\n<p class=\"content-text__container \" data-track-category=\"Link no Texto\" data-track-links=\"\">De acordo com o &#8220;Intercept&#8221;, mensagens atribu\u00eddas aos procuradores mostram que eles chegaram a tra\u00e7ar estrat\u00e9gias para cassar a autoriza\u00e7\u00e3o, por temerem que a entrevista ajudasse a eleger o ent\u00e3o candidato do PT, Fernando Haddad.<\/p>\n<\/div>\n<div class=\"mc-column content-text active-extra-styles \" data-block-type=\"unstyled\" data-block-weight=\"39\" data-block-id=\"16\">\n<p class=\"content-text__container \" data-track-category=\"Link no Texto\" data-track-links=\"\">Um dos procuradores, Janu\u00e1rio Paludo, teria proposto: &#8220;Plano A: tentar recurso no pr\u00f3prio STF. Possibilidade zero. Plano B: abrir para todos fazerem a entrevista no mesmo dia. Vai ser uma zona mas diminui a chance da entrevista ser direcionada&#8221;.<\/p>\n<\/div>\n<div class=\"mc-column content-text active-extra-styles \" data-block-type=\"unstyled\" data-block-weight=\"37\" data-block-id=\"17\">\n<p class=\"content-text__container \" data-track-category=\"Link no Texto\" data-track-links=\"\">Segundo o \u201cIntercept\u201d, outro procurador, Athayde Ribeiro Costa, sugeriu expressamente que a Pol\u00edcia Federal manobrasse para que a entrevista fosse feita depois das elei\u00e7\u00f5es, j\u00e1 que n\u00e3o havia indica\u00e7\u00e3o expl\u00edcita da data em que ela deveria ocorrer.<\/p>\n<\/div>\n<div class=\"mc-column content-text active-extra-styles \" data-block-type=\"unstyled\" data-block-weight=\"32\" data-block-id=\"18\">\n<p class=\"content-text__container \" data-track-category=\"Link no Texto\" data-track-links=\"\">Segundo a reportagem, Athayde Ribeiro Costa escreveu: &#8220;N tem data. S\u00f3 a PF agendar pra dpis das elei\u00e7\u00f5es. Estar\u00e1 cumprindo a decis\u00e3o. E se for\u00e7arem antes, desnuda ainda mais o car\u00e1ter eleitoreiro&#8221;.<\/p>\n<\/div>\n<div class=\"mc-column content-text active-extra-styles \" data-block-type=\"unstyled\" data-block-weight=\"36\" data-block-id=\"19\">\n<p class=\"content-text__container \" data-track-category=\"Link no Texto\" data-track-links=\"\">Os procuradores, sempre segundo o &#8220;Intercept&#8221;, comemoraram quando a autoriza\u00e7\u00e3o para a entrevista foi cassada depois que uma liminar foi obtida pelo Partido Novo. O procurador Janu\u00e1rio Paludo escreveu: &#8220;Devemos agradecer \u00e0 nossa PGR: Partido Novo!!&#8221;<\/p>\n<\/div>\n<div class=\"mc-column content-text active-extra-styles\" data-block-type=\"raw\" data-block-weight=\"5\" data-block-id=\"20\">\n<div class=\"content-intertitle\">\n<h2>D\u00favidas sobre den\u00fancia contra Lula<\/h2>\n<\/div>\n<\/div>\n<div class=\"mc-column content-text active-extra-styles \" data-block-type=\"unstyled\" data-block-weight=\"43\" data-block-id=\"21\">\n<p class=\"content-text__container \" data-track-category=\"Link no Texto\" data-track-links=\"\">Ainda segundo o \u201cIntercept\u201d, mensagens atribu\u00eddas a Deltan Dallagnol, chefe dos procuradores da Lava Jato, sugeririam d\u00favidas sobre a solidez da&nbsp;<a href=\"http:\/\/g1.globo.com\/pr\/parana\/noticia\/2016\/09\/mpf-denuncia-lula-marisa-e-mais-seis-na-operacao-lava-jato.html\">den\u00fancia contra o ex-presidente Lula no caso do triplex de Guaruj\u00e1<\/a>, quatro dias antes de ela ser oferecida ao ent\u00e3o juiz Moro.<\/p>\n<\/div>\n<div class=\"content-ads content-ads--reveal\" data-block-type=\"ads\" data-block-id=\"22\">&nbsp;<\/div>\n<div class=\"mc-column content-text active-extra-styles \" data-block-type=\"unstyled\" data-block-weight=\"74\" data-block-id=\"23\">\n<p class=\"content-text__container \" data-track-category=\"Link no Texto\" data-track-links=\"\">Dallagnol teria enviado a seguinte mensagem para um grupo: &#8220;Falar\u00e3o que estamos acusando com base em not\u00edcia de jornal e ind\u00edcios fr\u00e1geis\u2026 Ent\u00e3o, \u00e9 um item que \u00e9 bom que esteja bem amarrado. Fora esse item, at\u00e9 agora tenho receio da liga\u00e7\u00e3o entre Petrobras e o enriquecimento, e depois que me falaram t\u00f4 com receio da hist\u00f3ria do apto\u2026 s\u00e3o pontos em que temos que ter as respostas ajustadas e na ponta da l\u00edngua.&#8221;<\/p>\n<\/div>\n<div class=\"mc-column content-text active-extra-styles \" data-block-type=\"unstyled\" data-block-weight=\"38\" data-block-id=\"24\">\n<p class=\"content-text__container \" data-track-category=\"Link no Texto\" data-track-links=\"\">Em outro trecho de conversa, pelo Telegram, segundo o \u201cIntercept\u201d, Moro passou para Dallagnol pistas de suposta transfer\u00eancia de propriedade para um dos filhos de Lula. &#8220;Aparentemente a pessoa estaria disposta a prestar a informa\u00e7\u00e3o&#8221;, disse o juiz.<\/p>\n<\/div>\n<div class=\"mc-column content-text active-extra-styles \" data-block-type=\"unstyled\" data-block-weight=\"6\" data-block-id=\"25\">\n<p class=\"content-text__container \" data-track-category=\"Link no Texto\" data-track-links=\"\">O procurador responde: &#8220;Obrigado, faremos contato&#8221;.<\/p>\n<\/div>\n<div class=\"mc-column content-text active-extra-styles \" data-block-type=\"unstyled\" data-block-weight=\"32\" data-block-id=\"26\">\n<p class=\"content-text__container \" data-track-category=\"Link no Texto\" data-track-links=\"\">Mas a pessoa n\u00e3o quis falar com os procuradores, o que levou Dallagnol a dizer para Moro que argumentaria ter recebido not\u00edcia ap\u00f3crifa, para intim\u00e1-la a depor. Moro aconselha: &#8220;Melhor formalizar, ent\u00e3o&#8221;.<\/p>\n<\/div>\n<div class=\"mc-column content-text active-extra-styles \" data-block-type=\"unstyled\" data-block-weight=\"33\" data-block-id=\"27\">\n<p class=\"content-text__container \" data-track-category=\"Link no Texto\" data-track-links=\"\">O site \u201cIntercept\u201d diz que na Constitui\u00e7\u00e3o brasileira um juiz n\u00e3o pode aconselhar o Minist\u00e9rio P\u00fablico, nem direcionar seu trabalho. Deve apenas se manifestar nos autos dos processos, para resguardar a sua imparcialidade.<\/p>\n<\/div>\n<div class=\"mc-column content-text active-extra-styles \" data-block-type=\"unstyled\" data-block-weight=\"32\" data-block-id=\"28\">\n<p class=\"content-text__container \" data-track-category=\"Link no Texto\" data-track-links=\"\">Juristas ouvidos pelo \u201cIntercept\u201d disseram que a proximidade entre procuradores e ju\u00edzes \u00e9 normal no Brasil \u2013 ainda que, segundo esses especialistas, seja imoral e viole o c\u00f3digo de \u00e9tica dos magistrados.<\/p>\n<\/div>\n<div class=\"mc-column content-text active-extra-styles\" data-block-type=\"raw\" data-block-weight=\"11\" data-block-id=\"29\">\n<div class=\"content-intertitle\">\n<h2>O que dizem Moro, a defesa de Lula e a for\u00e7a-tarefa<\/h2>\n<\/div>\n<\/div>\n<div class=\"mc-column content-text active-extra-styles \" data-block-type=\"unstyled\" data-block-weight=\"28\" data-block-id=\"30\">\n<p class=\"content-text__container \" data-track-category=\"Link no Texto\" data-track-links=\"\">O ministro S\u00e9rgio Moro lamentou que a reportagem n\u00e3o indicasse a fonte das informa\u00e7\u00f5es e o fato de n\u00e3o ter sido ouvido<em>&nbsp;(veja a \u00edntegra da nota abaixo)<\/em>.<\/p>\n<\/div>\n<div class=\"mc-column content-text active-extra-styles \" data-block-type=\"unstyled\" data-block-weight=\"45\" data-block-id=\"31\">\n<p class=\"content-text__container \" data-track-category=\"Link no Texto\" data-track-links=\"\">Segundo ele, no conte\u00fado das mensagens que citam seu nome, &#8220;n\u00e3o se vislumbra qualquer anormalidade ou direcionamento da atua\u00e7\u00e3o enquanto magistrado, apesar de terem sido retiradas de contexto e do sensacionalismo das mat\u00e9rias, que ignoram o gigantesco esquema de corrup\u00e7\u00e3o revelado pela Opera\u00e7\u00e3o Lava Jato&#8221;.<\/p>\n<\/div>\n<div class=\"mc-column content-text active-extra-styles \" data-block-type=\"unstyled\" data-block-weight=\"37\" data-block-id=\"32\">\n<p class=\"content-text__container \" data-track-category=\"Link no Texto\" data-track-links=\"\">A defesa do ex-presidente Lula divulgou nota em que diz que: \u201cA atua\u00e7\u00e3o ajustada dos procuradores e do ex-juiz da causa, com objetivos pol\u00edticos, sujeitou Lula e sua fam\u00edlia \u00e0s mais diversas arbitrariedades\u201d<em>&nbsp;(veja \u00edntegra mais abaixo)<\/em>.<\/p>\n<\/div>\n<div class=\"content-ads content-ads--reveal\" data-block-type=\"ads\" data-block-id=\"33\">&nbsp;<\/div>\n<div class=\"mc-column content-text active-extra-styles \" data-block-type=\"unstyled\" data-block-weight=\"44\" data-block-id=\"34\">\n<p class=\"content-text__container \" data-track-category=\"Link no Texto\" data-track-links=\"\">A nota continua: \u201cNingu\u00e9m pode ter d\u00favida de que os processos contra o ex-presidente Lula est\u00e3o corrompidos pelo que h\u00e1 de mais grave em termos de viola\u00e7\u00f5es a garantias fundamentais e \u00e0 negativa de direitos. O restabelecimento da liberdade plena de Lula \u00e9 urgente\u201d.<\/p>\n<\/div>\n<div class=\"mc-column content-text active-extra-styles \" data-block-type=\"unstyled\" data-block-weight=\"47\" data-block-id=\"35\">\n<p class=\"content-text__container \" data-track-category=\"Link no Texto\" data-track-links=\"\">A for\u00e7a-tarefa da Lava Jato divulgou uma nota declarando que seus integrantes foram v\u00edtimas de a\u00e7\u00e3o criminosa de um hacker&nbsp;<em>(veja \u00edntegra mais abaixo)<\/em>. E que esse hacker praticou os mais graves ataques \u00e0 atividade do Minist\u00e9rio P\u00fablico, \u00e0 vida privada e \u00e0 seguran\u00e7a de seus integrantes.<\/p>\n<\/div>\n<div class=\"mc-column content-text active-extra-styles \" data-block-type=\"unstyled\" data-block-weight=\"22\" data-block-id=\"36\">\n<p class=\"content-text__container \" data-track-category=\"Link no Texto\" data-track-links=\"\">Segundo a nota, o hacker invadiu telefones e aplicativos dos procuradores da Lava Jato e teve acesso \u00e0 identidade de alguns deles.<\/p>\n<\/div>\n<div class=\"mc-column content-text active-extra-styles \" data-block-type=\"unstyled\" data-block-weight=\"21\" data-block-id=\"37\">\n<p class=\"content-text__container \" data-track-category=\"Link no Texto\" data-track-links=\"\">Ainda segundo a for\u00e7a-tarefa, o autor do ataque obteve c\u00f3pias de mensagens e arquivos trocados em rela\u00e7\u00f5es privadas e de trabalho.<\/p>\n<\/div>\n<div class=\"mc-column content-text active-extra-styles \" data-block-type=\"unstyled\" data-block-weight=\"31\" data-block-id=\"38\">\n<p class=\"content-text__container \" data-track-category=\"Link no Texto\" data-track-links=\"\">Dentre as informa\u00e7\u00f5es ilegalmente copiadas, possivelmente est\u00e3o documentos e dados sobre estrat\u00e9gias e investiga\u00e7\u00f5es em andamento e sobre rotinas pessoais e de seguran\u00e7a dos integrantes da for\u00e7a-tarefa e de suas fam\u00edlias.<\/p>\n<\/div>\n<div class=\"mc-column content-text active-extra-styles \" data-block-type=\"unstyled\" data-block-weight=\"23\" data-block-id=\"39\">\n<p class=\"content-text__container \" data-track-category=\"Link no Texto\" data-track-links=\"\">A for\u00e7a-tarefa afirma que os dados eventualmente obtidos refletem uma atividade desenvolvida com &#8220;pleno respeito \u00e0 legalidade e de forma t\u00e9cnica e imparcial&#8221;.<\/p>\n<\/div>\n<div class=\"mc-column content-text active-extra-styles \" data-block-type=\"unstyled\" data-block-weight=\"49\" data-block-id=\"40\">\n<p class=\"content-text__container \" data-track-category=\"Link no Texto\" data-track-links=\"\">A nota afirma ainda que os procuradores mantiveram, ao longo dos \u00faltimos cinco anos, discuss\u00f5es em grupos de mensagens, sobre diversos temas, alguns complexos, em paralelo a reuni\u00f5es pessoais. E que v\u00e1rios dos integrantes da for\u00e7a-tarefa de procuradores &#8220;s\u00e3o amigos pr\u00f3ximos e, nesse ambiente, s\u00e3o comuns desabafos e brincadeiras&#8221;.<\/p>\n<\/div>\n<div class=\"mc-column content-text active-extra-styles \" data-block-type=\"unstyled\" data-block-weight=\"16\" data-block-id=\"41\">\n<p class=\"content-text__container \" data-track-category=\"Link no Texto\" data-track-links=\"\">A nota afirma que &#8220;muitas conversas, sem o devido contexto, podem dar margem para interpreta\u00e7\u00f5es equivocadas&#8221;.<\/p>\n<\/div>\n<div class=\"mc-column content-text active-extra-styles \" data-block-type=\"unstyled\" data-block-weight=\"43\" data-block-id=\"42\">\n<p class=\"content-text__container \" data-track-category=\"Link no Texto\" data-track-links=\"\">A for\u00e7a-tarefa afirma que &#8220;estar\u00e1 \u00e0 disposi\u00e7\u00e3o para prestar esclarecimentos sobre fatos e procedimentos de sua responsabilidade, com o objetivo de manter a confian\u00e7a p\u00fablica na plena licitude e legitimidade de sua atua\u00e7\u00e3o, assim como de prestar contas de seu trabalho \u00e0 sociedade&#8221;.<\/p>\n<\/div>\n<div class=\"mc-column content-text active-extra-styles\" data-block-type=\"raw\" data-block-weight=\"7\" data-block-id=\"43\">\n<div class=\"content-intertitle\">\n<h2><strong>\u00cdntegra da nota do ministro S\u00e9rgio Moro<\/strong><\/h2>\n<\/div>\n<\/div>\n<div class=\"content-ads content-ads--reveal\" data-block-type=\"ads\" data-block-id=\"44\">&nbsp;<\/div>\n<div class=\"mc-column content-text active-extra-styles \" data-block-type=\"unstyled\" data-block-weight=\"51\" data-block-id=\"45\">\n<p class=\"content-text__container \" data-track-category=\"Link no Texto\" data-track-links=\"\"><em>&#8220;Sobre supostas mensagens que me envolveriam publicadas pelo site Intercept neste domingo, 9 de junho, lamenta-se a falta de indica\u00e7\u00e3o de fonte de pessoa respons\u00e1vel pela invas\u00e3o criminosa de celulares de procuradores. Assim como a postura do site que n\u00e3o entrou em contato antes da publica\u00e7\u00e3o, contrariando regra b\u00e1sica do jornalismo.<\/em><\/p>\n<\/div>\n<div class=\"mc-column content-text active-extra-styles \" data-block-type=\"unstyled\" data-block-weight=\"44\" data-block-id=\"46\">\n<p class=\"content-text__container \" data-track-category=\"Link no Texto\" data-track-links=\"\"><em>Quanto ao conte\u00fado das mensagens que me citam, n\u00e3o se vislumbra qualquer anormalidade ou direcionamento da atua\u00e7\u00e3o enquanto magistrado, apesar de terem sido retiradas de contexto e do sensacionalismo das mat\u00e9rias, que ignoram o gigantesco esquema de corrup\u00e7\u00e3o revelado pela Opera\u00e7\u00e3o Lava Jato&#8221;.<\/em><\/p>\n<\/div>\n<div class=\"mc-column content-text active-extra-styles\" data-block-type=\"raw\" data-block-weight=\"8\" data-block-id=\"47\">\n<div class=\"content-intertitle\">\n<h2><strong>\u00cdntegra da nota da for\u00e7a-tarefa da Lava Jato<\/strong><\/h2>\n<\/div>\n<\/div>\n<div class=\"mc-column content-text active-extra-styles \" data-block-type=\"unstyled\" data-block-weight=\"48\" data-block-id=\"48\">\n<p class=\"content-text__container \" data-track-category=\"Link no Texto\" data-track-links=\"\"><em>&#8220;A for\u00e7a-tarefa da Lava Jato no Minist\u00e9rio P\u00fablico Federal do Paran\u00e1 (MPF\/PR) vem a p\u00fablico informar que seus membros foram v\u00edtimas de a\u00e7\u00e3o criminosa de um hacker que praticou os mais graves ataques \u00e0 atividade do Minist\u00e9rio P\u00fablico, \u00e0 vida privada e \u00e0 seguran\u00e7a de seus integrantes.<\/em><\/p>\n<\/div>\n<div class=\"mc-column content-text active-extra-styles \" data-block-type=\"unstyled\" data-block-weight=\"63\" data-block-id=\"49\">\n<p class=\"content-text__container \" data-track-category=\"Link no Texto\" data-track-links=\"\"><em>A a\u00e7\u00e3o vil do hacker invadiu telefones e aplicativos de procuradores da Lava Jato usados para comunica\u00e7\u00e3o privada e no interesse do trabalho, tendo havido ainda a subtra\u00e7\u00e3o de identidade de alguns de seus integrantes. N\u00e3o se sabe exatamente ainda a extens\u00e3o da invas\u00e3o, mas se sabe que foram obtidas c\u00f3pias de mensagens e arquivos trocados em rela\u00e7\u00f5es privadas e de trabalho.<\/em><\/p>\n<\/div>\n<div class=\"mc-column content-text active-extra-styles \" data-block-type=\"unstyled\" data-block-weight=\"31\" data-block-id=\"50\">\n<p class=\"content-text__container \" data-track-category=\"Link no Texto\" data-track-links=\"\"><em>Dentre as informa\u00e7\u00f5es ilegalmente copiadas, possivelmente est\u00e3o documentos e dados sobre estrat\u00e9gias e investiga\u00e7\u00f5es em andamento e sobre rotinas pessoais e de seguran\u00e7a dos integrantes da for\u00e7a-tarefa e de suas fam\u00edlias.<\/em><\/p>\n<\/div>\n<div class=\"mc-column content-text active-extra-styles \" data-block-type=\"unstyled\" data-block-weight=\"31\" data-block-id=\"51\">\n<p class=\"content-text__container \" data-track-category=\"Link no Texto\" data-track-links=\"\"><em>H\u00e1 a tranquilidade de que os dados eventualmente obtidos refletem uma atividade desenvolvida com pleno respeito \u00e0 legalidade e de forma t\u00e9cnica e imparcial, em mais de cinco anos de Opera\u00e7\u00e3o.<\/em><\/p>\n<\/div>\n<div class=\"mc-column content-text active-extra-styles \" data-block-type=\"unstyled\" data-block-weight=\"37\" data-block-id=\"52\">\n<p class=\"content-text__container \" data-track-category=\"Link no Texto\" data-track-links=\"\"><em>Contudo, h\u00e1 tr\u00eas preocupa\u00e7\u00f5es. Primeiro, os avan\u00e7os contra a corrup\u00e7\u00e3o promovidos pela Lava Jato foram seguidos, em diversas oportunidades, por fortes rea\u00e7\u00f5es de pessoas que defendiam os interesses de corruptos, n\u00e3o raro de modo oculto e dissimulado.<\/em><\/p>\n<\/div>\n<div class=\"content-ads content-ads--reveal\" data-block-type=\"ads\" data-block-id=\"53\">&nbsp;<\/div>\n<div class=\"mc-column content-text active-extra-styles \" data-block-type=\"unstyled\" data-block-weight=\"90\" data-block-id=\"54\">\n<p class=\"content-text__container \" data-track-category=\"Link no Texto\" data-track-links=\"\"><em>A viola\u00e7\u00e3o criminosa das comunica\u00e7\u00f5es de autoridades constitu\u00eddas \u00e9 uma grave e il\u00edcita afronta ao Estado e se coaduna com o objetivo de obstar a continuidade da Opera\u00e7\u00e3o, expondo a vida dos seus membros e fam\u00edlias a riscos pessoais. Ningu\u00e9m deve ter sua intimidade \u2013 seja f\u00edsica, seja moral \u2013 devassada ou divulgada contra a sua vontade. Al\u00e9m disso, na medida em que exp\u00f5e rotinas e detalhes da vida pessoal, a a\u00e7\u00e3o ilegal cria enormes riscos \u00e0 intimidade e \u00e0 seguran\u00e7a dos integrantes da for\u00e7a-tarefa, de seus familiares e amigos.<\/em><\/p>\n<\/div>\n<div class=\"mc-column content-text active-extra-styles \" data-block-type=\"unstyled\" data-block-weight=\"47\" data-block-id=\"55\">\n<p class=\"content-text__container \" data-track-category=\"Link no Texto\" data-track-links=\"\"><em>Em segundo lugar, uma vez ultrapassados todos os limites de respeito \u00e0s institui\u00e7\u00f5es e \u00e0s autoridades constitu\u00eddas na Rep\u00fablica, \u00e9 de se esperar que a atividade criminosa continue e avance para deturpar fatos, apresentar fatos retirados de contexto, falsificar integral ou parcialmente informa\u00e7\u00f5es e disseminar \u201cfake news\u201d.<\/em><\/p>\n<\/div>\n<div class=\"mc-column content-text active-extra-styles \" data-block-type=\"unstyled\" data-block-weight=\"65\" data-block-id=\"56\">\n<p class=\"content-text__container \" data-track-category=\"Link no Texto\" data-track-links=\"\"><em>Entretanto, os procuradores da Lava Jato n\u00e3o v\u00e3o se dobrar \u00e0 invas\u00e3o imoral e ilegal, \u00e0 extors\u00e3o ou \u00e0 tentativa de expor e deturpar suas vidas pessoais e profissionais. A atua\u00e7\u00e3o s\u00f3rdida daqueles que vierem a se aproveitar da a\u00e7\u00e3o do \u201chacker\u201d para deturpar fatos, apresentar fatos retirados de contexto e falsificar integral ou parcialmente informa\u00e7\u00f5es atende interesses inconfess\u00e1veis de criminosos atingidos pela Lava Jato.<\/em><\/p>\n<\/div>\n<div class=\"mc-column content-text active-extra-styles \" data-block-type=\"unstyled\" data-block-weight=\"78\" data-block-id=\"57\">\n<p class=\"content-text__container \" data-track-category=\"Link no Texto\" data-track-links=\"\"><em>Por fim, os procuradores da Lava Jato em Curitiba mantiveram, ao longo dos \u00faltimos cinco anos, discuss\u00f5es em grupos de mensagens, sobre diversos temas, alguns complexos, em paralelo a reuni\u00f5es pessoais que lhes d\u00e3o contexto. V\u00e1rios dos integrantes da for\u00e7a-tarefa de procuradores s\u00e3o amigos pr\u00f3ximos e, nesse ambiente, s\u00e3o comuns desabafos e brincadeiras. Muitas conversas, sem o devido contexto, podem dar margem para interpreta\u00e7\u00f5es equivocadas. A for\u00e7a-tarefa lamenta profundamente pelo desconforto daqueles que eventualmente tenham se sentido atingidos.<\/em><\/p>\n<\/div>\n<div class=\"mc-column content-text active-extra-styles \" data-block-type=\"unstyled\" data-block-weight=\"58\" data-block-id=\"58\">\n<p class=\"content-text__container \" data-track-category=\"Link no Texto\" data-track-links=\"\"><em>Diante disso, em paralelo \u00e0 necess\u00e1ria continuidade de seu trabalho em favor da sociedade, a for\u00e7a-tarefa da Lava Jato estar\u00e1 \u00e0 disposi\u00e7\u00e3o para prestar esclarecimentos sobre fatos e procedimentos de sua responsabilidade, com o objetivo de manter a confian\u00e7a p\u00fablica na plena licitude e legitimidade de sua atua\u00e7\u00e3o, assim como de prestar contas de seu trabalho \u00e0 sociedade.<\/em><\/p>\n<\/div>\n<div class=\"content-ads content-ads--reveal\" data-block-type=\"ads\" data-block-id=\"59\">&nbsp;<\/div>\n<div class=\"mc-column content-text active-extra-styles \" data-block-type=\"unstyled\" data-block-weight=\"76\" data-block-id=\"60\">\n<p class=\"content-text__container \" data-track-category=\"Link no Texto\" data-track-links=\"\"><em>Contudo, nenhum pedido de esclarecimento ocorreu antes das publica\u00e7\u00f5es, o que surpreende e contraria as melhores pr\u00e1ticas jornal\u00edsticas. Esclarecimentos posteriores, evidentemente, podem n\u00e3o ser vistos pelo mesmo p\u00fablico que leu as mat\u00e9rias originais, o que tamb\u00e9m fere um crit\u00e9rio de justi\u00e7a. Al\u00e9m disso, \u00e9 digno de nota o vi\u00e9s tendencioso do conte\u00fado at\u00e9 o momento divulgado, o que \u00e9 um indicativo que pode confirmar o objetivo original do hacker de, efetivamente, atacar a opera\u00e7\u00e3o Lava Jato.<\/em><\/p>\n<\/div>\n<div class=\"mc-column content-text active-extra-styles \" data-block-type=\"unstyled\" data-block-weight=\"31\" data-block-id=\"61\">\n<p class=\"content-text__container \" data-track-category=\"Link no Texto\" data-track-links=\"\"><em>De todo modo, eventuais cr\u00edticas feitas pela opini\u00e3o p\u00fablica sobre as mensagens trocadas por seus integrantes ser\u00e3o recebidas como uma oportunidade para a reflex\u00e3o e o aperfei\u00e7oamento dos trabalhos da for\u00e7a-tarefa.<\/em><\/p>\n<\/div>\n<div class=\"mc-column content-text active-extra-styles \" data-block-type=\"unstyled\" data-block-weight=\"112\" data-block-id=\"62\">\n<p class=\"content-text__container \" data-track-category=\"Link no Texto\" data-track-links=\"\"><em>Em paralelo \u00e0 necess\u00e1ria reflex\u00e3o e presta\u00e7\u00e3o de contas \u00e0 sociedade, \u00e9 importante dar continuidade ao trabalho. Apenas neste ano, dezenas de pessoas foram acusadas por corrup\u00e7\u00e3o e mais de 750 milh\u00f5es de reais foram recuperados para os cofres p\u00fablicos. Apenas dois dos acordos em negocia\u00e7\u00e3o poder\u00e3o resultar para a sociedade brasileira na recupera\u00e7\u00e3o de mais de R$ 1 bilh\u00e3o em meados deste ano. No total, em Curitiba, mais de 400 pessoas j\u00e1 foram acusadas e 13 bilh\u00f5es de reais v\u00eam sendo recuperados, representando um avan\u00e7o contra a criminalidade sem precedentes. Al\u00e9m disso, a for\u00e7a-tarefa garantiu que ficassem no Brasil cerca de 2,5 bilh\u00f5es de reais que seriam destinados aos Estados Unidos.<\/em><\/p>\n<\/div>\n<div class=\"mc-column content-text active-extra-styles \" data-block-type=\"unstyled\" data-block-weight=\"113\" data-block-id=\"63\">\n<p class=\"content-text__container \" data-track-category=\"Link no Texto\" data-track-links=\"\"><em>Em face da agress\u00e3o cibern\u00e9tica, foram adotadas medidas para aprimorar a seguran\u00e7a das comunica\u00e7\u00f5es dos integrantes do Minist\u00e9rio P\u00fablico Federal, assim como para responsabilizar os envolvidos no ataque hacker, que n\u00e3o se confunde com a atua\u00e7\u00e3o da imprensa. Desde o primeiro momento em que percebidas as tentativas de ataques, a for\u00e7a-tarefa comunicou a Procuradoria-Geral da Rep\u00fablica para que medidas de seguran\u00e7a pudessem ser adotadas em rela\u00e7\u00e3o a todos os membros do MPF. Na mesma dire\u00e7\u00e3o, um grupo de trabalho envolvendo diversos procuradores da Rep\u00fablica foi constitu\u00eddo para, em aux\u00edlio \u00e0 Secretaria de Tecnologia da Informa\u00e7\u00e3o e Comunica\u00e7\u00e3o da PGR, aprofundar as investiga\u00e7\u00f5es e buscar as melhores medidas de preven\u00e7\u00e3o a novas investidas criminosas.<\/em><\/p>\n<\/div>\n<div class=\"content-ads content-ads--reveal\" data-block-type=\"ads\" data-block-id=\"64\">&nbsp;<\/div>\n<div class=\"mc-column content-text active-extra-styles \" data-block-type=\"unstyled\" data-block-weight=\"71\" data-block-id=\"65\">\n<p class=\"content-text__container \" data-track-category=\"Link no Texto\" data-track-links=\"\"><em>Em conclus\u00e3o, os membros do Minist\u00e9rio P\u00fablico Federal que integram a for\u00e7a-tarefa da opera\u00e7\u00e3o Lava Jato renovam publicamente o compromisso de avan\u00e7ar o trabalho t\u00e9cnico, imparcial e apartid\u00e1rio e informam que est\u00e3o sendo adotadas medidas para esclarecer a sociedade sobre eventuais d\u00favidas sobre as mensagens trocadas, para a apura\u00e7\u00e3o rigorosa dos crimes sob o necess\u00e1rio sigilo e para minorar os riscos \u00e0 seguran\u00e7a dos procuradores atacados e de suas fam\u00edlias&#8221;.<\/em><\/p>\n<\/div>\n<div class=\"mc-column content-text active-extra-styles\" data-block-type=\"raw\" data-block-weight=\"8\" data-block-id=\"66\">\n<div class=\"content-intertitle\">\n<h2>\u00cdntegra da nota da defesa do ex-presidente Lula<\/h2>\n<\/div>\n<\/div>\n<div class=\"mc-column content-text active-extra-styles \" data-block-type=\"unstyled\" data-block-weight=\"8\" data-block-id=\"67\">\n<p class=\"content-text__container \" data-track-category=\"Link no Texto\" data-track-links=\"\">Nota de Cristiano Zanin Martins, advogado de Lula:<\/p>\n<\/div>\n<div class=\"mc-column content-text active-extra-styles \" data-block-type=\"unstyled\" data-block-weight=\"115\" data-block-id=\"68\">\n<p class=\"content-text__container \" data-track-category=\"Link no Texto\" data-track-links=\"\"><em>&#8220;Em diversos recursos e em comunicado formalizado perante o Comit\u00ea de Direitos Humanos da ONU em julho de 2016 demonstramos, com in\u00fameras provas, que na Opera\u00e7\u00e3o Lava Jato houve uma atua\u00e7\u00e3o combinada entre os procuradores e o ex-juiz S\u00e9rgio Moro com o objetivo pr\u00e9-estabelecido e com clara motiva\u00e7\u00e3o pol\u00edtica, de processar, condenar e retirar a liberdade do ex-Presidente Luiz In\u00e1cio Lula da Silva. A reportagem publicada hoje (09\/06\/2019) pelo portal \u201cThe Intercept\u201d revela detalhes dessa trama que foi afirmada em todas as pe\u00e7as que subscrevemos na condi\u00e7\u00e3o de advogados de Lula a partir dos elementos que coletamos nos inqu\u00e9ritos, nos processos e na conduta extraprocessual dos procuradores da Lava Jato e do ex-juiz Sergio Moro.<\/em><\/p>\n<\/div>\n<div class=\"mc-column content-text active-extra-styles \" data-block-type=\"unstyled\" data-block-weight=\"75\" data-block-id=\"69\">\n<p class=\"content-text__container \" data-track-category=\"Link no Texto\" data-track-links=\"\"><em>A atua\u00e7\u00e3o ajustada dos procuradores e do ex-juiz da causa, com objetivos pol\u00edticos, sujeitou Lula e sua fam\u00edlia \u00e0s mais diversas arbitrariedades. A esse cen\u00e1rio devem ser somadas diversas outras grosseiras ilegalidades, como a intercepta\u00e7\u00e3o do principal ramal do nosso escrit\u00f3rio de advocacia para que fosse acompanhada em tempo real a estrat\u00e9gia da defesa de Lula, al\u00e9m da pr\u00e1tica de outros atos de intimida\u00e7\u00e3o e com o claro objetivo de inviabilizar a defesa do ex-Presidente.<\/em><\/p>\n<\/div>\n<div class=\"mc-column content-text active-extra-styles \" data-block-type=\"unstyled\" data-block-weight=\"77\" data-block-id=\"70\">\n<p class=\"content-text__container \" data-track-category=\"Link no Texto\" data-track-links=\"\"><em>Ningu\u00e9m pode ter d\u00favida de que os processos contra o ex-Presidente Lula est\u00e3o corrompidos pelo que h\u00e1 de mais grave em termos de viola\u00e7\u00f5es a garantias fundamentais e \u00e0 negativa de direitos. O restabelecimento da liberdade plena de Lula \u00e9 urgente, assim como o reconhecimento mais pleno e cabal de que ele n\u00e3o praticou qualquer crime e que \u00e9 v\u00edtima de \u201clawfare\u201d, que \u00e9 a manipula\u00e7\u00e3o das leis e dos procedimentos jur\u00eddicos para fins de persegui\u00e7\u00e3o pol\u00edtica.<\/em><\/p>\n<\/div>\n<div class=\"mc-column content-text active-extra-styles \" data-block-type=\"unstyled\" data-block-weight=\"3\" data-block-id=\"72\">\n<p class=\"content-text__container \" data-track-category=\"Link no Texto\" data-track-links=\"\"><em>Cristiano Zanin Martins<\/em><\/p>\n<\/div>\n<div data-track-category=\"multicontent\" data-track-action=\"ultimo chunk conteudo\" data-track-noninteraction=\"false\" data-track-scroll=\"view\">\n<div class=\"mc-column content-text active-extra-styles \" data-block-type=\"unstyled\" data-block-weight=\"8\" data-block-id=\"73\">\n<p class=\"content-text__container \" data-track-category=\"Link no Texto\" data-track-links=\"\"><em>Defesa do ex-presidente Lu\u00eds In\u00e1cio Lula da Silva&#8221;<\/em><\/p>\n<p data-track-category=\"Link no Texto\" data-track-links=\"\"><strong>FONTE: <a href=\"https:\/\/g1.globo.com\/politica\/noticia\/2019\/06\/09\/site-divulga-trechos-de-mensagens-atribuidas-a-procuradores-da-lava-jato-e-a-sergio-moro.ghtml\">G1<\/a><\/strong><\/p>\n<\/div>\n<\/div>\n<\/div>\n","protected":false},"excerpt":{"rendered":"<p>O site diz que procuradores, entre eles Deltan Dallagnol, trocaram<\/p>\n","protected":false},"author":2,"featured_media":12109,"comment_status":"open","ping_status":"open","sticky":false,"template":"","format":"standard","meta":{"footnotes":""},"categories":[19],"tags":[],"class_list":["post-12108","post","type-post","status-publish","format-standard","has-post-thumbnail","hentry","category-politica"],"yoast_head":"<!-- This site is optimized with the Yoast SEO plugin v27.2 - https:\/\/yoast.com\/product\/yoast-seo-wordpress\/ -->\n<title>Site divulga trechos de mensagens atribu\u00eddas a procuradores da Lava Jato e a S\u00e9rgio Moro - Ub\u00e1 News<\/title>\n<meta name=\"robots\" content=\"index, follow, max-snippet:-1, max-image-preview:large, max-video-preview:-1\" \/>\n<link rel=\"canonical\" href=\"https:\/\/ubanews.com\/site\/2019\/06\/10\/site-divulga-trechos-de-mensagens-atribuidas-a-procuradores-da-lava-jato-e-a-sergio-moro\/\" \/>\n<meta property=\"og:locale\" content=\"pt_BR\" \/>\n<meta property=\"og:type\" content=\"article\" \/>\n<meta property=\"og:title\" content=\"Site divulga trechos de mensagens atribu\u00eddas a procuradores da Lava Jato e a S\u00e9rgio Moro - Ub\u00e1 News\" \/>\n<meta property=\"og:description\" content=\"O site diz que procuradores, entre eles Deltan Dallagnol, trocaram\" \/>\n<meta property=\"og:url\" content=\"https:\/\/ubanews.com\/site\/2019\/06\/10\/site-divulga-trechos-de-mensagens-atribuidas-a-procuradores-da-lava-jato-e-a-sergio-moro\/\" \/>\n<meta property=\"og:site_name\" content=\"Ub\u00e1 News\" \/>\n<meta property=\"article:publisher\" content=\"https:\/\/www.facebook.com\/Ub%c3%a1News-Carlos-Roberto-Sodr%c3%a9-418778301977370\" \/>\n<meta property=\"article:author\" content=\"https:\/\/www.facebook.com\/carosroberto.sodre.5\/\" \/>\n<meta property=\"article:published_time\" content=\"2019-06-10T13:23:39+00:00\" \/>\n<meta property=\"article:modified_time\" content=\"2019-07-05T00:50:06+00:00\" \/>\n<meta property=\"og:image\" content=\"https:\/\/ubanews.com\/site\/wp-content\/uploads\/2019\/06\/Sergio-Moro.jpg\" \/>\n\t<meta property=\"og:image:width\" content=\"1000\" \/>\n\t<meta property=\"og:image:height\" content=\"500\" \/>\n\t<meta property=\"og:image:type\" content=\"image\/jpeg\" \/>\n<meta name=\"author\" content=\"Sodr\u00e9\" \/>\n<meta name=\"twitter:card\" content=\"summary_large_image\" \/>\n<meta name=\"twitter:label1\" content=\"Escrito por\" \/>\n\t<meta name=\"twitter:data1\" content=\"Sodr\u00e9\" \/>\n\t<meta name=\"twitter:label2\" content=\"Est. tempo de leitura\" \/>\n\t<meta name=\"twitter:data2\" content=\"14 minutos\" \/>\n<script type=\"application\/ld+json\" class=\"yoast-schema-graph\">{\"@context\":\"https:\/\/schema.org\",\"@graph\":[{\"@type\":\"Article\",\"@id\":\"https:\/\/ubanews.com\/site\/2019\/06\/10\/site-divulga-trechos-de-mensagens-atribuidas-a-procuradores-da-lava-jato-e-a-sergio-moro\/#article\",\"isPartOf\":{\"@id\":\"https:\/\/ubanews.com\/site\/2019\/06\/10\/site-divulga-trechos-de-mensagens-atribuidas-a-procuradores-da-lava-jato-e-a-sergio-moro\/\"},\"author\":{\"name\":\"Sodr\u00e9\",\"@id\":\"https:\/\/ubanews.com\/site\/#\/schema\/person\/d90c9e47252fbb63dcc969fe4c8b9d10\"},\"headline\":\"Site divulga trechos de mensagens atribu\u00eddas a procuradores da Lava Jato e a S\u00e9rgio Moro\",\"datePublished\":\"2019-06-10T13:23:39+00:00\",\"dateModified\":\"2019-07-05T00:50:06+00:00\",\"mainEntityOfPage\":{\"@id\":\"https:\/\/ubanews.com\/site\/2019\/06\/10\/site-divulga-trechos-de-mensagens-atribuidas-a-procuradores-da-lava-jato-e-a-sergio-moro\/\"},\"wordCount\":2885,\"commentCount\":0,\"publisher\":{\"@id\":\"https:\/\/ubanews.com\/site\/#organization\"},\"image\":{\"@id\":\"https:\/\/ubanews.com\/site\/2019\/06\/10\/site-divulga-trechos-de-mensagens-atribuidas-a-procuradores-da-lava-jato-e-a-sergio-moro\/#primaryimage\"},\"thumbnailUrl\":\"https:\/\/ubanews.com\/site\/wp-content\/uploads\/2019\/06\/Sergio-Moro.jpg\",\"articleSection\":[\"Pol\u00edtica\"],\"inLanguage\":\"pt-BR\",\"potentialAction\":[{\"@type\":\"CommentAction\",\"name\":\"Comment\",\"target\":[\"https:\/\/ubanews.com\/site\/2019\/06\/10\/site-divulga-trechos-de-mensagens-atribuidas-a-procuradores-da-lava-jato-e-a-sergio-moro\/#respond\"]}]},{\"@type\":\"WebPage\",\"@id\":\"https:\/\/ubanews.com\/site\/2019\/06\/10\/site-divulga-trechos-de-mensagens-atribuidas-a-procuradores-da-lava-jato-e-a-sergio-moro\/\",\"url\":\"https:\/\/ubanews.com\/site\/2019\/06\/10\/site-divulga-trechos-de-mensagens-atribuidas-a-procuradores-da-lava-jato-e-a-sergio-moro\/\",\"name\":\"Site divulga trechos de mensagens atribu\u00eddas a procuradores da Lava Jato e a S\u00e9rgio Moro - Ub\u00e1 News\",\"isPartOf\":{\"@id\":\"https:\/\/ubanews.com\/site\/#website\"},\"primaryImageOfPage\":{\"@id\":\"https:\/\/ubanews.com\/site\/2019\/06\/10\/site-divulga-trechos-de-mensagens-atribuidas-a-procuradores-da-lava-jato-e-a-sergio-moro\/#primaryimage\"},\"image\":{\"@id\":\"https:\/\/ubanews.com\/site\/2019\/06\/10\/site-divulga-trechos-de-mensagens-atribuidas-a-procuradores-da-lava-jato-e-a-sergio-moro\/#primaryimage\"},\"thumbnailUrl\":\"https:\/\/ubanews.com\/site\/wp-content\/uploads\/2019\/06\/Sergio-Moro.jpg\",\"datePublished\":\"2019-06-10T13:23:39+00:00\",\"dateModified\":\"2019-07-05T00:50:06+00:00\",\"breadcrumb\":{\"@id\":\"https:\/\/ubanews.com\/site\/2019\/06\/10\/site-divulga-trechos-de-mensagens-atribuidas-a-procuradores-da-lava-jato-e-a-sergio-moro\/#breadcrumb\"},\"inLanguage\":\"pt-BR\",\"potentialAction\":[{\"@type\":\"ReadAction\",\"target\":[\"https:\/\/ubanews.com\/site\/2019\/06\/10\/site-divulga-trechos-de-mensagens-atribuidas-a-procuradores-da-lava-jato-e-a-sergio-moro\/\"]}]},{\"@type\":\"ImageObject\",\"inLanguage\":\"pt-BR\",\"@id\":\"https:\/\/ubanews.com\/site\/2019\/06\/10\/site-divulga-trechos-de-mensagens-atribuidas-a-procuradores-da-lava-jato-e-a-sergio-moro\/#primaryimage\",\"url\":\"https:\/\/ubanews.com\/site\/wp-content\/uploads\/2019\/06\/Sergio-Moro.jpg\",\"contentUrl\":\"https:\/\/ubanews.com\/site\/wp-content\/uploads\/2019\/06\/Sergio-Moro.jpg\",\"width\":1000,\"height\":500},{\"@type\":\"BreadcrumbList\",\"@id\":\"https:\/\/ubanews.com\/site\/2019\/06\/10\/site-divulga-trechos-de-mensagens-atribuidas-a-procuradores-da-lava-jato-e-a-sergio-moro\/#breadcrumb\",\"itemListElement\":[{\"@type\":\"ListItem\",\"position\":1,\"name\":\"Home\",\"item\":\"https:\/\/ubanews.com\/site\/\"},{\"@type\":\"ListItem\",\"position\":2,\"name\":\"Site divulga trechos de mensagens atribu\u00eddas a procuradores da Lava Jato e a S\u00e9rgio Moro\"}]},{\"@type\":\"WebSite\",\"@id\":\"https:\/\/ubanews.com\/site\/#website\",\"url\":\"https:\/\/ubanews.com\/site\/\",\"name\":\"Ub\u00e1 News\",\"description\":\"\",\"publisher\":{\"@id\":\"https:\/\/ubanews.com\/site\/#organization\"},\"potentialAction\":[{\"@type\":\"SearchAction\",\"target\":{\"@type\":\"EntryPoint\",\"urlTemplate\":\"https:\/\/ubanews.com\/site\/?s={search_term_string}\"},\"query-input\":{\"@type\":\"PropertyValueSpecification\",\"valueRequired\":true,\"valueName\":\"search_term_string\"}}],\"inLanguage\":\"pt-BR\"},{\"@type\":\"Organization\",\"@id\":\"https:\/\/ubanews.com\/site\/#organization\",\"name\":\"Ub\u00e1 News\",\"url\":\"https:\/\/ubanews.com\/site\/\",\"logo\":{\"@type\":\"ImageObject\",\"inLanguage\":\"pt-BR\",\"@id\":\"https:\/\/ubanews.com\/site\/#\/schema\/logo\/image\/\",\"url\":\"https:\/\/ubanews.com\/site\/wp-content\/uploads\/2018\/01\/logoubanews.png\",\"contentUrl\":\"https:\/\/ubanews.com\/site\/wp-content\/uploads\/2018\/01\/logoubanews.png\",\"width\":261,\"height\":99,\"caption\":\"Ub\u00e1 News\"},\"image\":{\"@id\":\"https:\/\/ubanews.com\/site\/#\/schema\/logo\/image\/\"},\"sameAs\":[\"https:\/\/www.facebook.com\/Ub\u00e1News-Carlos-Roberto-Sodr\u00e9-418778301977370\"]},{\"@type\":\"Person\",\"@id\":\"https:\/\/ubanews.com\/site\/#\/schema\/person\/d90c9e47252fbb63dcc969fe4c8b9d10\",\"name\":\"Sodr\u00e9\",\"image\":{\"@type\":\"ImageObject\",\"inLanguage\":\"pt-BR\",\"@id\":\"https:\/\/secure.gravatar.com\/avatar\/5ba2793f0590b9dbfad3fdec4ee714485b3eef211c9b32ee53d414060454a56c?s=96&d=mm&r=g\",\"url\":\"https:\/\/secure.gravatar.com\/avatar\/5ba2793f0590b9dbfad3fdec4ee714485b3eef211c9b32ee53d414060454a56c?s=96&d=mm&r=g\",\"contentUrl\":\"https:\/\/secure.gravatar.com\/avatar\/5ba2793f0590b9dbfad3fdec4ee714485b3eef211c9b32ee53d414060454a56c?s=96&d=mm&r=g\",\"caption\":\"Sodr\u00e9\"},\"sameAs\":[\"https:\/\/www.facebook.com\/carosroberto.sodre.5\/\"],\"url\":\"https:\/\/ubanews.com\/site\/author\/felipe\/\"}]}<\/script>\n<!-- \/ Yoast SEO plugin. -->","yoast_head_json":{"title":"Site divulga trechos de mensagens atribu\u00eddas a procuradores da Lava Jato e a S\u00e9rgio Moro - Ub\u00e1 News","robots":{"index":"index","follow":"follow","max-snippet":"max-snippet:-1","max-image-preview":"max-image-preview:large","max-video-preview":"max-video-preview:-1"},"canonical":"https:\/\/ubanews.com\/site\/2019\/06\/10\/site-divulga-trechos-de-mensagens-atribuidas-a-procuradores-da-lava-jato-e-a-sergio-moro\/","og_locale":"pt_BR","og_type":"article","og_title":"Site divulga trechos de mensagens atribu\u00eddas a procuradores da Lava Jato e a S\u00e9rgio Moro - Ub\u00e1 News","og_description":"O site diz que procuradores, entre eles Deltan Dallagnol, trocaram","og_url":"https:\/\/ubanews.com\/site\/2019\/06\/10\/site-divulga-trechos-de-mensagens-atribuidas-a-procuradores-da-lava-jato-e-a-sergio-moro\/","og_site_name":"Ub\u00e1 News","article_publisher":"https:\/\/www.facebook.com\/Ub%c3%a1News-Carlos-Roberto-Sodr%c3%a9-418778301977370","article_author":"https:\/\/www.facebook.com\/carosroberto.sodre.5\/","article_published_time":"2019-06-10T13:23:39+00:00","article_modified_time":"2019-07-05T00:50:06+00:00","og_image":[{"width":1000,"height":500,"url":"https:\/\/ubanews.com\/site\/wp-content\/uploads\/2019\/06\/Sergio-Moro.jpg","type":"image\/jpeg"}],"author":"Sodr\u00e9","twitter_card":"summary_large_image","twitter_misc":{"Escrito por":"Sodr\u00e9","Est. tempo de leitura":"14 minutos"},"schema":{"@context":"https:\/\/schema.org","@graph":[{"@type":"Article","@id":"https:\/\/ubanews.com\/site\/2019\/06\/10\/site-divulga-trechos-de-mensagens-atribuidas-a-procuradores-da-lava-jato-e-a-sergio-moro\/#article","isPartOf":{"@id":"https:\/\/ubanews.com\/site\/2019\/06\/10\/site-divulga-trechos-de-mensagens-atribuidas-a-procuradores-da-lava-jato-e-a-sergio-moro\/"},"author":{"name":"Sodr\u00e9","@id":"https:\/\/ubanews.com\/site\/#\/schema\/person\/d90c9e47252fbb63dcc969fe4c8b9d10"},"headline":"Site divulga trechos de mensagens atribu\u00eddas a procuradores da Lava Jato e a S\u00e9rgio Moro","datePublished":"2019-06-10T13:23:39+00:00","dateModified":"2019-07-05T00:50:06+00:00","mainEntityOfPage":{"@id":"https:\/\/ubanews.com\/site\/2019\/06\/10\/site-divulga-trechos-de-mensagens-atribuidas-a-procuradores-da-lava-jato-e-a-sergio-moro\/"},"wordCount":2885,"commentCount":0,"publisher":{"@id":"https:\/\/ubanews.com\/site\/#organization"},"image":{"@id":"https:\/\/ubanews.com\/site\/2019\/06\/10\/site-divulga-trechos-de-mensagens-atribuidas-a-procuradores-da-lava-jato-e-a-sergio-moro\/#primaryimage"},"thumbnailUrl":"https:\/\/ubanews.com\/site\/wp-content\/uploads\/2019\/06\/Sergio-Moro.jpg","articleSection":["Pol\u00edtica"],"inLanguage":"pt-BR","potentialAction":[{"@type":"CommentAction","name":"Comment","target":["https:\/\/ubanews.com\/site\/2019\/06\/10\/site-divulga-trechos-de-mensagens-atribuidas-a-procuradores-da-lava-jato-e-a-sergio-moro\/#respond"]}]},{"@type":"WebPage","@id":"https:\/\/ubanews.com\/site\/2019\/06\/10\/site-divulga-trechos-de-mensagens-atribuidas-a-procuradores-da-lava-jato-e-a-sergio-moro\/","url":"https:\/\/ubanews.com\/site\/2019\/06\/10\/site-divulga-trechos-de-mensagens-atribuidas-a-procuradores-da-lava-jato-e-a-sergio-moro\/","name":"Site divulga trechos de mensagens atribu\u00eddas a procuradores da Lava Jato e a S\u00e9rgio Moro - Ub\u00e1 News","isPartOf":{"@id":"https:\/\/ubanews.com\/site\/#website"},"primaryImageOfPage":{"@id":"https:\/\/ubanews.com\/site\/2019\/06\/10\/site-divulga-trechos-de-mensagens-atribuidas-a-procuradores-da-lava-jato-e-a-sergio-moro\/#primaryimage"},"image":{"@id":"https:\/\/ubanews.com\/site\/2019\/06\/10\/site-divulga-trechos-de-mensagens-atribuidas-a-procuradores-da-lava-jato-e-a-sergio-moro\/#primaryimage"},"thumbnailUrl":"https:\/\/ubanews.com\/site\/wp-content\/uploads\/2019\/06\/Sergio-Moro.jpg","datePublished":"2019-06-10T13:23:39+00:00","dateModified":"2019-07-05T00:50:06+00:00","breadcrumb":{"@id":"https:\/\/ubanews.com\/site\/2019\/06\/10\/site-divulga-trechos-de-mensagens-atribuidas-a-procuradores-da-lava-jato-e-a-sergio-moro\/#breadcrumb"},"inLanguage":"pt-BR","potentialAction":[{"@type":"ReadAction","target":["https:\/\/ubanews.com\/site\/2019\/06\/10\/site-divulga-trechos-de-mensagens-atribuidas-a-procuradores-da-lava-jato-e-a-sergio-moro\/"]}]},{"@type":"ImageObject","inLanguage":"pt-BR","@id":"https:\/\/ubanews.com\/site\/2019\/06\/10\/site-divulga-trechos-de-mensagens-atribuidas-a-procuradores-da-lava-jato-e-a-sergio-moro\/#primaryimage","url":"https:\/\/ubanews.com\/site\/wp-content\/uploads\/2019\/06\/Sergio-Moro.jpg","contentUrl":"https:\/\/ubanews.com\/site\/wp-content\/uploads\/2019\/06\/Sergio-Moro.jpg","width":1000,"height":500},{"@type":"BreadcrumbList","@id":"https:\/\/ubanews.com\/site\/2019\/06\/10\/site-divulga-trechos-de-mensagens-atribuidas-a-procuradores-da-lava-jato-e-a-sergio-moro\/#breadcrumb","itemListElement":[{"@type":"ListItem","position":1,"name":"Home","item":"https:\/\/ubanews.com\/site\/"},{"@type":"ListItem","position":2,"name":"Site divulga trechos de mensagens atribu\u00eddas a procuradores da Lava Jato e a S\u00e9rgio Moro"}]},{"@type":"WebSite","@id":"https:\/\/ubanews.com\/site\/#website","url":"https:\/\/ubanews.com\/site\/","name":"Ub\u00e1 News","description":"","publisher":{"@id":"https:\/\/ubanews.com\/site\/#organization"},"potentialAction":[{"@type":"SearchAction","target":{"@type":"EntryPoint","urlTemplate":"https:\/\/ubanews.com\/site\/?s={search_term_string}"},"query-input":{"@type":"PropertyValueSpecification","valueRequired":true,"valueName":"search_term_string"}}],"inLanguage":"pt-BR"},{"@type":"Organization","@id":"https:\/\/ubanews.com\/site\/#organization","name":"Ub\u00e1 News","url":"https:\/\/ubanews.com\/site\/","logo":{"@type":"ImageObject","inLanguage":"pt-BR","@id":"https:\/\/ubanews.com\/site\/#\/schema\/logo\/image\/","url":"https:\/\/ubanews.com\/site\/wp-content\/uploads\/2018\/01\/logoubanews.png","contentUrl":"https:\/\/ubanews.com\/site\/wp-content\/uploads\/2018\/01\/logoubanews.png","width":261,"height":99,"caption":"Ub\u00e1 News"},"image":{"@id":"https:\/\/ubanews.com\/site\/#\/schema\/logo\/image\/"},"sameAs":["https:\/\/www.facebook.com\/Ub\u00e1News-Carlos-Roberto-Sodr\u00e9-418778301977370"]},{"@type":"Person","@id":"https:\/\/ubanews.com\/site\/#\/schema\/person\/d90c9e47252fbb63dcc969fe4c8b9d10","name":"Sodr\u00e9","image":{"@type":"ImageObject","inLanguage":"pt-BR","@id":"https:\/\/secure.gravatar.com\/avatar\/5ba2793f0590b9dbfad3fdec4ee714485b3eef211c9b32ee53d414060454a56c?s=96&d=mm&r=g","url":"https:\/\/secure.gravatar.com\/avatar\/5ba2793f0590b9dbfad3fdec4ee714485b3eef211c9b32ee53d414060454a56c?s=96&d=mm&r=g","contentUrl":"https:\/\/secure.gravatar.com\/avatar\/5ba2793f0590b9dbfad3fdec4ee714485b3eef211c9b32ee53d414060454a56c?s=96&d=mm&r=g","caption":"Sodr\u00e9"},"sameAs":["https:\/\/www.facebook.com\/carosroberto.sodre.5\/"],"url":"https:\/\/ubanews.com\/site\/author\/felipe\/"}]}},"_links":{"self":[{"href":"https:\/\/ubanews.com\/site\/wp-json\/wp\/v2\/posts\/12108","targetHints":{"allow":["GET"]}}],"collection":[{"href":"https:\/\/ubanews.com\/site\/wp-json\/wp\/v2\/posts"}],"about":[{"href":"https:\/\/ubanews.com\/site\/wp-json\/wp\/v2\/types\/post"}],"author":[{"embeddable":true,"href":"https:\/\/ubanews.com\/site\/wp-json\/wp\/v2\/users\/2"}],"replies":[{"embeddable":true,"href":"https:\/\/ubanews.com\/site\/wp-json\/wp\/v2\/comments?post=12108"}],"version-history":[{"count":0,"href":"https:\/\/ubanews.com\/site\/wp-json\/wp\/v2\/posts\/12108\/revisions"}],"wp:featuredmedia":[{"embeddable":true,"href":"https:\/\/ubanews.com\/site\/wp-json\/wp\/v2\/media\/12109"}],"wp:attachment":[{"href":"https:\/\/ubanews.com\/site\/wp-json\/wp\/v2\/media?parent=12108"}],"wp:term":[{"taxonomy":"category","embeddable":true,"href":"https:\/\/ubanews.com\/site\/wp-json\/wp\/v2\/categories?post=12108"},{"taxonomy":"post_tag","embeddable":true,"href":"https:\/\/ubanews.com\/site\/wp-json\/wp\/v2\/tags?post=12108"}],"curies":[{"name":"wp","href":"https:\/\/api.w.org\/{rel}","templated":true}]}}