{"id":11981,"date":"2019-05-29T11:08:36","date_gmt":"2019-05-29T14:08:36","guid":{"rendered":"http:\/\/ubanews.com\/site\/?p=11981"},"modified":"2019-05-29T11:43:03","modified_gmt":"2019-05-29T14:43:03","slug":"motociclista-adultera-placa-de-veiculo-e-e-preso-pela-policia-apos-denuncias-anonimas","status":"publish","type":"post","link":"https:\/\/ubanews.com\/site\/2019\/05\/29\/motociclista-adultera-placa-de-veiculo-e-e-preso-pela-policia-apos-denuncias-anonimas\/","title":{"rendered":"MOTOCICLISTA ADULTERA PLACA DE VE\u00cdCULO E \u00c9 PRESO PELA POL\u00cdCIA AP\u00d3S DEN\u00daNCIAS AN\u00d4NIMAS"},"content":{"rendered":"<p><a href=\"https:\/\/docs.google.com\/forms\/d\/14-gnGBZfSajC8zc6-h6rdnRkeN0rHTb4HDTW1g2GHe4\/viewform?vc=0&amp;c=0&amp;w=1&amp;edit_requested=true\" target=\"_blank\" rel=\"noopener\"><img loading=\"lazy\" decoding=\"async\" class=\"alignright wp-image-11828 size-medium\" src=\"https:\/\/ubanews.com\/site\/wp-content\/uploads\/2019\/05\/Marcio-4-300x276.gif\" alt=\"\" width=\"300\" height=\"276\" srcset=\"https:\/\/ubanews.com\/site\/wp-content\/uploads\/2019\/05\/Marcio-4-300x276.gif 300w, https:\/\/ubanews.com\/site\/wp-content\/uploads\/2019\/05\/Marcio-4-768x707.gif 768w\" sizes=\"auto, (max-width: 300px) 100vw, 300px\" \/><\/a>No dia 28 de Maio, \u00e0s 20 horas e 09 minutos, \u00e0 Pra\u00e7a Francisco Parma, a Pol\u00edcia Militar ap\u00f3s receber den\u00fancias an\u00f4nimas, que um indiv\u00edduo estaria de posse de uma motocicleta Lander com placa de outro ve\u00edculo que seria furtado\/roubado. No local foi constatado que realmente o autor havia colocado na motocicleta Lander XTZ 250 de cor vermelha, a placa PXU-9526, referente a um ciclomotor Trax de cor vermelha, por\u00e9m a verdadeira placa seria HEN-4921.O autor foi preso e a motocicleta removida ao p\u00e1tio credenciado.<\/p>\n<div><span style=\"font-family: 'Arial','sans-serif';\"><span style=\"font-size: large;\"><b>ASSESSORIA DE COMUNICA\u00c7\u00c3O ORGANIZACIONAL<\/b><\/span><i><b><br \/>\n<\/b><\/i><\/span><\/div>\n<p><span style=\"font-family: 'Arial','sans-serif';\"><i>Vig\u00e9simo Primeiro Batalh\u00e3o de Pol\u00edcia Militar<\/i><\/span><\/p>\n","protected":false},"excerpt":{"rendered":"<p>No dia 28 de Maio, \u00e0s 20 horas e 09<\/p>\n","protected":false},"author":2,"featured_media":6470,"comment_status":"open","ping_status":"open","sticky":false,"template":"","format":"standard","meta":{"footnotes":""},"categories":[13],"tags":[],"class_list":["post-11981","post","type-post","status-publish","format-standard","has-post-thumbnail","hentry","category-sintese-das-ocorrencias"],"_links":{"self":[{"href":"https:\/\/ubanews.com\/site\/wp-json\/wp\/v2\/posts\/11981","targetHints":{"allow":["GET"]}}],"collection":[{"href":"https:\/\/ubanews.com\/site\/wp-json\/wp\/v2\/posts"}],"about":[{"href":"https:\/\/ubanews.com\/site\/wp-json\/wp\/v2\/types\/post"}],"author":[{"embeddable":true,"href":"https:\/\/ubanews.com\/site\/wp-json\/wp\/v2\/users\/2"}],"replies":[{"embeddable":true,"href":"https:\/\/ubanews.com\/site\/wp-json\/wp\/v2\/comments?post=11981"}],"version-history":[{"count":0,"href":"https:\/\/ubanews.com\/site\/wp-json\/wp\/v2\/posts\/11981\/revisions"}],"wp:featuredmedia":[{"embeddable":true,"href":"https:\/\/ubanews.com\/site\/wp-json\/wp\/v2\/media\/6470"}],"wp:attachment":[{"href":"https:\/\/ubanews.com\/site\/wp-json\/wp\/v2\/media?parent=11981"}],"wp:term":[{"taxonomy":"category","embeddable":true,"href":"https:\/\/ubanews.com\/site\/wp-json\/wp\/v2\/categories?post=11981"},{"taxonomy":"post_tag","embeddable":true,"href":"https:\/\/ubanews.com\/site\/wp-json\/wp\/v2\/tags?post=11981"}],"curies":[{"name":"wp","href":"https:\/\/api.w.org\/{rel}","templated":true}]}}