{"id":11978,"date":"2019-05-29T10:10:54","date_gmt":"2019-05-29T13:10:54","guid":{"rendered":"http:\/\/ubanews.com\/site\/?p=11978"},"modified":"2019-05-29T10:10:54","modified_gmt":"2019-05-29T13:10:54","slug":"operacao-cronos-ii-e-deflagrada-na-zona-da-mata-e-resulta-em-12-prisoes","status":"publish","type":"post","link":"https:\/\/ubanews.com\/site\/2019\/05\/29\/operacao-cronos-ii-e-deflagrada-na-zona-da-mata-e-resulta-em-12-prisoes\/","title":{"rendered":"Opera\u00e7\u00e3o Cronos II \u00e9 deflagrada na Zona da Mata e resulta em 12 pris\u00f5es"},"content":{"rendered":"<p><a href=\"https:\/\/docs.google.com\/forms\/d\/14-gnGBZfSajC8zc6-h6rdnRkeN0rHTb4HDTW1g2GHe4\/viewform?vc=0&amp;c=0&amp;w=1&amp;edit_requested=true\" target=\"_blank\" rel=\"noopener\"><img loading=\"lazy\" decoding=\"async\" class=\"alignright wp-image-11828 size-medium\" src=\"https:\/\/ubanews.com\/site\/wp-content\/uploads\/2019\/05\/Marcio-4-300x276.gif\" alt=\"\" width=\"300\" height=\"276\" srcset=\"https:\/\/ubanews.com\/site\/wp-content\/uploads\/2019\/05\/Marcio-4-300x276.gif 300w, https:\/\/ubanews.com\/site\/wp-content\/uploads\/2019\/05\/Marcio-4-768x707.gif 768w\" sizes=\"auto, (max-width: 300px) 100vw, 300px\" \/><\/a>Na ter\u00e7a-feira (28), a opera\u00e7\u00e3o nacional Cronos II, coordenada pelo&nbsp;Conselho Nacional dos Chefes de Pol\u00edcia Civil, foi deflagrada na \u00e1rea do&nbsp;4\u00ba Departamento de Pol\u00edcia Civil, unidade que compreende Delegacias&nbsp;Regionais de Juiz de Fora, Ub\u00e1, Leopoldina, Muria\u00e9 e Vi\u00e7osa. A a\u00e7\u00e3o&nbsp;tamb\u00e9m aconteceu em todo o Estado para o cumprimento de mandados em&nbsp;<br \/>\naberto de homic\u00eddios e de feminic\u00eddios (consumados e tentados). No&nbsp;\u00e2mbito do Departamento, foram cumpridos 12 mandados de pris\u00e3o.<\/p>\n<p>Em Juiz de Fora, cinco homens foram presos em cumprimento de mandados de&nbsp;<br \/>\npris\u00e3o, entre eles, um em desfavor de um homem de 39 anos. Durante&nbsp;<br \/>\ncoletiva de imprensa, realizada na 1\u00aa Delegacia Regional de Juiz de&nbsp;<br \/>\nFora, o titular da Delegacia Especializada de Homic\u00eddios, Delegado&nbsp;<br \/>\nRodrigo Rolli, explicou que tamb\u00e9m foram cumpridos dois mandados de&nbsp;<br \/>\npris\u00e3o em desfavor de suspeitos envolvidos na morte de um jovem de 18&nbsp;<br \/>\nanos,&nbsp; e na tentativa de homic\u00eddio em desfavor de outro jovem , de 23&nbsp;<br \/>\nanos, no dia&nbsp; 14 de abril, no Bairro Furtado de Menezes. Tamb\u00e9m foi&nbsp;<br \/>\npreso o suspeito envolvido no homic\u00eddio consumado, ocorrido no dia 23 de&nbsp;<br \/>\nmar\u00e7o, que vitimou um homem de 25 anos, no mesmo bairro. J\u00e1 a Delegada&nbsp;<br \/>\nCarolina Gon\u00e7alves, que atua na Delegacia Especializada de Atendimento \u00e0&nbsp;<br \/>\nMulher, falou sobre as investiga\u00e7\u00f5es e a pris\u00e3o do ex-namorado de Alicia&nbsp;<br \/>\nMaria Freitas Cordeiro, 18 anos. A v\u00edtima foi assassinada durante um&nbsp;<br \/>\nchurrasco, no Bairro Graja\u00fa, no dia 07 de setembro de 2018.<\/p>\n<p>Policiais civis de Ub\u00e1 tamb\u00e9m cumpriram um mandado de pris\u00e3o em desfavor&nbsp;<br \/>\nde um homem de 26 anos, suspeito de ter cometido o crime de homic\u00eddio&nbsp;<br \/>\nqualificado tentado, por motivo f\u00fatil, ocorrido no dia 04 de maio, na&nbsp;<br \/>\nZona Rural de Tanquinho, em Ub\u00e1. N\u00e3o ocasi\u00e3o, dois autores &#8211; um maior e&nbsp;<br \/>\noutro menor-, ap\u00f3s se desentenderem, iniciaram uma troca de tiros,&nbsp;<br \/>\ndentro de uma festa nominada de &#8220;Social&#8221;, que acabou atingindo os&nbsp;<br \/>\npr\u00f3prios suspeitos, bem como tr\u00eas pessoas inocentes. Tamb\u00e9m foi cumprido&nbsp;<br \/>\nmandado de busca e apreens\u00e3o em desfavor de um adolescente infrator, de&nbsp;<br \/>\n17 anos. Segundo informa\u00e7\u00f5es do Delegado Regional de Ub\u00e1, Dr Diego&nbsp;<br \/>\nCandian Alves, tamb\u00e9m foram apreendidos um revolver calibre .38, com&nbsp;<br \/>\ncinco muni\u00e7\u00f5es intactas, centenas de pinos para embalagem de drogas,&nbsp;<br \/>\nenv\u00f3lucros e fitas para embalagem de drogas, duas barras de maconha e&nbsp;<br \/>\nduas embalagens contendo v\u00e1rias pedras de crack. Al\u00e9m disso, tamb\u00e9m&nbsp;<br \/>\nforam localizadas uma balan\u00e7a de precis\u00e3o, seis gaiolas contendo&nbsp;<br \/>\np\u00e1ssaros da fauna silvestre n\u00e3o anilhados e uma armadilha para captura&nbsp;<br \/>\nde p\u00e1ssaros.<\/p>\n<p>Al\u00e9m dessas pris\u00f5es, tamb\u00e9m foram cumpridos tr\u00eas mandados de pris\u00e3o da&nbsp;<br \/>\n\u00e1rea da 3\u00aa Delegacia Regional de Leopoldina (3\u00aa DRPC), que culminaram na&nbsp;<br \/>\npris\u00e3o de foragidos da Justi\u00e7a. Um mandado foi cumprido em desfavor de&nbsp;<br \/>\num homem de 34 anos, em Cataguases, e outros dois no munic\u00edpio de Carmo,&nbsp;<br \/>\nno Rio de Janeiro, em desfavor de jovens de 21 e 23 anos, ap\u00f3s a a\u00e7\u00e3o da&nbsp;<br \/>\n28\u00aa Delegacia de Pol\u00edcia Civil em Al\u00e9m Para\u00edba. J\u00e1 em Muria\u00e9,&nbsp; dois&nbsp;<br \/>\nsuspeitos, de 22 e 51 anos, foram presos no Bairro Itamuri, pela pr\u00e1tica&nbsp;<br \/>\nde homic\u00eddios tentado e consumado, e um homem de 32 anos, no Bairro&nbsp;<br \/>\nSafira, por homic\u00eddio. Na \u00e1rea da 5\u00aa Delegacia Regional de Vi\u00e7osa,&nbsp;<br \/>\npoliciais civis realizaram dilig\u00eancias, mas a a\u00e7\u00e3o n\u00e3o resultou em&nbsp;<br \/>\npris\u00f5es.<\/p>\n<p><strong>ASSESSORIA DE COMUNICA\u00c7\u00c3O DA POL\u00cdCIA CIVIL DE MINAS GERAIS<\/strong><\/p>\n","protected":false},"excerpt":{"rendered":"<p>Na ter\u00e7a-feira (28), a opera\u00e7\u00e3o nacional Cronos II, coordenada pelo&nbsp;Conselho<\/p>\n","protected":false},"author":2,"featured_media":6482,"comment_status":"open","ping_status":"open","sticky":false,"template":"","format":"standard","meta":{"footnotes":""},"categories":[13],"tags":[],"class_list":["post-11978","post","type-post","status-publish","format-standard","has-post-thumbnail","hentry","category-sintese-das-ocorrencias"],"_links":{"self":[{"href":"https:\/\/ubanews.com\/site\/wp-json\/wp\/v2\/posts\/11978","targetHints":{"allow":["GET"]}}],"collection":[{"href":"https:\/\/ubanews.com\/site\/wp-json\/wp\/v2\/posts"}],"about":[{"href":"https:\/\/ubanews.com\/site\/wp-json\/wp\/v2\/types\/post"}],"author":[{"embeddable":true,"href":"https:\/\/ubanews.com\/site\/wp-json\/wp\/v2\/users\/2"}],"replies":[{"embeddable":true,"href":"https:\/\/ubanews.com\/site\/wp-json\/wp\/v2\/comments?post=11978"}],"version-history":[{"count":0,"href":"https:\/\/ubanews.com\/site\/wp-json\/wp\/v2\/posts\/11978\/revisions"}],"wp:featuredmedia":[{"embeddable":true,"href":"https:\/\/ubanews.com\/site\/wp-json\/wp\/v2\/media\/6482"}],"wp:attachment":[{"href":"https:\/\/ubanews.com\/site\/wp-json\/wp\/v2\/media?parent=11978"}],"wp:term":[{"taxonomy":"category","embeddable":true,"href":"https:\/\/ubanews.com\/site\/wp-json\/wp\/v2\/categories?post=11978"},{"taxonomy":"post_tag","embeddable":true,"href":"https:\/\/ubanews.com\/site\/wp-json\/wp\/v2\/tags?post=11978"}],"curies":[{"name":"wp","href":"https:\/\/api.w.org\/{rel}","templated":true}]}}