{"id":1195,"date":"2018-03-23T06:10:26","date_gmt":"2018-03-23T09:10:26","guid":{"rendered":"http:\/\/ubanews.com\/site\/?p=1195"},"modified":"2018-03-27T23:28:32","modified_gmt":"2018-03-28T02:28:32","slug":"predio-com-ameaca-de-desabar-assusta-moradores","status":"publish","type":"post","link":"https:\/\/ubanews.com\/site\/2018\/03\/23\/predio-com-ameaca-de-desabar-assusta-moradores\/","title":{"rendered":"Pr\u00e9dio com amea\u00e7a de desabar assusta moradores"},"content":{"rendered":"<p><img decoding=\"async\" class=\"alignnone size-full wp-image-1196 lazyload\" data-src=\"https:\/\/ubanews.com\/site\/wp-content\/uploads\/2018\/03\/DSC8285-c\u00f3pia.jpg\" alt=\"\" width=\"3661\" height=\"2126\" data-srcset=\"https:\/\/ubanews.com\/site\/wp-content\/uploads\/2018\/03\/DSC8285-c\u00f3pia.jpg 3661w, https:\/\/ubanews.com\/site\/wp-content\/uploads\/2018\/03\/DSC8285-c\u00f3pia-300x174.jpg 300w, https:\/\/ubanews.com\/site\/wp-content\/uploads\/2018\/03\/DSC8285-c\u00f3pia-768x446.jpg 768w, https:\/\/ubanews.com\/site\/wp-content\/uploads\/2018\/03\/DSC8285-c\u00f3pia-1024x595.jpg 1024w\" data-sizes=\"(max-width: 3661px) 100vw, 3661px\" src=\"data:image\/svg+xml;base64,PHN2ZyB3aWR0aD0iMSIgaGVpZ2h0PSIxIiB4bWxucz0iaHR0cDovL3d3dy53My5vcmcvMjAwMC9zdmciPjwvc3ZnPg==\" style=\"--smush-placeholder-width: 3661px; --smush-placeholder-aspect-ratio: 3661\/2126;\" \/> <img decoding=\"async\" class=\"alignnone size-full wp-image-1197 lazyload\" data-src=\"https:\/\/ubanews.com\/site\/wp-content\/uploads\/2018\/03\/DSC8286-c\u00f3pia.jpg\" alt=\"\" width=\"3661\" height=\"2126\" data-srcset=\"https:\/\/ubanews.com\/site\/wp-content\/uploads\/2018\/03\/DSC8286-c\u00f3pia.jpg 3661w, https:\/\/ubanews.com\/site\/wp-content\/uploads\/2018\/03\/DSC8286-c\u00f3pia-300x174.jpg 300w, https:\/\/ubanews.com\/site\/wp-content\/uploads\/2018\/03\/DSC8286-c\u00f3pia-768x446.jpg 768w, https:\/\/ubanews.com\/site\/wp-content\/uploads\/2018\/03\/DSC8286-c\u00f3pia-1024x595.jpg 1024w\" data-sizes=\"(max-width: 3661px) 100vw, 3661px\" src=\"data:image\/svg+xml;base64,PHN2ZyB3aWR0aD0iMSIgaGVpZ2h0PSIxIiB4bWxucz0iaHR0cDovL3d3dy53My5vcmcvMjAwMC9zdmciPjwvc3ZnPg==\" style=\"--smush-placeholder-width: 3661px; --smush-placeholder-aspect-ratio: 3661\/2126;\" \/> <img decoding=\"async\" class=\"alignnone size-full wp-image-1198 lazyload\" data-src=\"https:\/\/ubanews.com\/site\/wp-content\/uploads\/2018\/03\/DSC8289-c\u00f3pia.jpg\" alt=\"\" width=\"3661\" height=\"2126\" data-srcset=\"https:\/\/ubanews.com\/site\/wp-content\/uploads\/2018\/03\/DSC8289-c\u00f3pia.jpg 3661w, https:\/\/ubanews.com\/site\/wp-content\/uploads\/2018\/03\/DSC8289-c\u00f3pia-300x174.jpg 300w, https:\/\/ubanews.com\/site\/wp-content\/uploads\/2018\/03\/DSC8289-c\u00f3pia-768x446.jpg 768w, https:\/\/ubanews.com\/site\/wp-content\/uploads\/2018\/03\/DSC8289-c\u00f3pia-1024x595.jpg 1024w\" data-sizes=\"(max-width: 3661px) 100vw, 3661px\" src=\"data:image\/svg+xml;base64,PHN2ZyB3aWR0aD0iMSIgaGVpZ2h0PSIxIiB4bWxucz0iaHR0cDovL3d3dy53My5vcmcvMjAwMC9zdmciPjwvc3ZnPg==\" style=\"--smush-placeholder-width: 3661px; --smush-placeholder-aspect-ratio: 3661\/2126;\" \/> <img decoding=\"async\" class=\"alignnone size-full wp-image-1199 lazyload\" data-src=\"https:\/\/ubanews.com\/site\/wp-content\/uploads\/2018\/03\/DSC8291-c\u00f3pia.jpg\" alt=\"\" width=\"3661\" height=\"2126\" data-srcset=\"https:\/\/ubanews.com\/site\/wp-content\/uploads\/2018\/03\/DSC8291-c\u00f3pia.jpg 3661w, https:\/\/ubanews.com\/site\/wp-content\/uploads\/2018\/03\/DSC8291-c\u00f3pia-300x174.jpg 300w, https:\/\/ubanews.com\/site\/wp-content\/uploads\/2018\/03\/DSC8291-c\u00f3pia-768x446.jpg 768w, https:\/\/ubanews.com\/site\/wp-content\/uploads\/2018\/03\/DSC8291-c\u00f3pia-1024x595.jpg 1024w\" data-sizes=\"(max-width: 3661px) 100vw, 3661px\" src=\"data:image\/svg+xml;base64,PHN2ZyB3aWR0aD0iMSIgaGVpZ2h0PSIxIiB4bWxucz0iaHR0cDovL3d3dy53My5vcmcvMjAwMC9zdmciPjwvc3ZnPg==\" style=\"--smush-placeholder-width: 3661px; --smush-placeholder-aspect-ratio: 3661\/2126;\" \/> <img decoding=\"async\" class=\"alignnone size-full wp-image-1200 lazyload\" data-src=\"https:\/\/ubanews.com\/site\/wp-content\/uploads\/2018\/03\/DSC8294-c\u00f3pia.jpg\" alt=\"\" width=\"3661\" height=\"2126\" data-srcset=\"https:\/\/ubanews.com\/site\/wp-content\/uploads\/2018\/03\/DSC8294-c\u00f3pia.jpg 3661w, https:\/\/ubanews.com\/site\/wp-content\/uploads\/2018\/03\/DSC8294-c\u00f3pia-300x174.jpg 300w, https:\/\/ubanews.com\/site\/wp-content\/uploads\/2018\/03\/DSC8294-c\u00f3pia-768x446.jpg 768w, https:\/\/ubanews.com\/site\/wp-content\/uploads\/2018\/03\/DSC8294-c\u00f3pia-1024x595.jpg 1024w\" data-sizes=\"(max-width: 3661px) 100vw, 3661px\" src=\"data:image\/svg+xml;base64,PHN2ZyB3aWR0aD0iMSIgaGVpZ2h0PSIxIiB4bWxucz0iaHR0cDovL3d3dy53My5vcmcvMjAwMC9zdmciPjwvc3ZnPg==\" style=\"--smush-placeholder-width: 3661px; --smush-placeholder-aspect-ratio: 3661\/2126;\" \/> <img decoding=\"async\" class=\"alignnone size-full wp-image-1201 lazyload\" data-src=\"https:\/\/ubanews.com\/site\/wp-content\/uploads\/2018\/03\/DSC8301-c\u00f3pia.jpg\" alt=\"\" width=\"3661\" height=\"2126\" data-srcset=\"https:\/\/ubanews.com\/site\/wp-content\/uploads\/2018\/03\/DSC8301-c\u00f3pia.jpg 3661w, https:\/\/ubanews.com\/site\/wp-content\/uploads\/2018\/03\/DSC8301-c\u00f3pia-300x174.jpg 300w, https:\/\/ubanews.com\/site\/wp-content\/uploads\/2018\/03\/DSC8301-c\u00f3pia-768x446.jpg 768w, https:\/\/ubanews.com\/site\/wp-content\/uploads\/2018\/03\/DSC8301-c\u00f3pia-1024x595.jpg 1024w\" data-sizes=\"(max-width: 3661px) 100vw, 3661px\" src=\"data:image\/svg+xml;base64,PHN2ZyB3aWR0aD0iMSIgaGVpZ2h0PSIxIiB4bWxucz0iaHR0cDovL3d3dy53My5vcmcvMjAwMC9zdmciPjwvc3ZnPg==\" style=\"--smush-placeholder-width: 3661px; --smush-placeholder-aspect-ratio: 3661\/2126;\" \/> <img decoding=\"async\" class=\"alignnone size-full wp-image-1202 lazyload\" data-src=\"https:\/\/ubanews.com\/site\/wp-content\/uploads\/2018\/03\/DSC8302-c\u00f3pia.jpg\" alt=\"\" width=\"3661\" height=\"2126\" data-srcset=\"https:\/\/ubanews.com\/site\/wp-content\/uploads\/2018\/03\/DSC8302-c\u00f3pia.jpg 3661w, https:\/\/ubanews.com\/site\/wp-content\/uploads\/2018\/03\/DSC8302-c\u00f3pia-300x174.jpg 300w, https:\/\/ubanews.com\/site\/wp-content\/uploads\/2018\/03\/DSC8302-c\u00f3pia-768x446.jpg 768w, https:\/\/ubanews.com\/site\/wp-content\/uploads\/2018\/03\/DSC8302-c\u00f3pia-1024x595.jpg 1024w\" data-sizes=\"(max-width: 3661px) 100vw, 3661px\" src=\"data:image\/svg+xml;base64,PHN2ZyB3aWR0aD0iMSIgaGVpZ2h0PSIxIiB4bWxucz0iaHR0cDovL3d3dy53My5vcmcvMjAwMC9zdmciPjwvc3ZnPg==\" style=\"--smush-placeholder-width: 3661px; --smush-placeholder-aspect-ratio: 3661\/2126;\" \/> <img decoding=\"async\" class=\"alignnone size-full wp-image-1203 lazyload\" data-src=\"https:\/\/ubanews.com\/site\/wp-content\/uploads\/2018\/03\/DSC8307-c\u00f3pia.jpg\" alt=\"\" width=\"3661\" height=\"2126\" data-srcset=\"https:\/\/ubanews.com\/site\/wp-content\/uploads\/2018\/03\/DSC8307-c\u00f3pia.jpg 3661w, https:\/\/ubanews.com\/site\/wp-content\/uploads\/2018\/03\/DSC8307-c\u00f3pia-300x174.jpg 300w, https:\/\/ubanews.com\/site\/wp-content\/uploads\/2018\/03\/DSC8307-c\u00f3pia-768x446.jpg 768w, https:\/\/ubanews.com\/site\/wp-content\/uploads\/2018\/03\/DSC8307-c\u00f3pia-1024x595.jpg 1024w\" data-sizes=\"(max-width: 3661px) 100vw, 3661px\" src=\"data:image\/svg+xml;base64,PHN2ZyB3aWR0aD0iMSIgaGVpZ2h0PSIxIiB4bWxucz0iaHR0cDovL3d3dy53My5vcmcvMjAwMC9zdmciPjwvc3ZnPg==\" style=\"--smush-placeholder-width: 3661px; --smush-placeholder-aspect-ratio: 3661\/2126;\" \/> <img decoding=\"async\" class=\"alignnone size-full wp-image-1204 lazyload\" data-src=\"https:\/\/ubanews.com\/site\/wp-content\/uploads\/2018\/03\/DSC8308-c\u00f3pia.jpg\" alt=\"\" width=\"3661\" height=\"2126\" data-srcset=\"https:\/\/ubanews.com\/site\/wp-content\/uploads\/2018\/03\/DSC8308-c\u00f3pia.jpg 3661w, https:\/\/ubanews.com\/site\/wp-content\/uploads\/2018\/03\/DSC8308-c\u00f3pia-300x174.jpg 300w, https:\/\/ubanews.com\/site\/wp-content\/uploads\/2018\/03\/DSC8308-c\u00f3pia-768x446.jpg 768w, https:\/\/ubanews.com\/site\/wp-content\/uploads\/2018\/03\/DSC8308-c\u00f3pia-1024x595.jpg 1024w\" data-sizes=\"(max-width: 3661px) 100vw, 3661px\" src=\"data:image\/svg+xml;base64,PHN2ZyB3aWR0aD0iMSIgaGVpZ2h0PSIxIiB4bWxucz0iaHR0cDovL3d3dy53My5vcmcvMjAwMC9zdmciPjwvc3ZnPg==\" style=\"--smush-placeholder-width: 3661px; --smush-placeholder-aspect-ratio: 3661\/2126;\" \/> <img decoding=\"async\" class=\"alignnone size-full wp-image-1205 lazyload\" data-src=\"https:\/\/ubanews.com\/site\/wp-content\/uploads\/2018\/03\/DSC8309-c\u00f3pia.jpg\" alt=\"\" width=\"3661\" height=\"2126\" data-srcset=\"https:\/\/ubanews.com\/site\/wp-content\/uploads\/2018\/03\/DSC8309-c\u00f3pia.jpg 3661w, https:\/\/ubanews.com\/site\/wp-content\/uploads\/2018\/03\/DSC8309-c\u00f3pia-300x174.jpg 300w, https:\/\/ubanews.com\/site\/wp-content\/uploads\/2018\/03\/DSC8309-c\u00f3pia-768x446.jpg 768w, https:\/\/ubanews.com\/site\/wp-content\/uploads\/2018\/03\/DSC8309-c\u00f3pia-1024x595.jpg 1024w\" data-sizes=\"(max-width: 3661px) 100vw, 3661px\" src=\"data:image\/svg+xml;base64,PHN2ZyB3aWR0aD0iMSIgaGVpZ2h0PSIxIiB4bWxucz0iaHR0cDovL3d3dy53My5vcmcvMjAwMC9zdmciPjwvc3ZnPg==\" style=\"--smush-placeholder-width: 3661px; --smush-placeholder-aspect-ratio: 3661\/2126;\" \/> <img decoding=\"async\" class=\"alignnone size-full wp-image-1206 lazyload\" data-src=\"https:\/\/ubanews.com\/site\/wp-content\/uploads\/2018\/03\/DSC8310-c\u00f3pia.jpg\" alt=\"\" width=\"3661\" height=\"2126\" data-srcset=\"https:\/\/ubanews.com\/site\/wp-content\/uploads\/2018\/03\/DSC8310-c\u00f3pia.jpg 3661w, https:\/\/ubanews.com\/site\/wp-content\/uploads\/2018\/03\/DSC8310-c\u00f3pia-300x174.jpg 300w, https:\/\/ubanews.com\/site\/wp-content\/uploads\/2018\/03\/DSC8310-c\u00f3pia-768x446.jpg 768w, https:\/\/ubanews.com\/site\/wp-content\/uploads\/2018\/03\/DSC8310-c\u00f3pia-1024x595.jpg 1024w\" data-sizes=\"(max-width: 3661px) 100vw, 3661px\" src=\"data:image\/svg+xml;base64,PHN2ZyB3aWR0aD0iMSIgaGVpZ2h0PSIxIiB4bWxucz0iaHR0cDovL3d3dy53My5vcmcvMjAwMC9zdmciPjwvc3ZnPg==\" style=\"--smush-placeholder-width: 3661px; --smush-placeholder-aspect-ratio: 3661\/2126;\" \/> <img decoding=\"async\" class=\"alignnone size-full wp-image-1208 lazyload\" data-src=\"https:\/\/ubanews.com\/site\/wp-content\/uploads\/2018\/03\/DSC8313-c\u00f3pia.jpg\" alt=\"\" width=\"3661\" height=\"2126\" data-srcset=\"https:\/\/ubanews.com\/site\/wp-content\/uploads\/2018\/03\/DSC8313-c\u00f3pia.jpg 3661w, https:\/\/ubanews.com\/site\/wp-content\/uploads\/2018\/03\/DSC8313-c\u00f3pia-300x174.jpg 300w, https:\/\/ubanews.com\/site\/wp-content\/uploads\/2018\/03\/DSC8313-c\u00f3pia-768x446.jpg 768w, https:\/\/ubanews.com\/site\/wp-content\/uploads\/2018\/03\/DSC8313-c\u00f3pia-1024x595.jpg 1024w\" data-sizes=\"(max-width: 3661px) 100vw, 3661px\" src=\"data:image\/svg+xml;base64,PHN2ZyB3aWR0aD0iMSIgaGVpZ2h0PSIxIiB4bWxucz0iaHR0cDovL3d3dy53My5vcmcvMjAwMC9zdmciPjwvc3ZnPg==\" style=\"--smush-placeholder-width: 3661px; --smush-placeholder-aspect-ratio: 3661\/2126;\" \/> <img decoding=\"async\" class=\"alignnone size-full wp-image-1209 lazyload\" data-src=\"https:\/\/ubanews.com\/site\/wp-content\/uploads\/2018\/03\/DSC8316-c\u00f3pia.jpg\" alt=\"\" width=\"3661\" height=\"2126\" data-srcset=\"https:\/\/ubanews.com\/site\/wp-content\/uploads\/2018\/03\/DSC8316-c\u00f3pia.jpg 3661w, https:\/\/ubanews.com\/site\/wp-content\/uploads\/2018\/03\/DSC8316-c\u00f3pia-300x174.jpg 300w, https:\/\/ubanews.com\/site\/wp-content\/uploads\/2018\/03\/DSC8316-c\u00f3pia-768x446.jpg 768w, https:\/\/ubanews.com\/site\/wp-content\/uploads\/2018\/03\/DSC8316-c\u00f3pia-1024x595.jpg 1024w\" data-sizes=\"(max-width: 3661px) 100vw, 3661px\" src=\"data:image\/svg+xml;base64,PHN2ZyB3aWR0aD0iMSIgaGVpZ2h0PSIxIiB4bWxucz0iaHR0cDovL3d3dy53My5vcmcvMjAwMC9zdmciPjwvc3ZnPg==\" style=\"--smush-placeholder-width: 3661px; --smush-placeholder-aspect-ratio: 3661\/2126;\" \/> <img decoding=\"async\" class=\"alignnone size-full wp-image-1210 lazyload\" data-src=\"https:\/\/ubanews.com\/site\/wp-content\/uploads\/2018\/03\/DSC8322-c\u00f3pia.jpg\" alt=\"\" width=\"3661\" height=\"2126\" data-srcset=\"https:\/\/ubanews.com\/site\/wp-content\/uploads\/2018\/03\/DSC8322-c\u00f3pia.jpg 3661w, https:\/\/ubanews.com\/site\/wp-content\/uploads\/2018\/03\/DSC8322-c\u00f3pia-300x174.jpg 300w, https:\/\/ubanews.com\/site\/wp-content\/uploads\/2018\/03\/DSC8322-c\u00f3pia-768x446.jpg 768w, https:\/\/ubanews.com\/site\/wp-content\/uploads\/2018\/03\/DSC8322-c\u00f3pia-1024x595.jpg 1024w\" data-sizes=\"(max-width: 3661px) 100vw, 3661px\" src=\"data:image\/svg+xml;base64,PHN2ZyB3aWR0aD0iMSIgaGVpZ2h0PSIxIiB4bWxucz0iaHR0cDovL3d3dy53My5vcmcvMjAwMC9zdmciPjwvc3ZnPg==\" style=\"--smush-placeholder-width: 3661px; --smush-placeholder-aspect-ratio: 3661\/2126;\" \/> <img decoding=\"async\" class=\"alignnone size-full wp-image-1211 lazyload\" data-src=\"https:\/\/ubanews.com\/site\/wp-content\/uploads\/2018\/03\/DSC8331-c\u00f3pia.jpg\" alt=\"\" width=\"3661\" height=\"2126\" data-srcset=\"https:\/\/ubanews.com\/site\/wp-content\/uploads\/2018\/03\/DSC8331-c\u00f3pia.jpg 3661w, https:\/\/ubanews.com\/site\/wp-content\/uploads\/2018\/03\/DSC8331-c\u00f3pia-300x174.jpg 300w, https:\/\/ubanews.com\/site\/wp-content\/uploads\/2018\/03\/DSC8331-c\u00f3pia-768x446.jpg 768w, https:\/\/ubanews.com\/site\/wp-content\/uploads\/2018\/03\/DSC8331-c\u00f3pia-1024x595.jpg 1024w\" data-sizes=\"(max-width: 3661px) 100vw, 3661px\" src=\"data:image\/svg+xml;base64,PHN2ZyB3aWR0aD0iMSIgaGVpZ2h0PSIxIiB4bWxucz0iaHR0cDovL3d3dy53My5vcmcvMjAwMC9zdmciPjwvc3ZnPg==\" style=\"--smush-placeholder-width: 3661px; --smush-placeholder-aspect-ratio: 3661\/2126;\" \/>&nbsp;&nbsp;&nbsp;&nbsp;&nbsp;&nbsp;&nbsp;&nbsp;&nbsp;&nbsp;&nbsp;&nbsp; Um pr\u00e9dio situado na Rua Ant\u00f4nio Martins Sobrinho, 296, com cinco moradias &#8211; Colina do Jardim Gl\u00f3ria \u2013 est\u00e1 amea\u00e7ado de desabar, deixando tr\u00eas fam\u00edlias aterrorizadas, tirando o sono e sossego. Duas fam\u00edlias, com medo do pior acontecer, j\u00e1 se mudaram. Segundo a moradora, que ainda insiste permanecer em sua casa, mesmo com o perigo iminente, j\u00e1 procurou \u00e0 Defesa Civil, registrando para devidas provid\u00eancias, o que ainda n\u00e3o aconteceu.<\/p>\n<p>&nbsp;&nbsp;&nbsp;&nbsp;&nbsp;&nbsp;&nbsp;&nbsp;&nbsp;&nbsp;&nbsp;&nbsp; A senhora Maria Aparecida Coelho Borges aproveitou a nossa presen\u00e7a e fez outra reclama\u00e7\u00e3o acerca da Copasa. Ela acusa a Companhia de Saneamento de Minas Gerais de ter interrompido indevidamente o abastecimento de \u00e1gua em sua resid\u00eancia. Nossa reportagem vai procurar a empresa para ouvir a outra vers\u00e3o.<\/p>\n","protected":false},"excerpt":{"rendered":"<p>&nbsp;&nbsp;&nbsp;&nbsp;&nbsp;&nbsp;&nbsp;&nbsp;&nbsp;&nbsp;&nbsp;&nbsp; Um pr\u00e9dio situado na Rua Ant\u00f4nio Martins Sobrinho, 296,<\/p>\n","protected":false},"author":2,"featured_media":1207,"comment_status":"open","ping_status":"open","sticky":false,"template":"","format":"standard","meta":{"footnotes":""},"categories":[1],"tags":[],"class_list":["post-1195","post","type-post","status-publish","format-standard","has-post-thumbnail","hentry","category-sem-categoria"],"yoast_head":"<!-- This site is optimized with the Yoast SEO plugin v27.2 - https:\/\/yoast.com\/product\/yoast-seo-wordpress\/ -->\n<title>Pr\u00e9dio com amea\u00e7a de desabar assusta moradores - Ub\u00e1 News<\/title>\n<meta name=\"robots\" content=\"index, follow, max-snippet:-1, max-image-preview:large, max-video-preview:-1\" \/>\n<link rel=\"canonical\" href=\"https:\/\/ubanews.com\/site\/2018\/03\/23\/predio-com-ameaca-de-desabar-assusta-moradores\/\" \/>\n<meta property=\"og:locale\" content=\"pt_BR\" \/>\n<meta property=\"og:type\" content=\"article\" \/>\n<meta property=\"og:title\" content=\"Pr\u00e9dio com amea\u00e7a de desabar assusta moradores - Ub\u00e1 News\" \/>\n<meta property=\"og:description\" content=\"&nbsp;&nbsp;&nbsp;&nbsp;&nbsp;&nbsp;&nbsp;&nbsp;&nbsp;&nbsp;&nbsp;&nbsp; Um pr\u00e9dio situado na Rua Ant\u00f4nio Martins Sobrinho, 296,\" \/>\n<meta property=\"og:url\" content=\"https:\/\/ubanews.com\/site\/2018\/03\/23\/predio-com-ameaca-de-desabar-assusta-moradores\/\" \/>\n<meta property=\"og:site_name\" content=\"Ub\u00e1 News\" \/>\n<meta property=\"article:publisher\" content=\"https:\/\/www.facebook.com\/Ub%c3%a1News-Carlos-Roberto-Sodr%c3%a9-418778301977370\" \/>\n<meta property=\"article:author\" content=\"https:\/\/www.facebook.com\/carosroberto.sodre.5\/\" \/>\n<meta property=\"article:published_time\" content=\"2018-03-23T09:10:26+00:00\" \/>\n<meta property=\"article:modified_time\" content=\"2018-03-28T02:28:32+00:00\" \/>\n<meta property=\"og:image\" content=\"https:\/\/ubanews.com\/site\/wp-content\/uploads\/2018\/03\/DSC8311-c\u00f3pia.jpg\" \/>\n\t<meta property=\"og:image:width\" content=\"3661\" \/>\n\t<meta property=\"og:image:height\" content=\"2126\" \/>\n\t<meta property=\"og:image:type\" content=\"image\/jpeg\" \/>\n<meta name=\"author\" content=\"Sodr\u00e9\" \/>\n<meta name=\"twitter:card\" content=\"summary_large_image\" \/>\n<meta name=\"twitter:label1\" content=\"Escrito por\" \/>\n\t<meta name=\"twitter:data1\" content=\"Sodr\u00e9\" \/>\n\t<meta name=\"twitter:label2\" content=\"Est. tempo de leitura\" \/>\n\t<meta name=\"twitter:data2\" content=\"1 minuto\" \/>\n<script type=\"application\/ld+json\" class=\"yoast-schema-graph\">{\"@context\":\"https:\/\/schema.org\",\"@graph\":[{\"@type\":\"Article\",\"@id\":\"https:\/\/ubanews.com\/site\/2018\/03\/23\/predio-com-ameaca-de-desabar-assusta-moradores\/#article\",\"isPartOf\":{\"@id\":\"https:\/\/ubanews.com\/site\/2018\/03\/23\/predio-com-ameaca-de-desabar-assusta-moradores\/\"},\"author\":{\"name\":\"Sodr\u00e9\",\"@id\":\"https:\/\/ubanews.com\/site\/#\/schema\/person\/d90c9e47252fbb63dcc969fe4c8b9d10\"},\"headline\":\"Pr\u00e9dio com amea\u00e7a de desabar assusta moradores\",\"datePublished\":\"2018-03-23T09:10:26+00:00\",\"dateModified\":\"2018-03-28T02:28:32+00:00\",\"mainEntityOfPage\":{\"@id\":\"https:\/\/ubanews.com\/site\/2018\/03\/23\/predio-com-ameaca-de-desabar-assusta-moradores\/\"},\"wordCount\":161,\"commentCount\":0,\"publisher\":{\"@id\":\"https:\/\/ubanews.com\/site\/#organization\"},\"image\":{\"@id\":\"https:\/\/ubanews.com\/site\/2018\/03\/23\/predio-com-ameaca-de-desabar-assusta-moradores\/#primaryimage\"},\"thumbnailUrl\":\"https:\/\/ubanews.com\/site\/wp-content\/uploads\/2018\/03\/DSC8311-c\u00f3pia.jpg\",\"articleSection\":[\"Geral\"],\"inLanguage\":\"pt-BR\",\"potentialAction\":[{\"@type\":\"CommentAction\",\"name\":\"Comment\",\"target\":[\"https:\/\/ubanews.com\/site\/2018\/03\/23\/predio-com-ameaca-de-desabar-assusta-moradores\/#respond\"]}]},{\"@type\":\"WebPage\",\"@id\":\"https:\/\/ubanews.com\/site\/2018\/03\/23\/predio-com-ameaca-de-desabar-assusta-moradores\/\",\"url\":\"https:\/\/ubanews.com\/site\/2018\/03\/23\/predio-com-ameaca-de-desabar-assusta-moradores\/\",\"name\":\"Pr\u00e9dio com amea\u00e7a de desabar assusta moradores - Ub\u00e1 News\",\"isPartOf\":{\"@id\":\"https:\/\/ubanews.com\/site\/#website\"},\"primaryImageOfPage\":{\"@id\":\"https:\/\/ubanews.com\/site\/2018\/03\/23\/predio-com-ameaca-de-desabar-assusta-moradores\/#primaryimage\"},\"image\":{\"@id\":\"https:\/\/ubanews.com\/site\/2018\/03\/23\/predio-com-ameaca-de-desabar-assusta-moradores\/#primaryimage\"},\"thumbnailUrl\":\"https:\/\/ubanews.com\/site\/wp-content\/uploads\/2018\/03\/DSC8311-c\u00f3pia.jpg\",\"datePublished\":\"2018-03-23T09:10:26+00:00\",\"dateModified\":\"2018-03-28T02:28:32+00:00\",\"breadcrumb\":{\"@id\":\"https:\/\/ubanews.com\/site\/2018\/03\/23\/predio-com-ameaca-de-desabar-assusta-moradores\/#breadcrumb\"},\"inLanguage\":\"pt-BR\",\"potentialAction\":[{\"@type\":\"ReadAction\",\"target\":[\"https:\/\/ubanews.com\/site\/2018\/03\/23\/predio-com-ameaca-de-desabar-assusta-moradores\/\"]}]},{\"@type\":\"ImageObject\",\"inLanguage\":\"pt-BR\",\"@id\":\"https:\/\/ubanews.com\/site\/2018\/03\/23\/predio-com-ameaca-de-desabar-assusta-moradores\/#primaryimage\",\"url\":\"https:\/\/ubanews.com\/site\/wp-content\/uploads\/2018\/03\/DSC8311-c\u00f3pia.jpg\",\"contentUrl\":\"https:\/\/ubanews.com\/site\/wp-content\/uploads\/2018\/03\/DSC8311-c\u00f3pia.jpg\",\"width\":3661,\"height\":2126},{\"@type\":\"BreadcrumbList\",\"@id\":\"https:\/\/ubanews.com\/site\/2018\/03\/23\/predio-com-ameaca-de-desabar-assusta-moradores\/#breadcrumb\",\"itemListElement\":[{\"@type\":\"ListItem\",\"position\":1,\"name\":\"Home\",\"item\":\"https:\/\/ubanews.com\/site\/\"},{\"@type\":\"ListItem\",\"position\":2,\"name\":\"Pr\u00e9dio com amea\u00e7a de desabar assusta moradores\"}]},{\"@type\":\"WebSite\",\"@id\":\"https:\/\/ubanews.com\/site\/#website\",\"url\":\"https:\/\/ubanews.com\/site\/\",\"name\":\"Ub\u00e1 News\",\"description\":\"\",\"publisher\":{\"@id\":\"https:\/\/ubanews.com\/site\/#organization\"},\"potentialAction\":[{\"@type\":\"SearchAction\",\"target\":{\"@type\":\"EntryPoint\",\"urlTemplate\":\"https:\/\/ubanews.com\/site\/?s={search_term_string}\"},\"query-input\":{\"@type\":\"PropertyValueSpecification\",\"valueRequired\":true,\"valueName\":\"search_term_string\"}}],\"inLanguage\":\"pt-BR\"},{\"@type\":\"Organization\",\"@id\":\"https:\/\/ubanews.com\/site\/#organization\",\"name\":\"Ub\u00e1 News\",\"url\":\"https:\/\/ubanews.com\/site\/\",\"logo\":{\"@type\":\"ImageObject\",\"inLanguage\":\"pt-BR\",\"@id\":\"https:\/\/ubanews.com\/site\/#\/schema\/logo\/image\/\",\"url\":\"https:\/\/ubanews.com\/site\/wp-content\/uploads\/2018\/01\/logoubanews.png\",\"contentUrl\":\"https:\/\/ubanews.com\/site\/wp-content\/uploads\/2018\/01\/logoubanews.png\",\"width\":261,\"height\":99,\"caption\":\"Ub\u00e1 News\"},\"image\":{\"@id\":\"https:\/\/ubanews.com\/site\/#\/schema\/logo\/image\/\"},\"sameAs\":[\"https:\/\/www.facebook.com\/Ub\u00e1News-Carlos-Roberto-Sodr\u00e9-418778301977370\"]},{\"@type\":\"Person\",\"@id\":\"https:\/\/ubanews.com\/site\/#\/schema\/person\/d90c9e47252fbb63dcc969fe4c8b9d10\",\"name\":\"Sodr\u00e9\",\"image\":{\"@type\":\"ImageObject\",\"inLanguage\":\"pt-BR\",\"@id\":\"https:\/\/secure.gravatar.com\/avatar\/5ba2793f0590b9dbfad3fdec4ee714485b3eef211c9b32ee53d414060454a56c?s=96&d=mm&r=g\",\"url\":\"https:\/\/secure.gravatar.com\/avatar\/5ba2793f0590b9dbfad3fdec4ee714485b3eef211c9b32ee53d414060454a56c?s=96&d=mm&r=g\",\"contentUrl\":\"https:\/\/secure.gravatar.com\/avatar\/5ba2793f0590b9dbfad3fdec4ee714485b3eef211c9b32ee53d414060454a56c?s=96&d=mm&r=g\",\"caption\":\"Sodr\u00e9\"},\"sameAs\":[\"https:\/\/www.facebook.com\/carosroberto.sodre.5\/\"],\"url\":\"https:\/\/ubanews.com\/site\/author\/felipe\/\"}]}<\/script>\n<!-- \/ Yoast SEO plugin. -->","yoast_head_json":{"title":"Pr\u00e9dio com amea\u00e7a de desabar assusta moradores - Ub\u00e1 News","robots":{"index":"index","follow":"follow","max-snippet":"max-snippet:-1","max-image-preview":"max-image-preview:large","max-video-preview":"max-video-preview:-1"},"canonical":"https:\/\/ubanews.com\/site\/2018\/03\/23\/predio-com-ameaca-de-desabar-assusta-moradores\/","og_locale":"pt_BR","og_type":"article","og_title":"Pr\u00e9dio com amea\u00e7a de desabar assusta moradores - Ub\u00e1 News","og_description":"&nbsp;&nbsp;&nbsp;&nbsp;&nbsp;&nbsp;&nbsp;&nbsp;&nbsp;&nbsp;&nbsp;&nbsp; Um pr\u00e9dio situado na Rua Ant\u00f4nio Martins Sobrinho, 296,","og_url":"https:\/\/ubanews.com\/site\/2018\/03\/23\/predio-com-ameaca-de-desabar-assusta-moradores\/","og_site_name":"Ub\u00e1 News","article_publisher":"https:\/\/www.facebook.com\/Ub%c3%a1News-Carlos-Roberto-Sodr%c3%a9-418778301977370","article_author":"https:\/\/www.facebook.com\/carosroberto.sodre.5\/","article_published_time":"2018-03-23T09:10:26+00:00","article_modified_time":"2018-03-28T02:28:32+00:00","og_image":[{"width":3661,"height":2126,"url":"https:\/\/ubanews.com\/site\/wp-content\/uploads\/2018\/03\/DSC8311-c\u00f3pia.jpg","type":"image\/jpeg"}],"author":"Sodr\u00e9","twitter_card":"summary_large_image","twitter_misc":{"Escrito por":"Sodr\u00e9","Est. tempo de leitura":"1 minuto"},"schema":{"@context":"https:\/\/schema.org","@graph":[{"@type":"Article","@id":"https:\/\/ubanews.com\/site\/2018\/03\/23\/predio-com-ameaca-de-desabar-assusta-moradores\/#article","isPartOf":{"@id":"https:\/\/ubanews.com\/site\/2018\/03\/23\/predio-com-ameaca-de-desabar-assusta-moradores\/"},"author":{"name":"Sodr\u00e9","@id":"https:\/\/ubanews.com\/site\/#\/schema\/person\/d90c9e47252fbb63dcc969fe4c8b9d10"},"headline":"Pr\u00e9dio com amea\u00e7a de desabar assusta moradores","datePublished":"2018-03-23T09:10:26+00:00","dateModified":"2018-03-28T02:28:32+00:00","mainEntityOfPage":{"@id":"https:\/\/ubanews.com\/site\/2018\/03\/23\/predio-com-ameaca-de-desabar-assusta-moradores\/"},"wordCount":161,"commentCount":0,"publisher":{"@id":"https:\/\/ubanews.com\/site\/#organization"},"image":{"@id":"https:\/\/ubanews.com\/site\/2018\/03\/23\/predio-com-ameaca-de-desabar-assusta-moradores\/#primaryimage"},"thumbnailUrl":"https:\/\/ubanews.com\/site\/wp-content\/uploads\/2018\/03\/DSC8311-c\u00f3pia.jpg","articleSection":["Geral"],"inLanguage":"pt-BR","potentialAction":[{"@type":"CommentAction","name":"Comment","target":["https:\/\/ubanews.com\/site\/2018\/03\/23\/predio-com-ameaca-de-desabar-assusta-moradores\/#respond"]}]},{"@type":"WebPage","@id":"https:\/\/ubanews.com\/site\/2018\/03\/23\/predio-com-ameaca-de-desabar-assusta-moradores\/","url":"https:\/\/ubanews.com\/site\/2018\/03\/23\/predio-com-ameaca-de-desabar-assusta-moradores\/","name":"Pr\u00e9dio com amea\u00e7a de desabar assusta moradores - Ub\u00e1 News","isPartOf":{"@id":"https:\/\/ubanews.com\/site\/#website"},"primaryImageOfPage":{"@id":"https:\/\/ubanews.com\/site\/2018\/03\/23\/predio-com-ameaca-de-desabar-assusta-moradores\/#primaryimage"},"image":{"@id":"https:\/\/ubanews.com\/site\/2018\/03\/23\/predio-com-ameaca-de-desabar-assusta-moradores\/#primaryimage"},"thumbnailUrl":"https:\/\/ubanews.com\/site\/wp-content\/uploads\/2018\/03\/DSC8311-c\u00f3pia.jpg","datePublished":"2018-03-23T09:10:26+00:00","dateModified":"2018-03-28T02:28:32+00:00","breadcrumb":{"@id":"https:\/\/ubanews.com\/site\/2018\/03\/23\/predio-com-ameaca-de-desabar-assusta-moradores\/#breadcrumb"},"inLanguage":"pt-BR","potentialAction":[{"@type":"ReadAction","target":["https:\/\/ubanews.com\/site\/2018\/03\/23\/predio-com-ameaca-de-desabar-assusta-moradores\/"]}]},{"@type":"ImageObject","inLanguage":"pt-BR","@id":"https:\/\/ubanews.com\/site\/2018\/03\/23\/predio-com-ameaca-de-desabar-assusta-moradores\/#primaryimage","url":"https:\/\/ubanews.com\/site\/wp-content\/uploads\/2018\/03\/DSC8311-c\u00f3pia.jpg","contentUrl":"https:\/\/ubanews.com\/site\/wp-content\/uploads\/2018\/03\/DSC8311-c\u00f3pia.jpg","width":3661,"height":2126},{"@type":"BreadcrumbList","@id":"https:\/\/ubanews.com\/site\/2018\/03\/23\/predio-com-ameaca-de-desabar-assusta-moradores\/#breadcrumb","itemListElement":[{"@type":"ListItem","position":1,"name":"Home","item":"https:\/\/ubanews.com\/site\/"},{"@type":"ListItem","position":2,"name":"Pr\u00e9dio com amea\u00e7a de desabar assusta moradores"}]},{"@type":"WebSite","@id":"https:\/\/ubanews.com\/site\/#website","url":"https:\/\/ubanews.com\/site\/","name":"Ub\u00e1 News","description":"","publisher":{"@id":"https:\/\/ubanews.com\/site\/#organization"},"potentialAction":[{"@type":"SearchAction","target":{"@type":"EntryPoint","urlTemplate":"https:\/\/ubanews.com\/site\/?s={search_term_string}"},"query-input":{"@type":"PropertyValueSpecification","valueRequired":true,"valueName":"search_term_string"}}],"inLanguage":"pt-BR"},{"@type":"Organization","@id":"https:\/\/ubanews.com\/site\/#organization","name":"Ub\u00e1 News","url":"https:\/\/ubanews.com\/site\/","logo":{"@type":"ImageObject","inLanguage":"pt-BR","@id":"https:\/\/ubanews.com\/site\/#\/schema\/logo\/image\/","url":"https:\/\/ubanews.com\/site\/wp-content\/uploads\/2018\/01\/logoubanews.png","contentUrl":"https:\/\/ubanews.com\/site\/wp-content\/uploads\/2018\/01\/logoubanews.png","width":261,"height":99,"caption":"Ub\u00e1 News"},"image":{"@id":"https:\/\/ubanews.com\/site\/#\/schema\/logo\/image\/"},"sameAs":["https:\/\/www.facebook.com\/Ub\u00e1News-Carlos-Roberto-Sodr\u00e9-418778301977370"]},{"@type":"Person","@id":"https:\/\/ubanews.com\/site\/#\/schema\/person\/d90c9e47252fbb63dcc969fe4c8b9d10","name":"Sodr\u00e9","image":{"@type":"ImageObject","inLanguage":"pt-BR","@id":"https:\/\/secure.gravatar.com\/avatar\/5ba2793f0590b9dbfad3fdec4ee714485b3eef211c9b32ee53d414060454a56c?s=96&d=mm&r=g","url":"https:\/\/secure.gravatar.com\/avatar\/5ba2793f0590b9dbfad3fdec4ee714485b3eef211c9b32ee53d414060454a56c?s=96&d=mm&r=g","contentUrl":"https:\/\/secure.gravatar.com\/avatar\/5ba2793f0590b9dbfad3fdec4ee714485b3eef211c9b32ee53d414060454a56c?s=96&d=mm&r=g","caption":"Sodr\u00e9"},"sameAs":["https:\/\/www.facebook.com\/carosroberto.sodre.5\/"],"url":"https:\/\/ubanews.com\/site\/author\/felipe\/"}]}},"_links":{"self":[{"href":"https:\/\/ubanews.com\/site\/wp-json\/wp\/v2\/posts\/1195","targetHints":{"allow":["GET"]}}],"collection":[{"href":"https:\/\/ubanews.com\/site\/wp-json\/wp\/v2\/posts"}],"about":[{"href":"https:\/\/ubanews.com\/site\/wp-json\/wp\/v2\/types\/post"}],"author":[{"embeddable":true,"href":"https:\/\/ubanews.com\/site\/wp-json\/wp\/v2\/users\/2"}],"replies":[{"embeddable":true,"href":"https:\/\/ubanews.com\/site\/wp-json\/wp\/v2\/comments?post=1195"}],"version-history":[{"count":0,"href":"https:\/\/ubanews.com\/site\/wp-json\/wp\/v2\/posts\/1195\/revisions"}],"wp:featuredmedia":[{"embeddable":true,"href":"https:\/\/ubanews.com\/site\/wp-json\/wp\/v2\/media\/1207"}],"wp:attachment":[{"href":"https:\/\/ubanews.com\/site\/wp-json\/wp\/v2\/media?parent=1195"}],"wp:term":[{"taxonomy":"category","embeddable":true,"href":"https:\/\/ubanews.com\/site\/wp-json\/wp\/v2\/categories?post=1195"},{"taxonomy":"post_tag","embeddable":true,"href":"https:\/\/ubanews.com\/site\/wp-json\/wp\/v2\/tags?post=1195"}],"curies":[{"name":"wp","href":"https:\/\/api.w.org\/{rel}","templated":true}]}}