{"id":11755,"date":"2019-05-21T10:43:42","date_gmt":"2019-05-21T13:43:42","guid":{"rendered":"http:\/\/ubanews.com\/site\/?p=11755"},"modified":"2019-07-04T21:47:21","modified_gmt":"2019-07-05T00:47:21","slug":"goleiro-campeao-brasileiro-pelo-botafogo-rj-participa-da-festa-de-aniversario-do-aymores","status":"publish","type":"post","link":"https:\/\/ubanews.com\/site\/2019\/05\/21\/goleiro-campeao-brasileiro-pelo-botafogo-rj-participa-da-festa-de-aniversario-do-aymores\/","title":{"rendered":"Goleiro campe\u00e3o brasileiro pelo Botafogo\/RJ participa da festa de anivers\u00e1rio do Aymor\u00e9s"},"content":{"rendered":"<p>O ex-goleiro Vagner do Botafogo de Futebol e Regatas\/RJ, titular na conquista do campeonato Brasileiro de 1995 em uma partida memor\u00e1vel no Est\u00e1dio Paulo Machado de Carvalho (Pacaembu), em S\u00e3o Paulo\/SP, diante do Santos Futebol Clube, foi um dos destaques no Est\u00e1dio Affonso de Carvalho, \u00e0s 16h, deste s\u00e1bado, dia 18 de maio, como parte das comemora\u00e7\u00f5es dos 93 anos de funda\u00e7\u00e3o de um dos clubes mais tradicionais da Zona da Mata Mineira.<\/p>\n<pre><a href=\"https:\/\/ubanews.com\/site\/wp-content\/uploads\/2019\/05\/DSC_2978.jpg\"><img decoding=\"async\" class=\"alignnone size-medium wp-image-11756 lazyload\" data-src=\"https:\/\/ubanews.com\/site\/wp-content\/uploads\/2019\/05\/DSC_2978-300x150.jpg\" alt=\"\" width=\"300\" height=\"150\" data-srcset=\"https:\/\/ubanews.com\/site\/wp-content\/uploads\/2019\/05\/DSC_2978-300x150.jpg 300w, https:\/\/ubanews.com\/site\/wp-content\/uploads\/2019\/05\/DSC_2978-768x384.jpg 768w, https:\/\/ubanews.com\/site\/wp-content\/uploads\/2019\/05\/DSC_2978.jpg 1000w\" data-sizes=\"(max-width: 300px) 100vw, 300px\" src=\"data:image\/svg+xml;base64,PHN2ZyB3aWR0aD0iMSIgaGVpZ2h0PSIxIiB4bWxucz0iaHR0cDovL3d3dy53My5vcmcvMjAwMC9zdmciPjwvc3ZnPg==\" style=\"--smush-placeholder-width: 300px; --smush-placeholder-aspect-ratio: 300\/150;\" \/><\/a> <a href=\"https:\/\/ubanews.com\/site\/wp-content\/uploads\/2019\/05\/DSC_3005-1.jpg\"><img decoding=\"async\" class=\"alignnone size-medium wp-image-11762 lazyload\" data-src=\"https:\/\/ubanews.com\/site\/wp-content\/uploads\/2019\/05\/DSC_3005-1-300x150.jpg\" alt=\"\" width=\"300\" height=\"150\" data-srcset=\"https:\/\/ubanews.com\/site\/wp-content\/uploads\/2019\/05\/DSC_3005-1-300x150.jpg 300w, https:\/\/ubanews.com\/site\/wp-content\/uploads\/2019\/05\/DSC_3005-1-768x384.jpg 768w, https:\/\/ubanews.com\/site\/wp-content\/uploads\/2019\/05\/DSC_3005-1.jpg 1000w\" data-sizes=\"(max-width: 300px) 100vw, 300px\" src=\"data:image\/svg+xml;base64,PHN2ZyB3aWR0aD0iMSIgaGVpZ2h0PSIxIiB4bWxucz0iaHR0cDovL3d3dy53My5vcmcvMjAwMC9zdmciPjwvc3ZnPg==\" style=\"--smush-placeholder-width: 300px; --smush-placeholder-aspect-ratio: 300\/150;\" \/><\/a> <a href=\"https:\/\/ubanews.com\/site\/wp-content\/uploads\/2019\/05\/DSC_3002.jpg\"><img decoding=\"async\" class=\"alignnone size-medium wp-image-11761 lazyload\" data-src=\"https:\/\/ubanews.com\/site\/wp-content\/uploads\/2019\/05\/DSC_3002-300x150.jpg\" alt=\"\" width=\"300\" height=\"150\" data-srcset=\"https:\/\/ubanews.com\/site\/wp-content\/uploads\/2019\/05\/DSC_3002-300x150.jpg 300w, https:\/\/ubanews.com\/site\/wp-content\/uploads\/2019\/05\/DSC_3002-768x384.jpg 768w, https:\/\/ubanews.com\/site\/wp-content\/uploads\/2019\/05\/DSC_3002.jpg 1000w\" data-sizes=\"(max-width: 300px) 100vw, 300px\" src=\"data:image\/svg+xml;base64,PHN2ZyB3aWR0aD0iMSIgaGVpZ2h0PSIxIiB4bWxucz0iaHR0cDovL3d3dy53My5vcmcvMjAwMC9zdmciPjwvc3ZnPg==\" style=\"--smush-placeholder-width: 300px; --smush-placeholder-aspect-ratio: 300\/150;\" \/><\/a> <a href=\"https:\/\/ubanews.com\/site\/wp-content\/uploads\/2019\/05\/DSC_3000.jpg\"><img decoding=\"async\" class=\"alignnone size-medium wp-image-11760 lazyload\" data-src=\"https:\/\/ubanews.com\/site\/wp-content\/uploads\/2019\/05\/DSC_3000-300x150.jpg\" alt=\"\" width=\"300\" height=\"150\" data-srcset=\"https:\/\/ubanews.com\/site\/wp-content\/uploads\/2019\/05\/DSC_3000-300x150.jpg 300w, https:\/\/ubanews.com\/site\/wp-content\/uploads\/2019\/05\/DSC_3000-768x384.jpg 768w, https:\/\/ubanews.com\/site\/wp-content\/uploads\/2019\/05\/DSC_3000.jpg 1000w\" data-sizes=\"(max-width: 300px) 100vw, 300px\" src=\"data:image\/svg+xml;base64,PHN2ZyB3aWR0aD0iMSIgaGVpZ2h0PSIxIiB4bWxucz0iaHR0cDovL3d3dy53My5vcmcvMjAwMC9zdmciPjwvc3ZnPg==\" style=\"--smush-placeholder-width: 300px; --smush-placeholder-aspect-ratio: 300\/150;\" \/><\/a> <a href=\"https:\/\/ubanews.com\/site\/wp-content\/uploads\/2019\/05\/DSC_2998.jpg\"><img decoding=\"async\" class=\"alignnone size-medium wp-image-11759 lazyload\" data-src=\"https:\/\/ubanews.com\/site\/wp-content\/uploads\/2019\/05\/DSC_2998-300x150.jpg\" alt=\"\" width=\"300\" height=\"150\" data-srcset=\"https:\/\/ubanews.com\/site\/wp-content\/uploads\/2019\/05\/DSC_2998-300x150.jpg 300w, https:\/\/ubanews.com\/site\/wp-content\/uploads\/2019\/05\/DSC_2998-768x384.jpg 768w, https:\/\/ubanews.com\/site\/wp-content\/uploads\/2019\/05\/DSC_2998.jpg 1000w\" data-sizes=\"(max-width: 300px) 100vw, 300px\" src=\"data:image\/svg+xml;base64,PHN2ZyB3aWR0aD0iMSIgaGVpZ2h0PSIxIiB4bWxucz0iaHR0cDovL3d3dy53My5vcmcvMjAwMC9zdmciPjwvc3ZnPg==\" style=\"--smush-placeholder-width: 300px; --smush-placeholder-aspect-ratio: 300\/150;\" \/><\/a> <a href=\"https:\/\/ubanews.com\/site\/wp-content\/uploads\/2019\/05\/DSC_2993.jpg\"><img decoding=\"async\" class=\"alignnone size-medium wp-image-11758 lazyload\" data-src=\"https:\/\/ubanews.com\/site\/wp-content\/uploads\/2019\/05\/DSC_2993-300x150.jpg\" alt=\"\" width=\"300\" height=\"150\" data-srcset=\"https:\/\/ubanews.com\/site\/wp-content\/uploads\/2019\/05\/DSC_2993-300x150.jpg 300w, https:\/\/ubanews.com\/site\/wp-content\/uploads\/2019\/05\/DSC_2993-768x384.jpg 768w, https:\/\/ubanews.com\/site\/wp-content\/uploads\/2019\/05\/DSC_2993.jpg 1000w\" data-sizes=\"(max-width: 300px) 100vw, 300px\" src=\"data:image\/svg+xml;base64,PHN2ZyB3aWR0aD0iMSIgaGVpZ2h0PSIxIiB4bWxucz0iaHR0cDovL3d3dy53My5vcmcvMjAwMC9zdmciPjwvc3ZnPg==\" style=\"--smush-placeholder-width: 300px; --smush-placeholder-aspect-ratio: 300\/150;\" \/><\/a> <a href=\"https:\/\/ubanews.com\/site\/wp-content\/uploads\/2019\/05\/DSC_2991.jpg\"><img decoding=\"async\" class=\"alignnone size-medium wp-image-11757 lazyload\" data-src=\"https:\/\/ubanews.com\/site\/wp-content\/uploads\/2019\/05\/DSC_2991-300x150.jpg\" alt=\"\" width=\"300\" height=\"150\" data-srcset=\"https:\/\/ubanews.com\/site\/wp-content\/uploads\/2019\/05\/DSC_2991-300x150.jpg 300w, https:\/\/ubanews.com\/site\/wp-content\/uploads\/2019\/05\/DSC_2991-768x384.jpg 768w, https:\/\/ubanews.com\/site\/wp-content\/uploads\/2019\/05\/DSC_2991.jpg 1000w\" data-sizes=\"(max-width: 300px) 100vw, 300px\" src=\"data:image\/svg+xml;base64,PHN2ZyB3aWR0aD0iMSIgaGVpZ2h0PSIxIiB4bWxucz0iaHR0cDovL3d3dy53My5vcmcvMjAwMC9zdmciPjwvc3ZnPg==\" style=\"--smush-placeholder-width: 300px; --smush-placeholder-aspect-ratio: 300\/150;\" \/><\/a>.<\/pre>\n<p>No dia 16 de maio de 1926 o Esporte Clube Aymor\u00e9s (Azul\u00e3o de Ub\u00e1), apelido carinhoso que ganhou durante a sua hist\u00f3ria, um dos mais tradicionais clubes de futebol da Zona da Mata Mineira foi fundado. Logo em seguida, ganhou o seu est\u00e1dio pr\u00f3prio na Avenida Raul Soares, no centro da cidade. Portanto, na \u00faltima quinta-feira (16) o time de tantas conquistas comemorava o seu nonag\u00e9simo terceiro ano de exist\u00eancia. A diretoria encontrou motivos de sobra para celebrar a data. Afinal, vem a\u00ed o Campeonato Regional da LAU (Liga Atl\u00e9tica Ubaense) e os diretores j\u00e1 acenaram com a informa\u00e7\u00e3o da participa\u00e7\u00e3o da equipe na competi\u00e7\u00e3o.<\/p>\n<p>No foi apenas o Vagner a atra\u00e7\u00e3o na festa, mas v\u00e1rios outros veteranos que j\u00e1 vestiram a camisa azul e branca passaram por l\u00e1, escrevendo mais uma vez o nome na hist\u00f3ria aimore\u00edna!<\/p>\n<p>O companheiro Clair Rodrigues, radialista, historiador e membro da AULE (Academia Ubaense de Letras) informou \u00e0 equipe do Portal Ub\u00e1 News que o primeiro campo de jogo (n\u00e3o era um est\u00e1dio) do Esporte Clube Aymor\u00e9s foi no bairro Santa Cruz, em Ub\u00e1.<\/p>\n<p>O Portal Ub\u00e1 News esteve na tarde deste s\u00e1bado no Est\u00e1dio Affonso de Carvalho e conversou o ex-goleiro Vagner.<\/p>\n<p><iframe data-src=\"https:\/\/www.youtube.com\/embed\/5b-k68g1r7o\" width=\"560\" height=\"315\" frameborder=\"0\" allowfullscreen=\"allowfullscreen\" src=\"data:image\/svg+xml;base64,PHN2ZyB3aWR0aD0iMSIgaGVpZ2h0PSIxIiB4bWxucz0iaHR0cDovL3d3dy53My5vcmcvMjAwMC9zdmciPjwvc3ZnPg==\" class=\"lazyload\" data-load-mode=\"1\"><\/iframe><\/p>\n","protected":false},"excerpt":{"rendered":"<p>O ex-goleiro Vagner do Botafogo de Futebol e Regatas\/RJ, titular<\/p>\n","protected":false},"author":2,"featured_media":11748,"comment_status":"open","ping_status":"open","sticky":false,"template":"","format":"standard","meta":{"footnotes":""},"categories":[20],"tags":[],"class_list":["post-11755","post","type-post","status-publish","format-standard","has-post-thumbnail","hentry","category-esporte"],"yoast_head":"<!-- This site is optimized with the Yoast SEO plugin v27.2 - https:\/\/yoast.com\/product\/yoast-seo-wordpress\/ -->\n<title>Goleiro campe\u00e3o brasileiro pelo Botafogo\/RJ participa da festa de anivers\u00e1rio do Aymor\u00e9s - Ub\u00e1 News<\/title>\n<meta name=\"robots\" content=\"index, follow, max-snippet:-1, max-image-preview:large, max-video-preview:-1\" \/>\n<link rel=\"canonical\" href=\"https:\/\/ubanews.com\/site\/2019\/05\/21\/goleiro-campeao-brasileiro-pelo-botafogo-rj-participa-da-festa-de-aniversario-do-aymores\/\" \/>\n<meta property=\"og:locale\" content=\"pt_BR\" \/>\n<meta property=\"og:type\" content=\"article\" \/>\n<meta property=\"og:title\" content=\"Goleiro campe\u00e3o brasileiro pelo Botafogo\/RJ participa da festa de anivers\u00e1rio do Aymor\u00e9s - Ub\u00e1 News\" \/>\n<meta property=\"og:description\" content=\"O ex-goleiro Vagner do Botafogo de Futebol e Regatas\/RJ, titular\" \/>\n<meta property=\"og:url\" content=\"https:\/\/ubanews.com\/site\/2019\/05\/21\/goleiro-campeao-brasileiro-pelo-botafogo-rj-participa-da-festa-de-aniversario-do-aymores\/\" \/>\n<meta property=\"og:site_name\" content=\"Ub\u00e1 News\" \/>\n<meta property=\"article:publisher\" content=\"https:\/\/www.facebook.com\/Ub%c3%a1News-Carlos-Roberto-Sodr%c3%a9-418778301977370\" \/>\n<meta property=\"article:author\" content=\"https:\/\/www.facebook.com\/carosroberto.sodre.5\/\" \/>\n<meta property=\"article:published_time\" content=\"2019-05-21T13:43:42+00:00\" \/>\n<meta property=\"article:modified_time\" content=\"2019-07-05T00:47:21+00:00\" \/>\n<meta property=\"og:image\" content=\"https:\/\/ubanews.com\/site\/wp-content\/uploads\/2019\/05\/01020002.00_05_07_30.Quadro004.jpg\" \/>\n\t<meta property=\"og:image:width\" content=\"1000\" \/>\n\t<meta property=\"og:image:height\" content=\"500\" \/>\n\t<meta property=\"og:image:type\" content=\"image\/jpeg\" \/>\n<meta name=\"author\" content=\"Sodr\u00e9\" \/>\n<meta name=\"twitter:card\" content=\"summary_large_image\" \/>\n<meta name=\"twitter:label1\" content=\"Escrito por\" \/>\n\t<meta name=\"twitter:data1\" content=\"Sodr\u00e9\" \/>\n\t<meta name=\"twitter:label2\" content=\"Est. tempo de leitura\" \/>\n\t<meta name=\"twitter:data2\" content=\"1 minuto\" \/>\n<script type=\"application\/ld+json\" class=\"yoast-schema-graph\">{\"@context\":\"https:\/\/schema.org\",\"@graph\":[{\"@type\":\"Article\",\"@id\":\"https:\/\/ubanews.com\/site\/2019\/05\/21\/goleiro-campeao-brasileiro-pelo-botafogo-rj-participa-da-festa-de-aniversario-do-aymores\/#article\",\"isPartOf\":{\"@id\":\"https:\/\/ubanews.com\/site\/2019\/05\/21\/goleiro-campeao-brasileiro-pelo-botafogo-rj-participa-da-festa-de-aniversario-do-aymores\/\"},\"author\":{\"name\":\"Sodr\u00e9\",\"@id\":\"https:\/\/ubanews.com\/site\/#\/schema\/person\/d90c9e47252fbb63dcc969fe4c8b9d10\"},\"headline\":\"Goleiro campe\u00e3o brasileiro pelo Botafogo\/RJ participa da festa de anivers\u00e1rio do Aymor\u00e9s\",\"datePublished\":\"2019-05-21T13:43:42+00:00\",\"dateModified\":\"2019-07-05T00:47:21+00:00\",\"mainEntityOfPage\":{\"@id\":\"https:\/\/ubanews.com\/site\/2019\/05\/21\/goleiro-campeao-brasileiro-pelo-botafogo-rj-participa-da-festa-de-aniversario-do-aymores\/\"},\"wordCount\":310,\"commentCount\":0,\"publisher\":{\"@id\":\"https:\/\/ubanews.com\/site\/#organization\"},\"image\":{\"@id\":\"https:\/\/ubanews.com\/site\/2019\/05\/21\/goleiro-campeao-brasileiro-pelo-botafogo-rj-participa-da-festa-de-aniversario-do-aymores\/#primaryimage\"},\"thumbnailUrl\":\"https:\/\/ubanews.com\/site\/wp-content\/uploads\/2019\/05\/01020002.00_05_07_30.Quadro004.jpg\",\"articleSection\":[\"Esporte\"],\"inLanguage\":\"pt-BR\",\"potentialAction\":[{\"@type\":\"CommentAction\",\"name\":\"Comment\",\"target\":[\"https:\/\/ubanews.com\/site\/2019\/05\/21\/goleiro-campeao-brasileiro-pelo-botafogo-rj-participa-da-festa-de-aniversario-do-aymores\/#respond\"]}]},{\"@type\":\"WebPage\",\"@id\":\"https:\/\/ubanews.com\/site\/2019\/05\/21\/goleiro-campeao-brasileiro-pelo-botafogo-rj-participa-da-festa-de-aniversario-do-aymores\/\",\"url\":\"https:\/\/ubanews.com\/site\/2019\/05\/21\/goleiro-campeao-brasileiro-pelo-botafogo-rj-participa-da-festa-de-aniversario-do-aymores\/\",\"name\":\"Goleiro campe\u00e3o brasileiro pelo Botafogo\/RJ participa da festa de anivers\u00e1rio do Aymor\u00e9s - Ub\u00e1 News\",\"isPartOf\":{\"@id\":\"https:\/\/ubanews.com\/site\/#website\"},\"primaryImageOfPage\":{\"@id\":\"https:\/\/ubanews.com\/site\/2019\/05\/21\/goleiro-campeao-brasileiro-pelo-botafogo-rj-participa-da-festa-de-aniversario-do-aymores\/#primaryimage\"},\"image\":{\"@id\":\"https:\/\/ubanews.com\/site\/2019\/05\/21\/goleiro-campeao-brasileiro-pelo-botafogo-rj-participa-da-festa-de-aniversario-do-aymores\/#primaryimage\"},\"thumbnailUrl\":\"https:\/\/ubanews.com\/site\/wp-content\/uploads\/2019\/05\/01020002.00_05_07_30.Quadro004.jpg\",\"datePublished\":\"2019-05-21T13:43:42+00:00\",\"dateModified\":\"2019-07-05T00:47:21+00:00\",\"breadcrumb\":{\"@id\":\"https:\/\/ubanews.com\/site\/2019\/05\/21\/goleiro-campeao-brasileiro-pelo-botafogo-rj-participa-da-festa-de-aniversario-do-aymores\/#breadcrumb\"},\"inLanguage\":\"pt-BR\",\"potentialAction\":[{\"@type\":\"ReadAction\",\"target\":[\"https:\/\/ubanews.com\/site\/2019\/05\/21\/goleiro-campeao-brasileiro-pelo-botafogo-rj-participa-da-festa-de-aniversario-do-aymores\/\"]}]},{\"@type\":\"ImageObject\",\"inLanguage\":\"pt-BR\",\"@id\":\"https:\/\/ubanews.com\/site\/2019\/05\/21\/goleiro-campeao-brasileiro-pelo-botafogo-rj-participa-da-festa-de-aniversario-do-aymores\/#primaryimage\",\"url\":\"https:\/\/ubanews.com\/site\/wp-content\/uploads\/2019\/05\/01020002.00_05_07_30.Quadro004.jpg\",\"contentUrl\":\"https:\/\/ubanews.com\/site\/wp-content\/uploads\/2019\/05\/01020002.00_05_07_30.Quadro004.jpg\",\"width\":1000,\"height\":500},{\"@type\":\"BreadcrumbList\",\"@id\":\"https:\/\/ubanews.com\/site\/2019\/05\/21\/goleiro-campeao-brasileiro-pelo-botafogo-rj-participa-da-festa-de-aniversario-do-aymores\/#breadcrumb\",\"itemListElement\":[{\"@type\":\"ListItem\",\"position\":1,\"name\":\"Home\",\"item\":\"https:\/\/ubanews.com\/site\/\"},{\"@type\":\"ListItem\",\"position\":2,\"name\":\"Goleiro campe\u00e3o brasileiro pelo Botafogo\/RJ participa da festa de anivers\u00e1rio do Aymor\u00e9s\"}]},{\"@type\":\"WebSite\",\"@id\":\"https:\/\/ubanews.com\/site\/#website\",\"url\":\"https:\/\/ubanews.com\/site\/\",\"name\":\"Ub\u00e1 News\",\"description\":\"\",\"publisher\":{\"@id\":\"https:\/\/ubanews.com\/site\/#organization\"},\"potentialAction\":[{\"@type\":\"SearchAction\",\"target\":{\"@type\":\"EntryPoint\",\"urlTemplate\":\"https:\/\/ubanews.com\/site\/?s={search_term_string}\"},\"query-input\":{\"@type\":\"PropertyValueSpecification\",\"valueRequired\":true,\"valueName\":\"search_term_string\"}}],\"inLanguage\":\"pt-BR\"},{\"@type\":\"Organization\",\"@id\":\"https:\/\/ubanews.com\/site\/#organization\",\"name\":\"Ub\u00e1 News\",\"url\":\"https:\/\/ubanews.com\/site\/\",\"logo\":{\"@type\":\"ImageObject\",\"inLanguage\":\"pt-BR\",\"@id\":\"https:\/\/ubanews.com\/site\/#\/schema\/logo\/image\/\",\"url\":\"https:\/\/ubanews.com\/site\/wp-content\/uploads\/2018\/01\/logoubanews.png\",\"contentUrl\":\"https:\/\/ubanews.com\/site\/wp-content\/uploads\/2018\/01\/logoubanews.png\",\"width\":261,\"height\":99,\"caption\":\"Ub\u00e1 News\"},\"image\":{\"@id\":\"https:\/\/ubanews.com\/site\/#\/schema\/logo\/image\/\"},\"sameAs\":[\"https:\/\/www.facebook.com\/Ub\u00e1News-Carlos-Roberto-Sodr\u00e9-418778301977370\"]},{\"@type\":\"Person\",\"@id\":\"https:\/\/ubanews.com\/site\/#\/schema\/person\/d90c9e47252fbb63dcc969fe4c8b9d10\",\"name\":\"Sodr\u00e9\",\"image\":{\"@type\":\"ImageObject\",\"inLanguage\":\"pt-BR\",\"@id\":\"https:\/\/secure.gravatar.com\/avatar\/5ba2793f0590b9dbfad3fdec4ee714485b3eef211c9b32ee53d414060454a56c?s=96&d=mm&r=g\",\"url\":\"https:\/\/secure.gravatar.com\/avatar\/5ba2793f0590b9dbfad3fdec4ee714485b3eef211c9b32ee53d414060454a56c?s=96&d=mm&r=g\",\"contentUrl\":\"https:\/\/secure.gravatar.com\/avatar\/5ba2793f0590b9dbfad3fdec4ee714485b3eef211c9b32ee53d414060454a56c?s=96&d=mm&r=g\",\"caption\":\"Sodr\u00e9\"},\"sameAs\":[\"https:\/\/www.facebook.com\/carosroberto.sodre.5\/\"],\"url\":\"https:\/\/ubanews.com\/site\/author\/felipe\/\"}]}<\/script>\n<!-- \/ Yoast SEO plugin. -->","yoast_head_json":{"title":"Goleiro campe\u00e3o brasileiro pelo Botafogo\/RJ participa da festa de anivers\u00e1rio do Aymor\u00e9s - Ub\u00e1 News","robots":{"index":"index","follow":"follow","max-snippet":"max-snippet:-1","max-image-preview":"max-image-preview:large","max-video-preview":"max-video-preview:-1"},"canonical":"https:\/\/ubanews.com\/site\/2019\/05\/21\/goleiro-campeao-brasileiro-pelo-botafogo-rj-participa-da-festa-de-aniversario-do-aymores\/","og_locale":"pt_BR","og_type":"article","og_title":"Goleiro campe\u00e3o brasileiro pelo Botafogo\/RJ participa da festa de anivers\u00e1rio do Aymor\u00e9s - Ub\u00e1 News","og_description":"O ex-goleiro Vagner do Botafogo de Futebol e Regatas\/RJ, titular","og_url":"https:\/\/ubanews.com\/site\/2019\/05\/21\/goleiro-campeao-brasileiro-pelo-botafogo-rj-participa-da-festa-de-aniversario-do-aymores\/","og_site_name":"Ub\u00e1 News","article_publisher":"https:\/\/www.facebook.com\/Ub%c3%a1News-Carlos-Roberto-Sodr%c3%a9-418778301977370","article_author":"https:\/\/www.facebook.com\/carosroberto.sodre.5\/","article_published_time":"2019-05-21T13:43:42+00:00","article_modified_time":"2019-07-05T00:47:21+00:00","og_image":[{"width":1000,"height":500,"url":"https:\/\/ubanews.com\/site\/wp-content\/uploads\/2019\/05\/01020002.00_05_07_30.Quadro004.jpg","type":"image\/jpeg"}],"author":"Sodr\u00e9","twitter_card":"summary_large_image","twitter_misc":{"Escrito por":"Sodr\u00e9","Est. tempo de leitura":"1 minuto"},"schema":{"@context":"https:\/\/schema.org","@graph":[{"@type":"Article","@id":"https:\/\/ubanews.com\/site\/2019\/05\/21\/goleiro-campeao-brasileiro-pelo-botafogo-rj-participa-da-festa-de-aniversario-do-aymores\/#article","isPartOf":{"@id":"https:\/\/ubanews.com\/site\/2019\/05\/21\/goleiro-campeao-brasileiro-pelo-botafogo-rj-participa-da-festa-de-aniversario-do-aymores\/"},"author":{"name":"Sodr\u00e9","@id":"https:\/\/ubanews.com\/site\/#\/schema\/person\/d90c9e47252fbb63dcc969fe4c8b9d10"},"headline":"Goleiro campe\u00e3o brasileiro pelo Botafogo\/RJ participa da festa de anivers\u00e1rio do Aymor\u00e9s","datePublished":"2019-05-21T13:43:42+00:00","dateModified":"2019-07-05T00:47:21+00:00","mainEntityOfPage":{"@id":"https:\/\/ubanews.com\/site\/2019\/05\/21\/goleiro-campeao-brasileiro-pelo-botafogo-rj-participa-da-festa-de-aniversario-do-aymores\/"},"wordCount":310,"commentCount":0,"publisher":{"@id":"https:\/\/ubanews.com\/site\/#organization"},"image":{"@id":"https:\/\/ubanews.com\/site\/2019\/05\/21\/goleiro-campeao-brasileiro-pelo-botafogo-rj-participa-da-festa-de-aniversario-do-aymores\/#primaryimage"},"thumbnailUrl":"https:\/\/ubanews.com\/site\/wp-content\/uploads\/2019\/05\/01020002.00_05_07_30.Quadro004.jpg","articleSection":["Esporte"],"inLanguage":"pt-BR","potentialAction":[{"@type":"CommentAction","name":"Comment","target":["https:\/\/ubanews.com\/site\/2019\/05\/21\/goleiro-campeao-brasileiro-pelo-botafogo-rj-participa-da-festa-de-aniversario-do-aymores\/#respond"]}]},{"@type":"WebPage","@id":"https:\/\/ubanews.com\/site\/2019\/05\/21\/goleiro-campeao-brasileiro-pelo-botafogo-rj-participa-da-festa-de-aniversario-do-aymores\/","url":"https:\/\/ubanews.com\/site\/2019\/05\/21\/goleiro-campeao-brasileiro-pelo-botafogo-rj-participa-da-festa-de-aniversario-do-aymores\/","name":"Goleiro campe\u00e3o brasileiro pelo Botafogo\/RJ participa da festa de anivers\u00e1rio do Aymor\u00e9s - Ub\u00e1 News","isPartOf":{"@id":"https:\/\/ubanews.com\/site\/#website"},"primaryImageOfPage":{"@id":"https:\/\/ubanews.com\/site\/2019\/05\/21\/goleiro-campeao-brasileiro-pelo-botafogo-rj-participa-da-festa-de-aniversario-do-aymores\/#primaryimage"},"image":{"@id":"https:\/\/ubanews.com\/site\/2019\/05\/21\/goleiro-campeao-brasileiro-pelo-botafogo-rj-participa-da-festa-de-aniversario-do-aymores\/#primaryimage"},"thumbnailUrl":"https:\/\/ubanews.com\/site\/wp-content\/uploads\/2019\/05\/01020002.00_05_07_30.Quadro004.jpg","datePublished":"2019-05-21T13:43:42+00:00","dateModified":"2019-07-05T00:47:21+00:00","breadcrumb":{"@id":"https:\/\/ubanews.com\/site\/2019\/05\/21\/goleiro-campeao-brasileiro-pelo-botafogo-rj-participa-da-festa-de-aniversario-do-aymores\/#breadcrumb"},"inLanguage":"pt-BR","potentialAction":[{"@type":"ReadAction","target":["https:\/\/ubanews.com\/site\/2019\/05\/21\/goleiro-campeao-brasileiro-pelo-botafogo-rj-participa-da-festa-de-aniversario-do-aymores\/"]}]},{"@type":"ImageObject","inLanguage":"pt-BR","@id":"https:\/\/ubanews.com\/site\/2019\/05\/21\/goleiro-campeao-brasileiro-pelo-botafogo-rj-participa-da-festa-de-aniversario-do-aymores\/#primaryimage","url":"https:\/\/ubanews.com\/site\/wp-content\/uploads\/2019\/05\/01020002.00_05_07_30.Quadro004.jpg","contentUrl":"https:\/\/ubanews.com\/site\/wp-content\/uploads\/2019\/05\/01020002.00_05_07_30.Quadro004.jpg","width":1000,"height":500},{"@type":"BreadcrumbList","@id":"https:\/\/ubanews.com\/site\/2019\/05\/21\/goleiro-campeao-brasileiro-pelo-botafogo-rj-participa-da-festa-de-aniversario-do-aymores\/#breadcrumb","itemListElement":[{"@type":"ListItem","position":1,"name":"Home","item":"https:\/\/ubanews.com\/site\/"},{"@type":"ListItem","position":2,"name":"Goleiro campe\u00e3o brasileiro pelo Botafogo\/RJ participa da festa de anivers\u00e1rio do Aymor\u00e9s"}]},{"@type":"WebSite","@id":"https:\/\/ubanews.com\/site\/#website","url":"https:\/\/ubanews.com\/site\/","name":"Ub\u00e1 News","description":"","publisher":{"@id":"https:\/\/ubanews.com\/site\/#organization"},"potentialAction":[{"@type":"SearchAction","target":{"@type":"EntryPoint","urlTemplate":"https:\/\/ubanews.com\/site\/?s={search_term_string}"},"query-input":{"@type":"PropertyValueSpecification","valueRequired":true,"valueName":"search_term_string"}}],"inLanguage":"pt-BR"},{"@type":"Organization","@id":"https:\/\/ubanews.com\/site\/#organization","name":"Ub\u00e1 News","url":"https:\/\/ubanews.com\/site\/","logo":{"@type":"ImageObject","inLanguage":"pt-BR","@id":"https:\/\/ubanews.com\/site\/#\/schema\/logo\/image\/","url":"https:\/\/ubanews.com\/site\/wp-content\/uploads\/2018\/01\/logoubanews.png","contentUrl":"https:\/\/ubanews.com\/site\/wp-content\/uploads\/2018\/01\/logoubanews.png","width":261,"height":99,"caption":"Ub\u00e1 News"},"image":{"@id":"https:\/\/ubanews.com\/site\/#\/schema\/logo\/image\/"},"sameAs":["https:\/\/www.facebook.com\/Ub\u00e1News-Carlos-Roberto-Sodr\u00e9-418778301977370"]},{"@type":"Person","@id":"https:\/\/ubanews.com\/site\/#\/schema\/person\/d90c9e47252fbb63dcc969fe4c8b9d10","name":"Sodr\u00e9","image":{"@type":"ImageObject","inLanguage":"pt-BR","@id":"https:\/\/secure.gravatar.com\/avatar\/5ba2793f0590b9dbfad3fdec4ee714485b3eef211c9b32ee53d414060454a56c?s=96&d=mm&r=g","url":"https:\/\/secure.gravatar.com\/avatar\/5ba2793f0590b9dbfad3fdec4ee714485b3eef211c9b32ee53d414060454a56c?s=96&d=mm&r=g","contentUrl":"https:\/\/secure.gravatar.com\/avatar\/5ba2793f0590b9dbfad3fdec4ee714485b3eef211c9b32ee53d414060454a56c?s=96&d=mm&r=g","caption":"Sodr\u00e9"},"sameAs":["https:\/\/www.facebook.com\/carosroberto.sodre.5\/"],"url":"https:\/\/ubanews.com\/site\/author\/felipe\/"}]}},"_links":{"self":[{"href":"https:\/\/ubanews.com\/site\/wp-json\/wp\/v2\/posts\/11755","targetHints":{"allow":["GET"]}}],"collection":[{"href":"https:\/\/ubanews.com\/site\/wp-json\/wp\/v2\/posts"}],"about":[{"href":"https:\/\/ubanews.com\/site\/wp-json\/wp\/v2\/types\/post"}],"author":[{"embeddable":true,"href":"https:\/\/ubanews.com\/site\/wp-json\/wp\/v2\/users\/2"}],"replies":[{"embeddable":true,"href":"https:\/\/ubanews.com\/site\/wp-json\/wp\/v2\/comments?post=11755"}],"version-history":[{"count":0,"href":"https:\/\/ubanews.com\/site\/wp-json\/wp\/v2\/posts\/11755\/revisions"}],"wp:featuredmedia":[{"embeddable":true,"href":"https:\/\/ubanews.com\/site\/wp-json\/wp\/v2\/media\/11748"}],"wp:attachment":[{"href":"https:\/\/ubanews.com\/site\/wp-json\/wp\/v2\/media?parent=11755"}],"wp:term":[{"taxonomy":"category","embeddable":true,"href":"https:\/\/ubanews.com\/site\/wp-json\/wp\/v2\/categories?post=11755"},{"taxonomy":"post_tag","embeddable":true,"href":"https:\/\/ubanews.com\/site\/wp-json\/wp\/v2\/tags?post=11755"}],"curies":[{"name":"wp","href":"https:\/\/api.w.org\/{rel}","templated":true}]}}