{"id":11749,"date":"2019-05-21T10:26:54","date_gmt":"2019-05-21T13:26:54","guid":{"rendered":"http:\/\/ubanews.com\/site\/?p=11749"},"modified":"2019-05-21T10:26:54","modified_gmt":"2019-05-21T13:26:54","slug":"camara-municipal-de-uba-promove-seminario-sobre-o-plano-diretor","status":"publish","type":"post","link":"https:\/\/ubanews.com\/site\/2019\/05\/21\/camara-municipal-de-uba-promove-seminario-sobre-o-plano-diretor\/","title":{"rendered":"C\u00e2mara Municipal de Ub\u00e1 promove semin\u00e1rio sobre o Plano Diretor"},"content":{"rendered":"<p>Na pr\u00f3xima sexta-feira, 24 de maio, \u00e0s 18h, no plen\u00e1rio Vereador Lincoln Rodrigues Costa, a C\u00e2mara Municipal de Ub\u00e1 realiza o 1\u00ba semin\u00e1rio do Plano Diretor do Munic\u00edpio de Ub\u00e1. A palestra intitulada \u201cPlano Diretor, o incremento do bem-estar da comunidade para as gera\u00e7\u00f5es atuais e futuras\u201d, est\u00e1 a cargo da engenheira Civil, especialista em Engenharia da Qualidade, ex-professora Universit\u00e1ria e perita Judicial, S\u00f4nia Maria Jacob Rodrigues.<\/p>\n<p>Em seguida, o arquiteto e urbanista, Klinton de Melo Barbosa J\u00fanior, apresenta o tema: \u201cUma leitura sobre o planejamento urbano e o mercado imobili\u00e1rio de Uba\u201d. A C\u00e2mara convida a todos a participarem.<\/p>\n<p><a href=\"https:\/\/ubanews.com\/site\/wp-content\/uploads\/2019\/05\/60808007_2213217662110930_6776398395159347200_o.jpg\"><img decoding=\"async\" class=\"alignnone size-large wp-image-11754 lazyload\" data-src=\"https:\/\/ubanews.com\/site\/wp-content\/uploads\/2019\/05\/60808007_2213217662110930_6776398395159347200_o-1024x724.jpg\" alt=\"\" width=\"840\" height=\"594\" data-srcset=\"https:\/\/ubanews.com\/site\/wp-content\/uploads\/2019\/05\/60808007_2213217662110930_6776398395159347200_o-1024x724.jpg 1024w, https:\/\/ubanews.com\/site\/wp-content\/uploads\/2019\/05\/60808007_2213217662110930_6776398395159347200_o-300x212.jpg 300w, https:\/\/ubanews.com\/site\/wp-content\/uploads\/2019\/05\/60808007_2213217662110930_6776398395159347200_o-768x543.jpg 768w, https:\/\/ubanews.com\/site\/wp-content\/uploads\/2019\/05\/60808007_2213217662110930_6776398395159347200_o.jpg 1754w\" data-sizes=\"(max-width: 840px) 100vw, 840px\" src=\"data:image\/svg+xml;base64,PHN2ZyB3aWR0aD0iMSIgaGVpZ2h0PSIxIiB4bWxucz0iaHR0cDovL3d3dy53My5vcmcvMjAwMC9zdmciPjwvc3ZnPg==\" style=\"--smush-placeholder-width: 840px; --smush-placeholder-aspect-ratio: 840\/594;\" \/><\/a><\/p>\n<p><b>Entenda o Plano Diretor<\/b><\/p>\n<p>O Plano Diretor \u00e9 um instrumento para garantir a todos os cidad\u00e3os do munic\u00edpio um lugar adequado para morar, trabalhar e viver com dignidade proporcionando acesso \u00e0 habita\u00e7\u00e3o adequada, saneamento ambiental, ao transporte e mobilidade, ao tr\u00e2nsito seguro e aos servi\u00e7os e equipamentos urbanos.<\/p>\n<p>Segundo o Estatuto das Cidades (Lei n\u00ba 10.257\/2001), os munic\u00edpios devem planejar seu desenvolvimento por meio do Plano Diretor. Esse planejamento precisa ser conduzido pela Prefeitura, aprovado pela C\u00e2mara de Vereadores e contar com o envolvimento de toda sociedade em sua elabora\u00e7\u00e3o, implementa\u00e7\u00e3o e revis\u00e3o.<\/p>\n<p>O Plano Diretor promove condi\u00e7\u00f5es para atender de modo integrado as \u00e1reas urbanas e rurais, sem desigualdades, dando \u00e0 popula\u00e7\u00e3o acesso a oportunidades que a cidade oferece.<\/p>\n<p><strong>ASSESSORIA DE COMUNICA\u00c7\u00c3O C\u00c2MARA MUNICIPAL DE UB\u00c1<\/strong><\/p>\n","protected":false},"excerpt":{"rendered":"<p>Na pr\u00f3xima sexta-feira, 24 de maio, \u00e0s 18h, no plen\u00e1rio<\/p>\n","protected":false},"author":2,"featured_media":8125,"comment_status":"open","ping_status":"open","sticky":false,"template":"","format":"standard","meta":{"footnotes":""},"categories":[16],"tags":[],"class_list":["post-11749","post","type-post","status-publish","format-standard","has-post-thumbnail","hentry","category-camara-municipal"],"yoast_head":"<!-- This site is optimized with the Yoast SEO plugin v27.2 - https:\/\/yoast.com\/product\/yoast-seo-wordpress\/ -->\n<title>C\u00e2mara Municipal de Ub\u00e1 promove semin\u00e1rio sobre o Plano Diretor - Ub\u00e1 News<\/title>\n<meta name=\"robots\" content=\"index, follow, max-snippet:-1, max-image-preview:large, max-video-preview:-1\" \/>\n<link rel=\"canonical\" href=\"https:\/\/ubanews.com\/site\/2019\/05\/21\/camara-municipal-de-uba-promove-seminario-sobre-o-plano-diretor\/\" \/>\n<meta property=\"og:locale\" content=\"pt_BR\" \/>\n<meta property=\"og:type\" content=\"article\" \/>\n<meta property=\"og:title\" content=\"C\u00e2mara Municipal de Ub\u00e1 promove semin\u00e1rio sobre o Plano Diretor - Ub\u00e1 News\" \/>\n<meta property=\"og:description\" content=\"Na pr\u00f3xima sexta-feira, 24 de maio, \u00e0s 18h, no plen\u00e1rio\" \/>\n<meta property=\"og:url\" content=\"https:\/\/ubanews.com\/site\/2019\/05\/21\/camara-municipal-de-uba-promove-seminario-sobre-o-plano-diretor\/\" \/>\n<meta property=\"og:site_name\" content=\"Ub\u00e1 News\" \/>\n<meta property=\"article:publisher\" content=\"https:\/\/www.facebook.com\/Ub%c3%a1News-Carlos-Roberto-Sodr%c3%a9-418778301977370\" \/>\n<meta property=\"article:author\" content=\"https:\/\/www.facebook.com\/carosroberto.sodre.5\/\" \/>\n<meta property=\"article:published_time\" content=\"2019-05-21T13:26:54+00:00\" \/>\n<meta property=\"og:image\" content=\"https:\/\/ubanews.com\/site\/wp-content\/uploads\/2018\/10\/C\u00e2mara-Municipal.jpg\" \/>\n\t<meta property=\"og:image:width\" content=\"800\" \/>\n\t<meta property=\"og:image:height\" content=\"389\" \/>\n\t<meta property=\"og:image:type\" content=\"image\/jpeg\" \/>\n<meta name=\"author\" content=\"Sodr\u00e9\" \/>\n<meta name=\"twitter:card\" content=\"summary_large_image\" \/>\n<meta name=\"twitter:label1\" content=\"Escrito por\" \/>\n\t<meta name=\"twitter:data1\" content=\"Sodr\u00e9\" \/>\n\t<meta name=\"twitter:label2\" content=\"Est. tempo de leitura\" \/>\n\t<meta name=\"twitter:data2\" content=\"1 minuto\" \/>\n<script type=\"application\/ld+json\" class=\"yoast-schema-graph\">{\"@context\":\"https:\/\/schema.org\",\"@graph\":[{\"@type\":\"Article\",\"@id\":\"https:\/\/ubanews.com\/site\/2019\/05\/21\/camara-municipal-de-uba-promove-seminario-sobre-o-plano-diretor\/#article\",\"isPartOf\":{\"@id\":\"https:\/\/ubanews.com\/site\/2019\/05\/21\/camara-municipal-de-uba-promove-seminario-sobre-o-plano-diretor\/\"},\"author\":{\"name\":\"Sodr\u00e9\",\"@id\":\"https:\/\/ubanews.com\/site\/#\/schema\/person\/d90c9e47252fbb63dcc969fe4c8b9d10\"},\"headline\":\"C\u00e2mara Municipal de Ub\u00e1 promove semin\u00e1rio sobre o Plano Diretor\",\"datePublished\":\"2019-05-21T13:26:54+00:00\",\"mainEntityOfPage\":{\"@id\":\"https:\/\/ubanews.com\/site\/2019\/05\/21\/camara-municipal-de-uba-promove-seminario-sobre-o-plano-diretor\/\"},\"wordCount\":258,\"commentCount\":0,\"publisher\":{\"@id\":\"https:\/\/ubanews.com\/site\/#organization\"},\"image\":{\"@id\":\"https:\/\/ubanews.com\/site\/2019\/05\/21\/camara-municipal-de-uba-promove-seminario-sobre-o-plano-diretor\/#primaryimage\"},\"thumbnailUrl\":\"https:\/\/ubanews.com\/site\/wp-content\/uploads\/2018\/10\/C\u00e2mara-Municipal.jpg\",\"articleSection\":[\"C\u00e2mara Municipal\"],\"inLanguage\":\"pt-BR\",\"potentialAction\":[{\"@type\":\"CommentAction\",\"name\":\"Comment\",\"target\":[\"https:\/\/ubanews.com\/site\/2019\/05\/21\/camara-municipal-de-uba-promove-seminario-sobre-o-plano-diretor\/#respond\"]}]},{\"@type\":\"WebPage\",\"@id\":\"https:\/\/ubanews.com\/site\/2019\/05\/21\/camara-municipal-de-uba-promove-seminario-sobre-o-plano-diretor\/\",\"url\":\"https:\/\/ubanews.com\/site\/2019\/05\/21\/camara-municipal-de-uba-promove-seminario-sobre-o-plano-diretor\/\",\"name\":\"C\u00e2mara Municipal de Ub\u00e1 promove semin\u00e1rio sobre o Plano Diretor - Ub\u00e1 News\",\"isPartOf\":{\"@id\":\"https:\/\/ubanews.com\/site\/#website\"},\"primaryImageOfPage\":{\"@id\":\"https:\/\/ubanews.com\/site\/2019\/05\/21\/camara-municipal-de-uba-promove-seminario-sobre-o-plano-diretor\/#primaryimage\"},\"image\":{\"@id\":\"https:\/\/ubanews.com\/site\/2019\/05\/21\/camara-municipal-de-uba-promove-seminario-sobre-o-plano-diretor\/#primaryimage\"},\"thumbnailUrl\":\"https:\/\/ubanews.com\/site\/wp-content\/uploads\/2018\/10\/C\u00e2mara-Municipal.jpg\",\"datePublished\":\"2019-05-21T13:26:54+00:00\",\"breadcrumb\":{\"@id\":\"https:\/\/ubanews.com\/site\/2019\/05\/21\/camara-municipal-de-uba-promove-seminario-sobre-o-plano-diretor\/#breadcrumb\"},\"inLanguage\":\"pt-BR\",\"potentialAction\":[{\"@type\":\"ReadAction\",\"target\":[\"https:\/\/ubanews.com\/site\/2019\/05\/21\/camara-municipal-de-uba-promove-seminario-sobre-o-plano-diretor\/\"]}]},{\"@type\":\"ImageObject\",\"inLanguage\":\"pt-BR\",\"@id\":\"https:\/\/ubanews.com\/site\/2019\/05\/21\/camara-municipal-de-uba-promove-seminario-sobre-o-plano-diretor\/#primaryimage\",\"url\":\"https:\/\/ubanews.com\/site\/wp-content\/uploads\/2018\/10\/C\u00e2mara-Municipal.jpg\",\"contentUrl\":\"https:\/\/ubanews.com\/site\/wp-content\/uploads\/2018\/10\/C\u00e2mara-Municipal.jpg\",\"width\":800,\"height\":389},{\"@type\":\"BreadcrumbList\",\"@id\":\"https:\/\/ubanews.com\/site\/2019\/05\/21\/camara-municipal-de-uba-promove-seminario-sobre-o-plano-diretor\/#breadcrumb\",\"itemListElement\":[{\"@type\":\"ListItem\",\"position\":1,\"name\":\"Home\",\"item\":\"https:\/\/ubanews.com\/site\/\"},{\"@type\":\"ListItem\",\"position\":2,\"name\":\"C\u00e2mara Municipal de Ub\u00e1 promove semin\u00e1rio sobre o Plano Diretor\"}]},{\"@type\":\"WebSite\",\"@id\":\"https:\/\/ubanews.com\/site\/#website\",\"url\":\"https:\/\/ubanews.com\/site\/\",\"name\":\"Ub\u00e1 News\",\"description\":\"\",\"publisher\":{\"@id\":\"https:\/\/ubanews.com\/site\/#organization\"},\"potentialAction\":[{\"@type\":\"SearchAction\",\"target\":{\"@type\":\"EntryPoint\",\"urlTemplate\":\"https:\/\/ubanews.com\/site\/?s={search_term_string}\"},\"query-input\":{\"@type\":\"PropertyValueSpecification\",\"valueRequired\":true,\"valueName\":\"search_term_string\"}}],\"inLanguage\":\"pt-BR\"},{\"@type\":\"Organization\",\"@id\":\"https:\/\/ubanews.com\/site\/#organization\",\"name\":\"Ub\u00e1 News\",\"url\":\"https:\/\/ubanews.com\/site\/\",\"logo\":{\"@type\":\"ImageObject\",\"inLanguage\":\"pt-BR\",\"@id\":\"https:\/\/ubanews.com\/site\/#\/schema\/logo\/image\/\",\"url\":\"https:\/\/ubanews.com\/site\/wp-content\/uploads\/2018\/01\/logoubanews.png\",\"contentUrl\":\"https:\/\/ubanews.com\/site\/wp-content\/uploads\/2018\/01\/logoubanews.png\",\"width\":261,\"height\":99,\"caption\":\"Ub\u00e1 News\"},\"image\":{\"@id\":\"https:\/\/ubanews.com\/site\/#\/schema\/logo\/image\/\"},\"sameAs\":[\"https:\/\/www.facebook.com\/Ub\u00e1News-Carlos-Roberto-Sodr\u00e9-418778301977370\"]},{\"@type\":\"Person\",\"@id\":\"https:\/\/ubanews.com\/site\/#\/schema\/person\/d90c9e47252fbb63dcc969fe4c8b9d10\",\"name\":\"Sodr\u00e9\",\"image\":{\"@type\":\"ImageObject\",\"inLanguage\":\"pt-BR\",\"@id\":\"https:\/\/secure.gravatar.com\/avatar\/5ba2793f0590b9dbfad3fdec4ee714485b3eef211c9b32ee53d414060454a56c?s=96&d=mm&r=g\",\"url\":\"https:\/\/secure.gravatar.com\/avatar\/5ba2793f0590b9dbfad3fdec4ee714485b3eef211c9b32ee53d414060454a56c?s=96&d=mm&r=g\",\"contentUrl\":\"https:\/\/secure.gravatar.com\/avatar\/5ba2793f0590b9dbfad3fdec4ee714485b3eef211c9b32ee53d414060454a56c?s=96&d=mm&r=g\",\"caption\":\"Sodr\u00e9\"},\"sameAs\":[\"https:\/\/www.facebook.com\/carosroberto.sodre.5\/\"],\"url\":\"https:\/\/ubanews.com\/site\/author\/felipe\/\"}]}<\/script>\n<!-- \/ Yoast SEO plugin. -->","yoast_head_json":{"title":"C\u00e2mara Municipal de Ub\u00e1 promove semin\u00e1rio sobre o Plano Diretor - Ub\u00e1 News","robots":{"index":"index","follow":"follow","max-snippet":"max-snippet:-1","max-image-preview":"max-image-preview:large","max-video-preview":"max-video-preview:-1"},"canonical":"https:\/\/ubanews.com\/site\/2019\/05\/21\/camara-municipal-de-uba-promove-seminario-sobre-o-plano-diretor\/","og_locale":"pt_BR","og_type":"article","og_title":"C\u00e2mara Municipal de Ub\u00e1 promove semin\u00e1rio sobre o Plano Diretor - Ub\u00e1 News","og_description":"Na pr\u00f3xima sexta-feira, 24 de maio, \u00e0s 18h, no plen\u00e1rio","og_url":"https:\/\/ubanews.com\/site\/2019\/05\/21\/camara-municipal-de-uba-promove-seminario-sobre-o-plano-diretor\/","og_site_name":"Ub\u00e1 News","article_publisher":"https:\/\/www.facebook.com\/Ub%c3%a1News-Carlos-Roberto-Sodr%c3%a9-418778301977370","article_author":"https:\/\/www.facebook.com\/carosroberto.sodre.5\/","article_published_time":"2019-05-21T13:26:54+00:00","og_image":[{"width":800,"height":389,"url":"https:\/\/ubanews.com\/site\/wp-content\/uploads\/2018\/10\/C\u00e2mara-Municipal.jpg","type":"image\/jpeg"}],"author":"Sodr\u00e9","twitter_card":"summary_large_image","twitter_misc":{"Escrito por":"Sodr\u00e9","Est. tempo de leitura":"1 minuto"},"schema":{"@context":"https:\/\/schema.org","@graph":[{"@type":"Article","@id":"https:\/\/ubanews.com\/site\/2019\/05\/21\/camara-municipal-de-uba-promove-seminario-sobre-o-plano-diretor\/#article","isPartOf":{"@id":"https:\/\/ubanews.com\/site\/2019\/05\/21\/camara-municipal-de-uba-promove-seminario-sobre-o-plano-diretor\/"},"author":{"name":"Sodr\u00e9","@id":"https:\/\/ubanews.com\/site\/#\/schema\/person\/d90c9e47252fbb63dcc969fe4c8b9d10"},"headline":"C\u00e2mara Municipal de Ub\u00e1 promove semin\u00e1rio sobre o Plano Diretor","datePublished":"2019-05-21T13:26:54+00:00","mainEntityOfPage":{"@id":"https:\/\/ubanews.com\/site\/2019\/05\/21\/camara-municipal-de-uba-promove-seminario-sobre-o-plano-diretor\/"},"wordCount":258,"commentCount":0,"publisher":{"@id":"https:\/\/ubanews.com\/site\/#organization"},"image":{"@id":"https:\/\/ubanews.com\/site\/2019\/05\/21\/camara-municipal-de-uba-promove-seminario-sobre-o-plano-diretor\/#primaryimage"},"thumbnailUrl":"https:\/\/ubanews.com\/site\/wp-content\/uploads\/2018\/10\/C\u00e2mara-Municipal.jpg","articleSection":["C\u00e2mara Municipal"],"inLanguage":"pt-BR","potentialAction":[{"@type":"CommentAction","name":"Comment","target":["https:\/\/ubanews.com\/site\/2019\/05\/21\/camara-municipal-de-uba-promove-seminario-sobre-o-plano-diretor\/#respond"]}]},{"@type":"WebPage","@id":"https:\/\/ubanews.com\/site\/2019\/05\/21\/camara-municipal-de-uba-promove-seminario-sobre-o-plano-diretor\/","url":"https:\/\/ubanews.com\/site\/2019\/05\/21\/camara-municipal-de-uba-promove-seminario-sobre-o-plano-diretor\/","name":"C\u00e2mara Municipal de Ub\u00e1 promove semin\u00e1rio sobre o Plano Diretor - Ub\u00e1 News","isPartOf":{"@id":"https:\/\/ubanews.com\/site\/#website"},"primaryImageOfPage":{"@id":"https:\/\/ubanews.com\/site\/2019\/05\/21\/camara-municipal-de-uba-promove-seminario-sobre-o-plano-diretor\/#primaryimage"},"image":{"@id":"https:\/\/ubanews.com\/site\/2019\/05\/21\/camara-municipal-de-uba-promove-seminario-sobre-o-plano-diretor\/#primaryimage"},"thumbnailUrl":"https:\/\/ubanews.com\/site\/wp-content\/uploads\/2018\/10\/C\u00e2mara-Municipal.jpg","datePublished":"2019-05-21T13:26:54+00:00","breadcrumb":{"@id":"https:\/\/ubanews.com\/site\/2019\/05\/21\/camara-municipal-de-uba-promove-seminario-sobre-o-plano-diretor\/#breadcrumb"},"inLanguage":"pt-BR","potentialAction":[{"@type":"ReadAction","target":["https:\/\/ubanews.com\/site\/2019\/05\/21\/camara-municipal-de-uba-promove-seminario-sobre-o-plano-diretor\/"]}]},{"@type":"ImageObject","inLanguage":"pt-BR","@id":"https:\/\/ubanews.com\/site\/2019\/05\/21\/camara-municipal-de-uba-promove-seminario-sobre-o-plano-diretor\/#primaryimage","url":"https:\/\/ubanews.com\/site\/wp-content\/uploads\/2018\/10\/C\u00e2mara-Municipal.jpg","contentUrl":"https:\/\/ubanews.com\/site\/wp-content\/uploads\/2018\/10\/C\u00e2mara-Municipal.jpg","width":800,"height":389},{"@type":"BreadcrumbList","@id":"https:\/\/ubanews.com\/site\/2019\/05\/21\/camara-municipal-de-uba-promove-seminario-sobre-o-plano-diretor\/#breadcrumb","itemListElement":[{"@type":"ListItem","position":1,"name":"Home","item":"https:\/\/ubanews.com\/site\/"},{"@type":"ListItem","position":2,"name":"C\u00e2mara Municipal de Ub\u00e1 promove semin\u00e1rio sobre o Plano Diretor"}]},{"@type":"WebSite","@id":"https:\/\/ubanews.com\/site\/#website","url":"https:\/\/ubanews.com\/site\/","name":"Ub\u00e1 News","description":"","publisher":{"@id":"https:\/\/ubanews.com\/site\/#organization"},"potentialAction":[{"@type":"SearchAction","target":{"@type":"EntryPoint","urlTemplate":"https:\/\/ubanews.com\/site\/?s={search_term_string}"},"query-input":{"@type":"PropertyValueSpecification","valueRequired":true,"valueName":"search_term_string"}}],"inLanguage":"pt-BR"},{"@type":"Organization","@id":"https:\/\/ubanews.com\/site\/#organization","name":"Ub\u00e1 News","url":"https:\/\/ubanews.com\/site\/","logo":{"@type":"ImageObject","inLanguage":"pt-BR","@id":"https:\/\/ubanews.com\/site\/#\/schema\/logo\/image\/","url":"https:\/\/ubanews.com\/site\/wp-content\/uploads\/2018\/01\/logoubanews.png","contentUrl":"https:\/\/ubanews.com\/site\/wp-content\/uploads\/2018\/01\/logoubanews.png","width":261,"height":99,"caption":"Ub\u00e1 News"},"image":{"@id":"https:\/\/ubanews.com\/site\/#\/schema\/logo\/image\/"},"sameAs":["https:\/\/www.facebook.com\/Ub\u00e1News-Carlos-Roberto-Sodr\u00e9-418778301977370"]},{"@type":"Person","@id":"https:\/\/ubanews.com\/site\/#\/schema\/person\/d90c9e47252fbb63dcc969fe4c8b9d10","name":"Sodr\u00e9","image":{"@type":"ImageObject","inLanguage":"pt-BR","@id":"https:\/\/secure.gravatar.com\/avatar\/5ba2793f0590b9dbfad3fdec4ee714485b3eef211c9b32ee53d414060454a56c?s=96&d=mm&r=g","url":"https:\/\/secure.gravatar.com\/avatar\/5ba2793f0590b9dbfad3fdec4ee714485b3eef211c9b32ee53d414060454a56c?s=96&d=mm&r=g","contentUrl":"https:\/\/secure.gravatar.com\/avatar\/5ba2793f0590b9dbfad3fdec4ee714485b3eef211c9b32ee53d414060454a56c?s=96&d=mm&r=g","caption":"Sodr\u00e9"},"sameAs":["https:\/\/www.facebook.com\/carosroberto.sodre.5\/"],"url":"https:\/\/ubanews.com\/site\/author\/felipe\/"}]}},"_links":{"self":[{"href":"https:\/\/ubanews.com\/site\/wp-json\/wp\/v2\/posts\/11749","targetHints":{"allow":["GET"]}}],"collection":[{"href":"https:\/\/ubanews.com\/site\/wp-json\/wp\/v2\/posts"}],"about":[{"href":"https:\/\/ubanews.com\/site\/wp-json\/wp\/v2\/types\/post"}],"author":[{"embeddable":true,"href":"https:\/\/ubanews.com\/site\/wp-json\/wp\/v2\/users\/2"}],"replies":[{"embeddable":true,"href":"https:\/\/ubanews.com\/site\/wp-json\/wp\/v2\/comments?post=11749"}],"version-history":[{"count":0,"href":"https:\/\/ubanews.com\/site\/wp-json\/wp\/v2\/posts\/11749\/revisions"}],"wp:featuredmedia":[{"embeddable":true,"href":"https:\/\/ubanews.com\/site\/wp-json\/wp\/v2\/media\/8125"}],"wp:attachment":[{"href":"https:\/\/ubanews.com\/site\/wp-json\/wp\/v2\/media?parent=11749"}],"wp:term":[{"taxonomy":"category","embeddable":true,"href":"https:\/\/ubanews.com\/site\/wp-json\/wp\/v2\/categories?post=11749"},{"taxonomy":"post_tag","embeddable":true,"href":"https:\/\/ubanews.com\/site\/wp-json\/wp\/v2\/tags?post=11749"}],"curies":[{"name":"wp","href":"https:\/\/api.w.org\/{rel}","templated":true}]}}