{"id":11682,"date":"2019-05-17T10:19:38","date_gmt":"2019-05-17T13:19:38","guid":{"rendered":"http:\/\/ubanews.com\/site\/?p=11682"},"modified":"2019-05-17T10:19:38","modified_gmt":"2019-05-17T13:19:38","slug":"dois-menores-sao-pegos-com-drogas-pela-policia-militar-no-bairro-industrial","status":"publish","type":"post","link":"https:\/\/ubanews.com\/site\/2019\/05\/17\/dois-menores-sao-pegos-com-drogas-pela-policia-militar-no-bairro-industrial\/","title":{"rendered":"Dois menores s\u00e3o pegos com drogas pela Pol\u00edcia Militar no bairro Industrial"},"content":{"rendered":"<p>No dia 16 de Maio de 2019, \u00e0s 17h, na Rua Avelino Otoni, bairro Industrial, Ub\u00e1, a Pol\u00edcia Militar durante opera\u00e7\u00e3o batida policial em local conhecido por intenso Tr\u00e1fico de Drogas onde foram abordados dois indiv\u00edduos menores de idade, sendo localizado com ambos: 15 pinos de coca\u00edna, 04 buchas de maconha, 07 pedras de crack, e a quantia de R$167,60(cento e sessenta e sete reais e sessenta centavos)<\/p>\n<p>Foi dada voz de Apreens\u00e3o aos infratores, que juntamente com os materiais il\u00edcitos, seguiram apreendidos para a Delegacia de Pol\u00edcia, acompanhados de seus representantes legais.<\/p>\n<div><span style=\"font-family: 'Arial','sans-serif';\"><span style=\"font-size: large;\"><b>ASSESSORIA DE COMUNICA\u00c7\u00c3O ORGANIZACIONAL<\/b><\/span><i><b><br \/>\n<\/b><\/i><\/span><\/div>\n<p><strong><span style=\"font-family: 'Arial','sans-serif';\"><i>Vig\u00e9simo Primeiro Batalh\u00e3o de Pol\u00edcia Militar<\/i><\/span><\/strong><\/p>\n","protected":false},"excerpt":{"rendered":"<p>No dia 16 de Maio de 2019, \u00e0s 17h, na<\/p>\n","protected":false},"author":2,"featured_media":11683,"comment_status":"open","ping_status":"open","sticky":false,"template":"","format":"standard","meta":{"footnotes":""},"categories":[13],"tags":[],"class_list":["post-11682","post","type-post","status-publish","format-standard","has-post-thumbnail","hentry","category-sintese-das-ocorrencias"],"_links":{"self":[{"href":"https:\/\/ubanews.com\/site\/wp-json\/wp\/v2\/posts\/11682","targetHints":{"allow":["GET"]}}],"collection":[{"href":"https:\/\/ubanews.com\/site\/wp-json\/wp\/v2\/posts"}],"about":[{"href":"https:\/\/ubanews.com\/site\/wp-json\/wp\/v2\/types\/post"}],"author":[{"embeddable":true,"href":"https:\/\/ubanews.com\/site\/wp-json\/wp\/v2\/users\/2"}],"replies":[{"embeddable":true,"href":"https:\/\/ubanews.com\/site\/wp-json\/wp\/v2\/comments?post=11682"}],"version-history":[{"count":0,"href":"https:\/\/ubanews.com\/site\/wp-json\/wp\/v2\/posts\/11682\/revisions"}],"wp:featuredmedia":[{"embeddable":true,"href":"https:\/\/ubanews.com\/site\/wp-json\/wp\/v2\/media\/11683"}],"wp:attachment":[{"href":"https:\/\/ubanews.com\/site\/wp-json\/wp\/v2\/media?parent=11682"}],"wp:term":[{"taxonomy":"category","embeddable":true,"href":"https:\/\/ubanews.com\/site\/wp-json\/wp\/v2\/categories?post=11682"},{"taxonomy":"post_tag","embeddable":true,"href":"https:\/\/ubanews.com\/site\/wp-json\/wp\/v2\/tags?post=11682"}],"curies":[{"name":"wp","href":"https:\/\/api.w.org\/{rel}","templated":true}]}}