{"id":11662,"date":"2019-05-15T12:03:44","date_gmt":"2019-05-15T15:03:44","guid":{"rendered":"http:\/\/ubanews.com\/site\/?p=11662"},"modified":"2019-05-15T12:03:44","modified_gmt":"2019-05-15T15:03:44","slug":"neste-sabado-comecam-as-aulas-do-pre-enem-2019","status":"publish","type":"post","link":"https:\/\/ubanews.com\/site\/2019\/05\/15\/neste-sabado-comecam-as-aulas-do-pre-enem-2019\/","title":{"rendered":"NESTE S\u00c1BADO COME\u00c7AM AS AULAS DO PR\u00c9-ENEM 2019"},"content":{"rendered":"<p>Numa parceria entre a C\u00e2mara Municipal de Ub\u00e1 (CMU) e o Instituto Federal de Educa\u00e7\u00e3o, Ci\u00eancia e Tecnologia do Sudeste de Minas Gerais &#8211; IF Sudeste MG (campus Rio Pomba e campus avan\u00e7ado Ub\u00e1), come\u00e7a no pr\u00f3ximo s\u00e1bado, 18 de maio, o Pr\u00e9-Enem Social 2019. A aula inaugural ser\u00e1 de Reda\u00e7\u00e3o, \u00e0s 14 horas, no plen\u00e1rio da CMU, com a professora Marcela Zambolim.<\/p>\n<p><a href=\"https:\/\/ubanews.com\/site\/wp-content\/uploads\/2019\/05\/60140297_2202727859826577_7893928085051932672_o.jpg\"><img loading=\"lazy\" decoding=\"async\" class=\"wp-image-11664 size-large aligncenter\" src=\"https:\/\/ubanews.com\/site\/wp-content\/uploads\/2019\/05\/60140297_2202727859826577_7893928085051932672_o-1024x878.jpg\" alt=\"\" width=\"840\" height=\"720\" srcset=\"https:\/\/ubanews.com\/site\/wp-content\/uploads\/2019\/05\/60140297_2202727859826577_7893928085051932672_o-1024x878.jpg 1024w, https:\/\/ubanews.com\/site\/wp-content\/uploads\/2019\/05\/60140297_2202727859826577_7893928085051932672_o-300x257.jpg 300w, https:\/\/ubanews.com\/site\/wp-content\/uploads\/2019\/05\/60140297_2202727859826577_7893928085051932672_o-768x659.jpg 768w, https:\/\/ubanews.com\/site\/wp-content\/uploads\/2019\/05\/60140297_2202727859826577_7893928085051932672_o.jpg 1997w\" sizes=\"auto, (max-width: 840px) 100vw, 840px\" \/><\/a><\/p>\n<p><strong>ASSESSORIA DE COMUNICA\u00c7\u00c3O C\u00c2MARA MUNICIPAL DE UB\u00c1<\/strong><\/p>\n","protected":false},"excerpt":{"rendered":"<p>Numa parceria entre a C\u00e2mara Municipal de Ub\u00e1 (CMU) e<\/p>\n","protected":false},"author":2,"featured_media":11663,"comment_status":"open","ping_status":"open","sticky":false,"template":"","format":"standard","meta":{"footnotes":""},"categories":[16],"tags":[],"class_list":["post-11662","post","type-post","status-publish","format-standard","has-post-thumbnail","hentry","category-camara-municipal"],"_links":{"self":[{"href":"https:\/\/ubanews.com\/site\/wp-json\/wp\/v2\/posts\/11662","targetHints":{"allow":["GET"]}}],"collection":[{"href":"https:\/\/ubanews.com\/site\/wp-json\/wp\/v2\/posts"}],"about":[{"href":"https:\/\/ubanews.com\/site\/wp-json\/wp\/v2\/types\/post"}],"author":[{"embeddable":true,"href":"https:\/\/ubanews.com\/site\/wp-json\/wp\/v2\/users\/2"}],"replies":[{"embeddable":true,"href":"https:\/\/ubanews.com\/site\/wp-json\/wp\/v2\/comments?post=11662"}],"version-history":[{"count":0,"href":"https:\/\/ubanews.com\/site\/wp-json\/wp\/v2\/posts\/11662\/revisions"}],"wp:featuredmedia":[{"embeddable":true,"href":"https:\/\/ubanews.com\/site\/wp-json\/wp\/v2\/media\/11663"}],"wp:attachment":[{"href":"https:\/\/ubanews.com\/site\/wp-json\/wp\/v2\/media?parent=11662"}],"wp:term":[{"taxonomy":"category","embeddable":true,"href":"https:\/\/ubanews.com\/site\/wp-json\/wp\/v2\/categories?post=11662"},{"taxonomy":"post_tag","embeddable":true,"href":"https:\/\/ubanews.com\/site\/wp-json\/wp\/v2\/tags?post=11662"}],"curies":[{"name":"wp","href":"https:\/\/api.w.org\/{rel}","templated":true}]}}