{"id":11634,"date":"2019-05-13T16:45:05","date_gmt":"2019-05-13T19:45:05","guid":{"rendered":"http:\/\/ubanews.com\/site\/?p=11634"},"modified":"2019-05-13T16:45:05","modified_gmt":"2019-05-13T19:45:05","slug":"vem-ai-a-segunda-edicao-do-pedal-solidario-do-nucleo-com-o-sorteio-de-um-caminhao-de-premios","status":"publish","type":"post","link":"https:\/\/ubanews.com\/site\/2019\/05\/13\/vem-ai-a-segunda-edicao-do-pedal-solidario-do-nucleo-com-o-sorteio-de-um-caminhao-de-premios\/","title":{"rendered":"VEM A\u00cd A SEGUNDA EDI\u00c7\u00c3O DO PEDAL SOLID\u00c1RIO DO N\u00daCLEO COM O SORTEIO DE UM CAMINH\u00c3O DE PR\u00caMIOS"},"content":{"rendered":"<p>Acontece neste domingo (19), a Segunda Edi\u00e7\u00e3o do Pedal Solid\u00e1rio do N\u00facleo. O evento, a exemplo do ano passado, ser\u00e1 concentrado na Parma House. A partir das 7h ser\u00e1 servido um delicioso caf\u00e9 da manh\u00e3; logo em seguida o passeio cicl\u00edstico; \u00e0s 11h at\u00e9 \u00e0s 14h o almo\u00e7o come\u00e7a a ser servido; seis bandas ir\u00e3o tocar m\u00fasicas do repert\u00f3rio do Rock. Por volta das 16h haver\u00e1 o sorteio de um caminh\u00e3o de pr\u00eamio.<\/p>\n<p><a href=\"https:\/\/ubanews.com\/site\/wp-content\/uploads\/2019\/05\/WhatsApp-Image-2019-05-13-at-16.01.36-1.jpeg\"><img loading=\"lazy\" decoding=\"async\" class=\"aligncenter size-full wp-image-11637\" src=\"https:\/\/ubanews.com\/site\/wp-content\/uploads\/2019\/05\/WhatsApp-Image-2019-05-13-at-16.01.36-1.jpeg\" alt=\"\" width=\"827\" height=\"1022\" srcset=\"https:\/\/ubanews.com\/site\/wp-content\/uploads\/2019\/05\/WhatsApp-Image-2019-05-13-at-16.01.36-1.jpeg 827w, https:\/\/ubanews.com\/site\/wp-content\/uploads\/2019\/05\/WhatsApp-Image-2019-05-13-at-16.01.36-1-243x300.jpeg 243w, https:\/\/ubanews.com\/site\/wp-content\/uploads\/2019\/05\/WhatsApp-Image-2019-05-13-at-16.01.36-1-768x949.jpeg 768w\" sizes=\"auto, (max-width: 827px) 100vw, 827px\" \/><\/a><\/p>\n<p>As inscri\u00e7\u00f5es da Segunda Edi\u00e7\u00e3o do Pedal Solid\u00e1rio podem ser feitas na<\/p>\n<p>Diver Bike;<\/p>\n<p>Tereza Bike;<\/p>\n<p>Bike Flavialle;<\/p>\n<p>Santos Bike \u2013 Tocantins;<\/p>\n<p>Bike Sport \u2013 Rodeiro;<\/p>\n<p>Sorveteria Manto Azul \u2013 Guidoval;<\/p>\n<p>Pedalar \u2013 Guiricema;<\/p>\n<p>Pedalar \u2013 Visconde do Rio Branco;<\/p>\n<p>Viva Bikes \u2013 Visconde do Rio Branco.<\/p>\n<p><iframe loading=\"lazy\" src=\"https:\/\/www.youtube.com\/embed\/apBlc46Iz_E\" width=\"560\" height=\"315\" frameborder=\"0\" allowfullscreen=\"allowfullscreen\"><\/iframe><\/p>\n","protected":false},"excerpt":{"rendered":"<p>Acontece neste domingo (19), a Segunda Edi\u00e7\u00e3o do Pedal Solid\u00e1rio<\/p>\n","protected":false},"author":2,"featured_media":11635,"comment_status":"open","ping_status":"open","sticky":false,"template":"","format":"standard","meta":{"footnotes":""},"categories":[1],"tags":[],"class_list":["post-11634","post","type-post","status-publish","format-standard","has-post-thumbnail","hentry","category-sem-categoria"],"_links":{"self":[{"href":"https:\/\/ubanews.com\/site\/wp-json\/wp\/v2\/posts\/11634","targetHints":{"allow":["GET"]}}],"collection":[{"href":"https:\/\/ubanews.com\/site\/wp-json\/wp\/v2\/posts"}],"about":[{"href":"https:\/\/ubanews.com\/site\/wp-json\/wp\/v2\/types\/post"}],"author":[{"embeddable":true,"href":"https:\/\/ubanews.com\/site\/wp-json\/wp\/v2\/users\/2"}],"replies":[{"embeddable":true,"href":"https:\/\/ubanews.com\/site\/wp-json\/wp\/v2\/comments?post=11634"}],"version-history":[{"count":0,"href":"https:\/\/ubanews.com\/site\/wp-json\/wp\/v2\/posts\/11634\/revisions"}],"wp:featuredmedia":[{"embeddable":true,"href":"https:\/\/ubanews.com\/site\/wp-json\/wp\/v2\/media\/11635"}],"wp:attachment":[{"href":"https:\/\/ubanews.com\/site\/wp-json\/wp\/v2\/media?parent=11634"}],"wp:term":[{"taxonomy":"category","embeddable":true,"href":"https:\/\/ubanews.com\/site\/wp-json\/wp\/v2\/categories?post=11634"},{"taxonomy":"post_tag","embeddable":true,"href":"https:\/\/ubanews.com\/site\/wp-json\/wp\/v2\/tags?post=11634"}],"curies":[{"name":"wp","href":"https:\/\/api.w.org\/{rel}","templated":true}]}}