{"id":11480,"date":"2019-05-02T10:01:14","date_gmt":"2019-05-02T13:01:14","guid":{"rendered":"http:\/\/ubanews.com\/site\/?p=11480"},"modified":"2019-05-02T10:01:14","modified_gmt":"2019-05-02T13:01:14","slug":"promotoria-denuncia-15-investigados-na-operacao-sala-vermelha-em-uba-e-guarani","status":"publish","type":"post","link":"https:\/\/ubanews.com\/site\/2019\/05\/02\/promotoria-denuncia-15-investigados-na-operacao-sala-vermelha-em-uba-e-guarani\/","title":{"rendered":"Promotoria denuncia 15 investigados na Opera\u00e7\u00e3o &#8216;Sala Vermelha&#8217; em Ub\u00e1 e Guarani"},"content":{"rendered":"<p><strong>Segundo Minist\u00e9rio P\u00fablico, profissionais da sa\u00fade foram denunciados por condutas il\u00edcitas em hospitais nas duas cidades.<\/strong><\/p>\n<p>O Minist\u00e9rio P\u00fablico de Minas Gerais (MPMG) ofereceu den\u00fancia nesta segunda-feira (29) contra 15 pessoas investigadas na&nbsp;<a href=\"https:\/\/g1.globo.com\/mg\/zona-da-mata\/noticia\/2019\/01\/24\/operacao-sala-vermelha-e-deflagrada-mandados-sao-cumpridos-em-uba-guarani-pirauba-e-rio-novo.ghtml\" target=\"_blank\" rel=\"noopener\"><strong>Opera\u00e7\u00e3o &#8216;Sala Vermelha&#8217;<\/strong><\/a>, deflagrada em janeiro deste ano em cidades da Zona da Mata. Eles s\u00e3o acusados de cometer irregularidades nos hospitais Santa Isabel, em Ub\u00e1, e Doutor Armando Xavier Vieira, em Guarani. Os nomes denunciados \u00e0 Comarca da Justi\u00e7a em Ub\u00e1 n\u00e3o foram divulgados pelos promotores.<\/p>\n<p>Foram denunciados por associa\u00e7\u00e3o criminosa, falsidade ideol\u00f3gica, inser\u00e7\u00e3o de dados falsos em sistema de informa\u00e7\u00f5es e concuss\u00e3o, que \u00e9 usar o cargo p\u00fablico para exigir vantagem indevida.<\/p>\n<p>Den\u00fancias sobre a mesma conduta envolvendo outros m\u00e9dicos do hospital Santa Isabel est\u00e3o em reta final de investiga\u00e7\u00e3o. (<em>Confira abaixo como enviar informa\u00e7\u00f5es ao MP<\/em>)<\/p>\n<p>O trabalho de apura\u00e7\u00e3o \u00e9 realizado de forma conjunta pela 4\u00aa Promotoria de Justi\u00e7a de Ub\u00e1, Coordenadoria Regional das Promotorias de Justi\u00e7a de Defesa da Sa\u00fade da Macrorregi\u00e3o Sanit\u00e1ria Sudeste e Grupo de Atua\u00e7\u00e3o Especial de Combate ao Crime Organizado (Gaeco) de Visconde do Rio Branco.<\/p>\n<p>O&nbsp;<strong>G1&nbsp;<\/strong>entrou em contato com os hospitais Santa Isabel, em Ub\u00e1, e Doutor Armando Xavier Vieira, em Guarani solicitando posicionamento e aguarda retorno.<\/p>\n<p><strong>Opera\u00e7\u00e3o &#8220;Sala Vermelha&#8221;<\/strong><\/p>\n<p>O nome &#8220;Sala Vermelha&#8221; foi uma refer\u00eancia ao local em que os pacientes em estado grave s\u00e3o recebidos nas unidades de sa\u00fade de urg\u00eancia e emerg\u00eancia. As Pol\u00edcias Civil e Militar participaram da a\u00e7\u00e3o conjunta com o MP.<\/p>\n<p>Verificou-se atrav\u00e9s das apura\u00e7\u00f5es que houve condutas delituosas por parte de&nbsp;<a href=\"https:\/\/g1.globo.com\/mg\/zona-da-mata\/noticia\/2019\/01\/24\/medico-e-preso-e-materiais-apreendidos-na-operacao-sala-vermelha-em-uba.ghtml\" target=\"_blank\" rel=\"noopener\"><strong>um profissional de sa\u00fade vinculado ao Hospital Santa Isabel<\/strong><\/a>, entidade filantr\u00f3pica de Ub\u00e1, e por&nbsp;<a href=\"https:\/\/g1.globo.com\/mg\/zona-da-mata\/noticia\/2018\/09\/17\/policia-civil-investiga-possiveis-fraudes-no-hospital-de-guarani-mg.ghtml\" target=\"_blank\" rel=\"noopener\"><strong>gestores, servidores administrativos e profissionais de sa\u00fade vinculados ao Hospital Doutor Armando Xavier Vieira<\/strong><\/a>, entidade filantr\u00f3pica de Guarani, ambos conveniados ao Sistema \u00danico de Sa\u00fade (SUS).<\/p>\n<p>Os promotores explicaram que as provas documentais e testemunhais demonstraram que, entre 2013 e 2018, funcionou no Hospital Santa Isabel uma \u201cdupla porta\u201d para atendimento nos servi\u00e7os de urg\u00eancia\/emerg\u00eancia. Foi privilegiado o acesso de pacientes particulares e de planos de sa\u00fade &#8211; que n\u00e3o se submetiam a triagem por classifica\u00e7\u00e3o de risco -, em detrimento de usu\u00e1rios do Sistema \u00danico de Sa\u00fade (SUS)<\/p>\n<p>Segundo o MP, ficou evidente que o&nbsp;<a href=\"https:\/\/g1.globo.com\/mg\/zona-da-mata\/noticia\/2019\/01\/24\/medico-e-preso-e-materiais-apreendidos-na-operacao-sala-vermelha-em-uba.ghtml\" target=\"_blank\" rel=\"noopener\"><strong>m\u00e9dico que atuava no Santa Isabel realizava cobran\u00e7as de usu\u00e1rios do SUS<\/strong><\/a>, em raz\u00e3o de transfer\u00eancias inter-hospitalares originadas do Hospital Doutor Armando Xavier Vieira, com destino ao Hospital Santa Isabel. Os pacientes n\u00e3o eram efetivamente regulados pelas Centrais de Regula\u00e7\u00e3o SUSf\u00e1cil.<\/p>\n<p>Os promotores de Justi\u00e7a explicaram que o&nbsp;<a href=\"https:\/\/g1.globo.com\/mg\/zona-da-mata\/noticia\/2019\/01\/24\/operacao-sala-vermelha-e-deflagrada-mandados-sao-cumpridos-em-uba-guarani-pirauba-e-rio-novo.ghtml\" target=\"_blank\" rel=\"noopener\"><strong>esquema era sustentado pela atua\u00e7\u00e3o criminosa de gestores, servidores administrativos e profissionais de sa\u00fade vinculados ao hospital de Guarani<\/strong><\/a>. Eles informavam aos usu\u00e1rios\/familiares que o pagamento era uma das condi\u00e7\u00f5es para transfer\u00eancia para o hospital de Ub\u00e1 e fraudavam o sistema SUSf\u00e1cil, inserindo dados falsos.<\/p>\n<p><strong>FONTE: <a href=\"https:\/\/g1.globo.com\/mg\/zona-da-mata\/noticia\/2019\/04\/30\/promotoria-denuncia-15-investigados-na-operacao-sala-vermelha-em-uba-e-guarani.ghtml\" target=\"_blank\" rel=\"noopener\">G1<\/a><\/strong><\/p>\n","protected":false},"excerpt":{"rendered":"<p>Segundo Minist\u00e9rio P\u00fablico, profissionais da sa\u00fade foram denunciados por condutas<\/p>\n","protected":false},"author":2,"featured_media":11481,"comment_status":"open","ping_status":"open","sticky":false,"template":"","format":"standard","meta":{"footnotes":""},"categories":[1],"tags":[],"class_list":["post-11480","post","type-post","status-publish","format-standard","has-post-thumbnail","hentry","category-sem-categoria"],"_links":{"self":[{"href":"https:\/\/ubanews.com\/site\/wp-json\/wp\/v2\/posts\/11480","targetHints":{"allow":["GET"]}}],"collection":[{"href":"https:\/\/ubanews.com\/site\/wp-json\/wp\/v2\/posts"}],"about":[{"href":"https:\/\/ubanews.com\/site\/wp-json\/wp\/v2\/types\/post"}],"author":[{"embeddable":true,"href":"https:\/\/ubanews.com\/site\/wp-json\/wp\/v2\/users\/2"}],"replies":[{"embeddable":true,"href":"https:\/\/ubanews.com\/site\/wp-json\/wp\/v2\/comments?post=11480"}],"version-history":[{"count":0,"href":"https:\/\/ubanews.com\/site\/wp-json\/wp\/v2\/posts\/11480\/revisions"}],"wp:featuredmedia":[{"embeddable":true,"href":"https:\/\/ubanews.com\/site\/wp-json\/wp\/v2\/media\/11481"}],"wp:attachment":[{"href":"https:\/\/ubanews.com\/site\/wp-json\/wp\/v2\/media?parent=11480"}],"wp:term":[{"taxonomy":"category","embeddable":true,"href":"https:\/\/ubanews.com\/site\/wp-json\/wp\/v2\/categories?post=11480"},{"taxonomy":"post_tag","embeddable":true,"href":"https:\/\/ubanews.com\/site\/wp-json\/wp\/v2\/tags?post=11480"}],"curies":[{"name":"wp","href":"https:\/\/api.w.org\/{rel}","templated":true}]}}