{"id":11402,"date":"2019-04-26T08:42:34","date_gmt":"2019-04-26T11:42:34","guid":{"rendered":"http:\/\/ubanews.com\/site\/?p=11402"},"modified":"2019-04-26T08:42:34","modified_gmt":"2019-04-26T11:42:34","slug":"prefeito-de-uba-sanciona-decreto-que-extingue-uso-de-vossa-excelencia","status":"publish","type":"post","link":"https:\/\/ubanews.com\/site\/2019\/04\/26\/prefeito-de-uba-sanciona-decreto-que-extingue-uso-de-vossa-excelencia\/","title":{"rendered":"Prefeito de Ub\u00e1 sanciona decreto que extingue uso de\u00a0\u201cVossa Excel\u00eancia\u201d"},"content":{"rendered":"<p style=\"font-weight: 400;\"><em>Medida, que&nbsp;<\/em><em>acaba com a distin\u00e7\u00e3o na forma de tratamento dos agentes p\u00fablicos da administra\u00e7\u00e3o municipal, substitui uso de \u201cvossa excel\u00eancia\u201d por \u201csenhor\u201d ou \u201csenhora\u201d<\/em><\/p>\n<p style=\"font-weight: 400;\">O Prefeito de Ub\u00e1, Edson Teixeira Filho, sancionou, no dia 17 de abril, o Decreto 6.217\/2019, que adota, na administra\u00e7\u00e3o p\u00fablica do Munic\u00edpio, a forma de tratamento e de endere\u00e7amento nas comunica\u00e7\u00f5es, estabelecidas pelo Decreto Presidencial 9.758\/2019.<\/p>\n<p style=\"font-weight: 400;\">Com a medida, a partir de 1\u00ba de maio, o \u00fanico pronome de tratamento utilizado na comunica\u00e7\u00e3o com agentes p\u00fablicos municipais, no \u00e2mbito do Poder Executivo, ser\u00e1 \u201csenhor\u201d ou \u201csenhora, independentemente do n\u00edvel hier\u00e1rquico, da natureza do cargo ou da fun\u00e7\u00e3o ou da ocasi\u00e3o. Desta forma, fica proibido o uso, tanto verbal quanto em documentos, das formas de tratamento: Vossa Excel\u00eancia ou Excelent\u00edssimo; Vossa Senhoria; Vossa Magnific\u00eancia; doutor; ilustre ou ilustr\u00edssimo; digno ou dign\u00edssimo; e respeit\u00e1vel.<\/p>\n<p style=\"font-weight: 400;\">Al\u00e9m de simplificar e desburocratizar os atos normativos, a\u00e7\u00f5es e procedimentos, a mudan\u00e7a visa aproximar os agentes p\u00fablicos dos cidad\u00e3os, eliminando barreiras que criem distin\u00e7\u00e3o e distanciamento e refor\u00e7ar a cultura de servir na administra\u00e7\u00e3o p\u00fablica.<\/p>\n<p style=\"font-weight: 400;\">\u201cNa pr\u00e1tica, com este decreto estamos determinando que seja usado o mesmo crit\u00e9rio que foi adotado pela Presid\u00eancia da Rep\u00fablica, que \u00e9 a utiliza\u00e7\u00e3o apenas do pronome senhor ou senhora na frente do nome do agente p\u00fablico nas correspond\u00eancias e documentos oficiais e nas solenidades. A mudan\u00e7a de terminologia de tratamento do cargo, n\u00e3o s\u00f3 do Prefeito, mas de autoridades ligadas a municipalidade d\u00e1 uma tonalidade mais comum, mais adequada \u00e0s rela\u00e7\u00f5es da popula\u00e7\u00e3o, de empresas, de entidades com a figura do administrador p\u00fablico municipal. \u00c9 uma simplifica\u00e7\u00e3o, que n\u00e3o \u00e9 obrigat\u00f3ria, mas uma sugest\u00e3o. Dentro da nossa estrutura, estou recomendando \u00e0s pessoas que redigem cerimoniais ou qualquer tipo de documento dirigido \u00e0s autoridades que usem os termos \u2018senhor\u2019 e \u2018senhora\u2019. Tamb\u00e9m \u00e9 bom deixar claro que essa mudan\u00e7a visa apenas o tratamento dos administradores municipais, aqui n\u00e3o estou entrando na seara do Judici\u00e1rio, nem na seara do Legislativo e de outros organismos do munic\u00edpio\u201d, explicou o Prefeito Edson.<\/p>\n<p><a href=\"https:\/\/ubanews.com\/site\/wp-content\/uploads\/2019\/04\/Dec-6217-1.png\"><img loading=\"lazy\" decoding=\"async\" class=\"alignnone wp-image-11406 size-medium\" src=\"https:\/\/ubanews.com\/site\/wp-content\/uploads\/2019\/04\/Dec-6217-1-212x300.png\" alt=\"\" width=\"212\" height=\"300\" srcset=\"https:\/\/ubanews.com\/site\/wp-content\/uploads\/2019\/04\/Dec-6217-1-212x300.png 212w, https:\/\/ubanews.com\/site\/wp-content\/uploads\/2019\/04\/Dec-6217-1-768x1085.png 768w, https:\/\/ubanews.com\/site\/wp-content\/uploads\/2019\/04\/Dec-6217-1-725x1024.png 725w, https:\/\/ubanews.com\/site\/wp-content\/uploads\/2019\/04\/Dec-6217-1.png 1656w\" sizes=\"auto, (max-width: 212px) 100vw, 212px\" \/><\/a> <a href=\"https:\/\/ubanews.com\/site\/wp-content\/uploads\/2019\/04\/Dec-6217-2.png\"><img loading=\"lazy\" decoding=\"async\" class=\"alignnone size-medium wp-image-11407\" src=\"https:\/\/ubanews.com\/site\/wp-content\/uploads\/2019\/04\/Dec-6217-2-212x300.png\" alt=\"\" width=\"212\" height=\"300\" srcset=\"https:\/\/ubanews.com\/site\/wp-content\/uploads\/2019\/04\/Dec-6217-2-212x300.png 212w, https:\/\/ubanews.com\/site\/wp-content\/uploads\/2019\/04\/Dec-6217-2-768x1085.png 768w, https:\/\/ubanews.com\/site\/wp-content\/uploads\/2019\/04\/Dec-6217-2-725x1024.png 725w, https:\/\/ubanews.com\/site\/wp-content\/uploads\/2019\/04\/Dec-6217-2.png 1656w\" sizes=\"auto, (max-width: 212px) 100vw, 212px\" \/><\/a> <a href=\"https:\/\/ubanews.com\/site\/wp-content\/uploads\/2019\/04\/Dec-6217-3.png\"><img loading=\"lazy\" decoding=\"async\" class=\"alignnone size-medium wp-image-11408\" src=\"https:\/\/ubanews.com\/site\/wp-content\/uploads\/2019\/04\/Dec-6217-3-212x300.png\" alt=\"\" width=\"212\" height=\"300\" srcset=\"https:\/\/ubanews.com\/site\/wp-content\/uploads\/2019\/04\/Dec-6217-3-212x300.png 212w, https:\/\/ubanews.com\/site\/wp-content\/uploads\/2019\/04\/Dec-6217-3-768x1085.png 768w, https:\/\/ubanews.com\/site\/wp-content\/uploads\/2019\/04\/Dec-6217-3-725x1024.png 725w, https:\/\/ubanews.com\/site\/wp-content\/uploads\/2019\/04\/Dec-6217-3.png 1656w\" sizes=\"auto, (max-width: 212px) 100vw, 212px\" \/><\/a><\/p>\n<p><strong>Assessoria de Comunica\u00e7\u00e3o da Prefeitura Municipal de Ub\u00e1<\/strong><\/p>\n","protected":false},"excerpt":{"rendered":"<p>Medida, que&nbsp;acaba com a distin\u00e7\u00e3o na forma de tratamento dos<\/p>\n","protected":false},"author":2,"featured_media":11404,"comment_status":"open","ping_status":"open","sticky":false,"template":"","format":"standard","meta":{"footnotes":""},"categories":[15],"tags":[],"class_list":["post-11402","post","type-post","status-publish","format-standard","has-post-thumbnail","hentry","category-prefeitura-municipal"],"_links":{"self":[{"href":"https:\/\/ubanews.com\/site\/wp-json\/wp\/v2\/posts\/11402","targetHints":{"allow":["GET"]}}],"collection":[{"href":"https:\/\/ubanews.com\/site\/wp-json\/wp\/v2\/posts"}],"about":[{"href":"https:\/\/ubanews.com\/site\/wp-json\/wp\/v2\/types\/post"}],"author":[{"embeddable":true,"href":"https:\/\/ubanews.com\/site\/wp-json\/wp\/v2\/users\/2"}],"replies":[{"embeddable":true,"href":"https:\/\/ubanews.com\/site\/wp-json\/wp\/v2\/comments?post=11402"}],"version-history":[{"count":0,"href":"https:\/\/ubanews.com\/site\/wp-json\/wp\/v2\/posts\/11402\/revisions"}],"wp:featuredmedia":[{"embeddable":true,"href":"https:\/\/ubanews.com\/site\/wp-json\/wp\/v2\/media\/11404"}],"wp:attachment":[{"href":"https:\/\/ubanews.com\/site\/wp-json\/wp\/v2\/media?parent=11402"}],"wp:term":[{"taxonomy":"category","embeddable":true,"href":"https:\/\/ubanews.com\/site\/wp-json\/wp\/v2\/categories?post=11402"},{"taxonomy":"post_tag","embeddable":true,"href":"https:\/\/ubanews.com\/site\/wp-json\/wp\/v2\/tags?post=11402"}],"curies":[{"name":"wp","href":"https:\/\/api.w.org\/{rel}","templated":true}]}}