{"id":11379,"date":"2019-04-25T10:11:43","date_gmt":"2019-04-25T13:11:43","guid":{"rendered":"http:\/\/ubanews.com\/site\/?p=11379"},"modified":"2019-04-25T10:11:43","modified_gmt":"2019-04-25T13:11:43","slug":"policia-militar-recupera-bicicleta-furtada-prende-receptador-e-apreende-autor","status":"publish","type":"post","link":"https:\/\/ubanews.com\/site\/2019\/04\/25\/policia-militar-recupera-bicicleta-furtada-prende-receptador-e-apreende-autor\/","title":{"rendered":"POL\u00cdCIA MILITAR RECUPERA BICICLETA FURTADA, PRENDE RECEPTADOR E APREENDE AUTOR"},"content":{"rendered":"<p>No dia 24 de Abril de 2019, \u00e0s 12 horas e 20 minutos, \u00e0 Pra\u00e7a Ant\u00f4nio Camilo de Lima no Centro de Merc\u00eas. A Pol\u00edcia Militar desencadeou Opera\u00e7\u00e3o Sentinela da Zona da Mata, com abordagens a ve\u00edculos e pessoas, durante a opera\u00e7\u00e3o a pol\u00edcia militar foi acionada para atendimento de furto de bicicleta e, durante dilig\u00eancias a bicicleta foi localizada com um autor de 18 ANOS, que declarou ter adquirido de seu irm\u00e3o um adolescente infrator de 13 anos, que assumiu ter praticado o furto momento que a bicicleta estava estacionada em via p\u00fablica.<\/p>\n<p>O autor foi preso e o adolescente foi apreendido e ambos foram encaminhados \u00e0 Delegacia de Pol\u00edcia Judici\u00e1ria juntamente com a bicicleta recuperada.<\/p>\n<div><span style=\"font-family: 'Arial','sans-serif';\"><span style=\"font-size: large;\"><b>ASSESSORIA DE COMUNICA\u00c7\u00c3O ORGANIZACIONAL<\/b><\/span><i><b><br \/>\n<\/b><\/i><\/span><\/div>\n<p><strong><span style=\"font-family: 'Arial','sans-serif';\"><i>Vig\u00e9simo Primeiro Batalh\u00e3o de Pol\u00edcia Militar<\/i><\/span><\/strong><\/p>\n","protected":false},"excerpt":{"rendered":"<p>No dia 24 de Abril de 2019, \u00e0s 12 horas<\/p>\n","protected":false},"author":2,"featured_media":11380,"comment_status":"open","ping_status":"open","sticky":false,"template":"","format":"standard","meta":{"footnotes":""},"categories":[13],"tags":[],"class_list":["post-11379","post","type-post","status-publish","format-standard","has-post-thumbnail","hentry","category-sintese-das-ocorrencias"],"_links":{"self":[{"href":"https:\/\/ubanews.com\/site\/wp-json\/wp\/v2\/posts\/11379","targetHints":{"allow":["GET"]}}],"collection":[{"href":"https:\/\/ubanews.com\/site\/wp-json\/wp\/v2\/posts"}],"about":[{"href":"https:\/\/ubanews.com\/site\/wp-json\/wp\/v2\/types\/post"}],"author":[{"embeddable":true,"href":"https:\/\/ubanews.com\/site\/wp-json\/wp\/v2\/users\/2"}],"replies":[{"embeddable":true,"href":"https:\/\/ubanews.com\/site\/wp-json\/wp\/v2\/comments?post=11379"}],"version-history":[{"count":0,"href":"https:\/\/ubanews.com\/site\/wp-json\/wp\/v2\/posts\/11379\/revisions"}],"wp:featuredmedia":[{"embeddable":true,"href":"https:\/\/ubanews.com\/site\/wp-json\/wp\/v2\/media\/11380"}],"wp:attachment":[{"href":"https:\/\/ubanews.com\/site\/wp-json\/wp\/v2\/media?parent=11379"}],"wp:term":[{"taxonomy":"category","embeddable":true,"href":"https:\/\/ubanews.com\/site\/wp-json\/wp\/v2\/categories?post=11379"},{"taxonomy":"post_tag","embeddable":true,"href":"https:\/\/ubanews.com\/site\/wp-json\/wp\/v2\/tags?post=11379"}],"curies":[{"name":"wp","href":"https:\/\/api.w.org\/{rel}","templated":true}]}}