{"id":11377,"date":"2019-04-25T09:45:30","date_gmt":"2019-04-25T12:45:30","guid":{"rendered":"http:\/\/ubanews.com\/site\/?p=11377"},"modified":"2019-04-25T09:45:30","modified_gmt":"2019-04-25T12:45:30","slug":"policia-militar-prende-autor-de-furto-de-notebook-e-bicicleta-recupera-os-bens-furtados-e-prende-tambem-receptadora","status":"publish","type":"post","link":"https:\/\/ubanews.com\/site\/2019\/04\/25\/policia-militar-prende-autor-de-furto-de-notebook-e-bicicleta-recupera-os-bens-furtados-e-prende-tambem-receptadora\/","title":{"rendered":"POL\u00cdCIA MILITAR PRENDE AUTOR DE FURTO DE NOTEBOOK E BICICLETA, RECUPERA OS BENS FURTADOS E PRENDE TAMB\u00c9M RECEPTADORA"},"content":{"rendered":"<p>No dia 24 de Abril de 2019, \u00e0s 09 horas, a Pol\u00edcia Militar ap\u00f3s receber informa\u00e7\u00f5es an\u00f4nimas que um cidad\u00e3o havia furtado um notebook e uma bicicleta e estava tentando comercializa-los. Na resid\u00eancia do autor foi localizado e recuperada a bicicleta. Entrevistado pelos policiais, o autor confessou tamb\u00e9m o furto do notebook, indicando para quem havia vendido.<\/p>\n<p>Os policiais localizaram a compradora e recuperaram o notebook.<\/p>\n<p>O autor foi preso por furto e a compradora presa por recepta\u00e7\u00e3o. Os bens foram recuperados e se encontram \u00e0 disposi\u00e7\u00e3o das v\u00edtimas da delegacia de Ub\u00e1.<\/p>\n<div><span style=\"font-family: 'Arial','sans-serif';\"><span style=\"font-size: large;\"><b>ASSESSORIA DE COMUNICA\u00c7\u00c3O ORGANIZACIONAL<\/b><\/span><i><b><br \/>\n<\/b><\/i><\/span><\/div>\n<p><strong><span style=\"font-family: 'Arial','sans-serif';\"><i>Vig\u00e9simo Primeiro Batalh\u00e3o de Pol\u00edcia Militar<\/i><\/span><\/strong><\/p>\n","protected":false},"excerpt":{"rendered":"<p>No dia 24 de Abril de 2019, \u00e0s 09 horas,<\/p>\n","protected":false},"author":2,"featured_media":11378,"comment_status":"open","ping_status":"open","sticky":false,"template":"","format":"standard","meta":{"footnotes":""},"categories":[13],"tags":[],"class_list":["post-11377","post","type-post","status-publish","format-standard","has-post-thumbnail","hentry","category-sintese-das-ocorrencias"],"_links":{"self":[{"href":"https:\/\/ubanews.com\/site\/wp-json\/wp\/v2\/posts\/11377","targetHints":{"allow":["GET"]}}],"collection":[{"href":"https:\/\/ubanews.com\/site\/wp-json\/wp\/v2\/posts"}],"about":[{"href":"https:\/\/ubanews.com\/site\/wp-json\/wp\/v2\/types\/post"}],"author":[{"embeddable":true,"href":"https:\/\/ubanews.com\/site\/wp-json\/wp\/v2\/users\/2"}],"replies":[{"embeddable":true,"href":"https:\/\/ubanews.com\/site\/wp-json\/wp\/v2\/comments?post=11377"}],"version-history":[{"count":0,"href":"https:\/\/ubanews.com\/site\/wp-json\/wp\/v2\/posts\/11377\/revisions"}],"wp:featuredmedia":[{"embeddable":true,"href":"https:\/\/ubanews.com\/site\/wp-json\/wp\/v2\/media\/11378"}],"wp:attachment":[{"href":"https:\/\/ubanews.com\/site\/wp-json\/wp\/v2\/media?parent=11377"}],"wp:term":[{"taxonomy":"category","embeddable":true,"href":"https:\/\/ubanews.com\/site\/wp-json\/wp\/v2\/categories?post=11377"},{"taxonomy":"post_tag","embeddable":true,"href":"https:\/\/ubanews.com\/site\/wp-json\/wp\/v2\/tags?post=11377"}],"curies":[{"name":"wp","href":"https:\/\/api.w.org\/{rel}","templated":true}]}}