{"id":11321,"date":"2019-04-16T18:56:02","date_gmt":"2019-04-16T21:56:02","guid":{"rendered":"http:\/\/ubanews.com\/site\/?p=11321"},"modified":"2019-04-16T19:01:24","modified_gmt":"2019-04-16T22:01:24","slug":"__trashed-18","status":"publish","type":"post","link":"https:\/\/ubanews.com\/site\/2019\/04\/16\/__trashed-18\/","title":{"rendered":"PREFEITO DE UB\u00c1 DISSE QUE ENFRENTA A CRISE PARA REALIZAR A SEGUNDA EDI\u00c7\u00c3O DA BIENAL DO LIVRO"},"content":{"rendered":"<p>A Prefeitura Municipal de Ub\u00e1, atrav\u00e9s da Secretaria de Educa\u00e7\u00e3o, promove de 23 a 25 de maio a Segunda Edi\u00e7\u00e3o da Bienal do Livro. O evento ser\u00e1 realizado na Pra\u00e7a S\u00e3o Janu\u00e1rio e ter\u00e1 sua abertura na quinta-feira \u00e0s 19h. O tema esse ano \u00e9: \u201cLer para sonhar e criar\u201d.<br \/>\nDurante o evento a popula\u00e7\u00e3o pode acompanhar lan\u00e7amentos de livros, conta\u00e7\u00e3o de hist\u00f3rias, teatro, dan\u00e7a, m\u00fasica, mesas liter\u00e1rias, palestras e stands variados, todos voltados para o ambiente do mundo encantado dos contos infantis.<br \/>\nDe acordo com a programa\u00e7\u00e3o da Bienal do Livro de Ub\u00e1 em sua segunda edi\u00e7\u00e3o, consta Concurso de Reda\u00e7\u00e3o e Desenho \u201cPr\u00eamio Professora Marlene Marques\u201d, desenvolvido em parceria com a C\u00e2mara Municipal de Ub\u00e1. O tema a ser trabalhado nas escolas municipais, estaduais e privadas ser\u00e1 \u201cE a \u00e9tica, a moral e a cidadania viveram felizes para sempre\u201d.<br \/>\nO prefeito Edson Teixeira Filho abriu o encontro com a imprensa em seu gabinete na manh\u00e3 dessa ter\u00e7a-feira (16). Doutor Edson lamentou a crise financeira que afeta o munic\u00edpio, mas disse que \u00e9 necess\u00e1rio emanar todos os esfor\u00e7os em tudo que for em favor da educa\u00e7\u00e3o. Para o principal mandat\u00e1rio, n\u00e3o se pode apresentar nenhuma justificativa que venha prejudicar o futuro das crian\u00e7as, jovens e adolescentes.<\/p>\n<p>O Portal Ub\u00e1 News acompanhou toda coletiva de imprensa.<\/p>\n<p><iframe loading=\"lazy\" src=\"https:\/\/www.youtube.com\/embed\/tztw_DKP8qQ\" width=\"560\" height=\"315\" frameborder=\"0\" allowfullscreen=\"allowfullscreen\"><\/iframe><br \/>\n<iframe loading=\"lazy\" src=\"https:\/\/www.youtube.com\/embed\/6EH591ceHgk\" width=\"560\" height=\"315\" frameborder=\"0\" allowfullscreen=\"allowfullscreen\"><\/iframe><\/p>\n","protected":false},"excerpt":{"rendered":"<p>A Prefeitura Municipal de Ub\u00e1, atrav\u00e9s da Secretaria de Educa\u00e7\u00e3o,<\/p>\n","protected":false},"author":2,"featured_media":11322,"comment_status":"open","ping_status":"open","sticky":false,"template":"","format":"standard","meta":{"footnotes":""},"categories":[15],"tags":[],"class_list":["post-11321","post","type-post","status-publish","format-standard","has-post-thumbnail","hentry","category-prefeitura-municipal"],"_links":{"self":[{"href":"https:\/\/ubanews.com\/site\/wp-json\/wp\/v2\/posts\/11321","targetHints":{"allow":["GET"]}}],"collection":[{"href":"https:\/\/ubanews.com\/site\/wp-json\/wp\/v2\/posts"}],"about":[{"href":"https:\/\/ubanews.com\/site\/wp-json\/wp\/v2\/types\/post"}],"author":[{"embeddable":true,"href":"https:\/\/ubanews.com\/site\/wp-json\/wp\/v2\/users\/2"}],"replies":[{"embeddable":true,"href":"https:\/\/ubanews.com\/site\/wp-json\/wp\/v2\/comments?post=11321"}],"version-history":[{"count":0,"href":"https:\/\/ubanews.com\/site\/wp-json\/wp\/v2\/posts\/11321\/revisions"}],"wp:featuredmedia":[{"embeddable":true,"href":"https:\/\/ubanews.com\/site\/wp-json\/wp\/v2\/media\/11322"}],"wp:attachment":[{"href":"https:\/\/ubanews.com\/site\/wp-json\/wp\/v2\/media?parent=11321"}],"wp:term":[{"taxonomy":"category","embeddable":true,"href":"https:\/\/ubanews.com\/site\/wp-json\/wp\/v2\/categories?post=11321"},{"taxonomy":"post_tag","embeddable":true,"href":"https:\/\/ubanews.com\/site\/wp-json\/wp\/v2\/tags?post=11321"}],"curies":[{"name":"wp","href":"https:\/\/api.w.org\/{rel}","templated":true}]}}