{"id":11219,"date":"2019-04-08T10:29:08","date_gmt":"2019-04-08T13:29:08","guid":{"rendered":"http:\/\/ubanews.com\/site\/?p=11219"},"modified":"2019-04-08T10:29:08","modified_gmt":"2019-04-08T13:29:08","slug":"camara-municipal-de-uba-convida-os-ex-vereadores-e-a-sociedade-ubaense-para-fornecerem-informacoes-para-criacao-do-cadastro-historico","status":"publish","type":"post","link":"https:\/\/ubanews.com\/site\/2019\/04\/08\/camara-municipal-de-uba-convida-os-ex-vereadores-e-a-sociedade-ubaense-para-fornecerem-informacoes-para-criacao-do-cadastro-historico\/","title":{"rendered":"C\u00e2mara Municipal de Ub\u00e1 convida os ex-vereadores e a sociedade ubaense para fornecerem informa\u00e7\u00f5es para cria\u00e7\u00e3o do cadastro hist\u00f3rico"},"content":{"rendered":"<p>Com o objetivo de resgatar a hist\u00f3ria do Poder Legislativo a C\u00e2mara Municipal de Ub\u00e1 (CMU) convida os ex-vereadores e a sociedade ubaense para fornecerem informa\u00e7\u00f5es, fotografias, documentos biogr\u00e1ficos para a cria\u00e7\u00e3o do cadastro da hist\u00f3ria da CMU. O convite \u00e9 feito a pedido do presidente da Casa, vereador Jorge Cust\u00f3dio Gerv\u00e1sio.<\/p>\n<p>Os ex-parlamentares e a popula\u00e7\u00e3o em geral que puderem nos ajudar, dever\u00e3o comparecer \u00e0 sede da C\u00e2mara, na rua Santa Cruz, 301, no Centro. O hor\u00e1rio de atendimento \u00e9 de segunda a sexta-feira, de 7h \u00e0s 18h. O material ser\u00e1 reproduzido e devolvido \u00e0 pessoa.<\/p>\n<p>O intuito \u00e9 que a C\u00e2mara tenha seus documentos resguardados e que possam, no futuro, ser objeto de pesquisa para todos que queiram saber mais sobre a hist\u00f3ria desta Casa Legislativa. Vamos juntos reavivar esta hist\u00f3ria!<\/p>\n<p><strong>ASSESSORIA DE COMUNICA\u00c7\u00c3O C\u00c2MARA MUNICIPAL DE UB\u00c1<\/strong><\/p>\n","protected":false},"excerpt":{"rendered":"<p>Com o objetivo de resgatar a hist\u00f3ria do Poder Legislativo<\/p>\n","protected":false},"author":2,"featured_media":11220,"comment_status":"open","ping_status":"open","sticky":false,"template":"","format":"standard","meta":{"footnotes":""},"categories":[16],"tags":[],"class_list":["post-11219","post","type-post","status-publish","format-standard","has-post-thumbnail","hentry","category-camara-municipal"],"_links":{"self":[{"href":"https:\/\/ubanews.com\/site\/wp-json\/wp\/v2\/posts\/11219","targetHints":{"allow":["GET"]}}],"collection":[{"href":"https:\/\/ubanews.com\/site\/wp-json\/wp\/v2\/posts"}],"about":[{"href":"https:\/\/ubanews.com\/site\/wp-json\/wp\/v2\/types\/post"}],"author":[{"embeddable":true,"href":"https:\/\/ubanews.com\/site\/wp-json\/wp\/v2\/users\/2"}],"replies":[{"embeddable":true,"href":"https:\/\/ubanews.com\/site\/wp-json\/wp\/v2\/comments?post=11219"}],"version-history":[{"count":0,"href":"https:\/\/ubanews.com\/site\/wp-json\/wp\/v2\/posts\/11219\/revisions"}],"wp:featuredmedia":[{"embeddable":true,"href":"https:\/\/ubanews.com\/site\/wp-json\/wp\/v2\/media\/11220"}],"wp:attachment":[{"href":"https:\/\/ubanews.com\/site\/wp-json\/wp\/v2\/media?parent=11219"}],"wp:term":[{"taxonomy":"category","embeddable":true,"href":"https:\/\/ubanews.com\/site\/wp-json\/wp\/v2\/categories?post=11219"},{"taxonomy":"post_tag","embeddable":true,"href":"https:\/\/ubanews.com\/site\/wp-json\/wp\/v2\/tags?post=11219"}],"curies":[{"name":"wp","href":"https:\/\/api.w.org\/{rel}","templated":true}]}}