{"id":11128,"date":"2019-04-07T12:00:12","date_gmt":"2019-04-07T15:00:12","guid":{"rendered":"http:\/\/ubanews.com\/site\/?p=11128"},"modified":"2019-04-08T10:35:34","modified_gmt":"2019-04-08T13:35:34","slug":"o-dia-mundial-da-saude-e-celebrado-em-7-de-abril","status":"publish","type":"post","link":"https:\/\/ubanews.com\/site\/2019\/04\/07\/o-dia-mundial-da-saude-e-celebrado-em-7-de-abril\/","title":{"rendered":"O\u00a0Dia Mundial da Sa\u00fade\u00a0\u00e9 celebrado em\u00a07 de abril"},"content":{"rendered":"<p>O principal objetivo desta data \u00e9 conscientizar as pessoas sobre a import\u00e2ncia da preserva\u00e7\u00e3o da sa\u00fade para ter uma melhor qualidade de vida.<\/p>\n<p>Anualmente, o Dia Mundial da Sa\u00fade \u00e9 destinado a discutir um tema espec\u00edfico que representa uma prioridade na agenda internacional da Organiza\u00e7\u00e3o Mundial da Sa\u00fade \u2013 OMS.<\/p>\n<p>Em 2018, o tema escolhido foi &#8220;Sa\u00fade para todos&#8221;, o que resumiu o objetivo da OMS ao longo dos seus 70 anos de exist\u00eancia.<\/p>\n<p>Em 2017, o tema do Dia Mundial da Sa\u00fade foi a Depress\u00e3o. Nesta ocasi\u00e3o, o lema oficial do evento&nbsp;<em>Let&#8217;s Talk<\/em>&nbsp;(&#8220;Vamos Conversar&#8221;, em portugu\u00eas), teve como objetivo conscientizar as pessoas sobre a necessidade de ter conhecimentos que ajudam a prevenir esta doen\u00e7a, a qual pode trazer diversas consequ\u00eancias graves.<\/p>\n<p>Todos os assuntos debatidos durante o Dia Mundial da Sa\u00fade s\u00e3o prolongados ao longo de todo o ano, atrav\u00e9s de atividades e palestras instrutivas e educacionais, por exemplo.<\/p>\n<p>No Brasil, o debate de melhores condi\u00e7\u00f5es de sa\u00fade tamb\u00e9m \u00e9 pauta de outras datas especiais, como o&nbsp;<a href=\"https:\/\/www.calendarr.com\/brasil\/dia-nacional-da-saude\/\" target=\"_blank\" rel=\"noopener\">Dia Nacional da Sa\u00fade<\/a>&nbsp;(5 de agosto) e o&nbsp;<a href=\"https:\/\/www.calendarr.com\/brasil\/dia-da-saude-e-nutricao\/\" target=\"_blank\" rel=\"noopener\">Dia da Sa\u00fade e Nutri\u00e7\u00e3o<\/a>&nbsp;(31 de mar\u00e7o).<\/p>\n<h2>Origem do Dia Mundial da Sa\u00fade<\/h2>\n<p>O Dia Mundial da Sa\u00fade foi criado pela Organiza\u00e7\u00e3o Mundial de Sa\u00fade (OMS), em 1948, devido a preocupa\u00e7\u00e3o de seus integrantes em manter o bom estado de sa\u00fade das pessoas em todo o mundo, e tamb\u00e9m alertar sobre os principais problemas que podem atingir a popula\u00e7\u00e3o mundial.<\/p>\n<p>Oficialmente, o Dia Mundial da Sa\u00fade \u00e9 comemorado em 7 de abril desde 1950.<\/p>\n<p>De acordo com o conceito definido pela OMS&nbsp;<em>\u201ca sa\u00fade \u00e9 um estado de completo bem-estar f\u00edsico, mental e social e n\u00e3o apenas a aus\u00eancia de doen\u00e7a ou enfermidade\u201d<\/em>.<\/p>\n<p><strong>FONTE:&nbsp;<a href=\"https:\/\/www.calendarr.com\/brasil\/dia-mundial-da-saude\/\" target=\"_blank\" rel=\"noopener\">https:\/\/www.calendarr.com\/brasil\/dia-mundial-da-saude\/<\/a><\/strong><\/p>\n","protected":false},"excerpt":{"rendered":"<p>O principal objetivo desta data \u00e9 conscientizar as pessoas sobre<\/p>\n","protected":false},"author":2,"featured_media":11130,"comment_status":"open","ping_status":"open","sticky":false,"template":"","format":"standard","meta":{"footnotes":""},"categories":[1],"tags":[],"class_list":["post-11128","post","type-post","status-publish","format-standard","has-post-thumbnail","hentry","category-sem-categoria"],"_links":{"self":[{"href":"https:\/\/ubanews.com\/site\/wp-json\/wp\/v2\/posts\/11128","targetHints":{"allow":["GET"]}}],"collection":[{"href":"https:\/\/ubanews.com\/site\/wp-json\/wp\/v2\/posts"}],"about":[{"href":"https:\/\/ubanews.com\/site\/wp-json\/wp\/v2\/types\/post"}],"author":[{"embeddable":true,"href":"https:\/\/ubanews.com\/site\/wp-json\/wp\/v2\/users\/2"}],"replies":[{"embeddable":true,"href":"https:\/\/ubanews.com\/site\/wp-json\/wp\/v2\/comments?post=11128"}],"version-history":[{"count":0,"href":"https:\/\/ubanews.com\/site\/wp-json\/wp\/v2\/posts\/11128\/revisions"}],"wp:featuredmedia":[{"embeddable":true,"href":"https:\/\/ubanews.com\/site\/wp-json\/wp\/v2\/media\/11130"}],"wp:attachment":[{"href":"https:\/\/ubanews.com\/site\/wp-json\/wp\/v2\/media?parent=11128"}],"wp:term":[{"taxonomy":"category","embeddable":true,"href":"https:\/\/ubanews.com\/site\/wp-json\/wp\/v2\/categories?post=11128"},{"taxonomy":"post_tag","embeddable":true,"href":"https:\/\/ubanews.com\/site\/wp-json\/wp\/v2\/tags?post=11128"}],"curies":[{"name":"wp","href":"https:\/\/api.w.org\/{rel}","templated":true}]}}