{"id":11122,"date":"2019-04-02T00:10:03","date_gmt":"2019-04-02T03:10:03","guid":{"rendered":"http:\/\/ubanews.com\/site\/?p=11122"},"modified":"2019-04-02T08:24:21","modified_gmt":"2019-04-02T11:24:21","slug":"o-dia-mundial-da-conscientizacao-do-autismo-ou-simplesmente-dia-mundial-do-autismo-e-comemorado-em-2-de-abril","status":"publish","type":"post","link":"https:\/\/ubanews.com\/site\/2019\/04\/02\/o-dia-mundial-da-conscientizacao-do-autismo-ou-simplesmente-dia-mundial-do-autismo-e-comemorado-em-2-de-abril\/","title":{"rendered":"O Dia Mundial da Conscientiza\u00e7\u00e3o do Autismo, ou simplesmente Dia Mundial do Autismo, \u00e9 comemorado em 2 de Abril"},"content":{"rendered":"<div class=\"col-xs-12 col-sm-8 holiday-detail-box\">\n<p>A data visa ajudar a conscientizar a popula\u00e7\u00e3o mundial sobre o Autismo, um transtorno no desenvolvimento do c\u00e9rebro que afeta cerca de 70 milh\u00f5es de pessoas em todo o mundo.<\/p>\n<\/div>\n<div class=\"col-sm-8 list-holiday-box\">\n<div id=\"sg-social-share-content\" class=\"holiday-content\">\n<h2>Origem do Dia Mundial do Autismo<\/h2>\n<p>O Dia Mundial de Conscientiza\u00e7\u00e3o do Autismo foi criado pela Organiza\u00e7\u00e3o das Na\u00e7\u00f5es Unidas (ONU), em 18 de Dezembro de 2007, com o intuito de alertar as sociedades e governantes sobre esta doen\u00e7a, ajudando a derrubar preconceitos e esclarecer a todos.<\/p>\n<h2>Dia do Autismo no Brasil<\/h2>\n<p>No Brasil, o Dia Mundial do Autismo \u00e9 celebrado com palestras e eventos p\u00fablicos que acontecem por v\u00e1rias cidades brasileiras. O objetivo \u00e9 o mesmo em todo o lugar, ajudar a conscientizar e informar as pessoas sobre o que \u00e9 o Autismo e como lidar com a doen\u00e7a.<\/p>\n<p>Nesta data, v\u00e1rios pontos tur\u00edsticos do pa\u00eds s\u00e3o iluminados de azul, cor que simboliza o Autismo.<\/p>\n<h2>O que \u00e9 o Autismo?<\/h2>\n<p>O Autismo pertence a um grupo de doen\u00e7as do desenvolvimento cerebral, conhecido por &#8220;Transtornos de Espectro Autista&#8221; &#8211; TEA.<\/p>\n<p>Os sintomas do autismo s\u00e3o: fobias, agressividade, dificuldades de aprendizagem, dificuldades de relacionamento, por exemplo. No entanto, vale ressaltar que o autismo \u00e9 \u00fanico para cada pessoa. Existem v\u00e1rios n\u00edveis diferentes de autismo, at\u00e9 mesmo pessoas que apresentam o transtorno, mas sem nenhum tipo de atraso mental.<\/p>\n<p><strong>FONTE:&nbsp;<a href=\"https:\/\/www.calendarr.com\/brasil\/dia-mundial-da-conscientizacao-do-autismo\/\" target=\"_blank\" rel=\"noopener\">https:\/\/www.calendarr.com\/brasil\/dia-mundial-da-conscientizacao-do-autismo\/<\/a><\/strong><\/p>\n<\/div>\n<\/div>\n","protected":false},"excerpt":{"rendered":"<p>A data visa ajudar a conscientizar a popula\u00e7\u00e3o mundial sobre<\/p>\n","protected":false},"author":2,"featured_media":11123,"comment_status":"open","ping_status":"open","sticky":false,"template":"","format":"standard","meta":{"footnotes":""},"categories":[1],"tags":[],"class_list":["post-11122","post","type-post","status-publish","format-standard","has-post-thumbnail","hentry","category-sem-categoria"],"_links":{"self":[{"href":"https:\/\/ubanews.com\/site\/wp-json\/wp\/v2\/posts\/11122","targetHints":{"allow":["GET"]}}],"collection":[{"href":"https:\/\/ubanews.com\/site\/wp-json\/wp\/v2\/posts"}],"about":[{"href":"https:\/\/ubanews.com\/site\/wp-json\/wp\/v2\/types\/post"}],"author":[{"embeddable":true,"href":"https:\/\/ubanews.com\/site\/wp-json\/wp\/v2\/users\/2"}],"replies":[{"embeddable":true,"href":"https:\/\/ubanews.com\/site\/wp-json\/wp\/v2\/comments?post=11122"}],"version-history":[{"count":0,"href":"https:\/\/ubanews.com\/site\/wp-json\/wp\/v2\/posts\/11122\/revisions"}],"wp:featuredmedia":[{"embeddable":true,"href":"https:\/\/ubanews.com\/site\/wp-json\/wp\/v2\/media\/11123"}],"wp:attachment":[{"href":"https:\/\/ubanews.com\/site\/wp-json\/wp\/v2\/media?parent=11122"}],"wp:term":[{"taxonomy":"category","embeddable":true,"href":"https:\/\/ubanews.com\/site\/wp-json\/wp\/v2\/categories?post=11122"},{"taxonomy":"post_tag","embeddable":true,"href":"https:\/\/ubanews.com\/site\/wp-json\/wp\/v2\/tags?post=11122"}],"curies":[{"name":"wp","href":"https:\/\/api.w.org\/{rel}","templated":true}]}}