{"id":11058,"date":"2019-03-22T16:49:13","date_gmt":"2019-03-22T19:49:13","guid":{"rendered":"http:\/\/ubanews.com\/site\/?p=11058"},"modified":"2019-03-22T17:20:19","modified_gmt":"2019-03-22T20:20:19","slug":"22-de-marco-dia-mundial-da-agua","status":"publish","type":"post","link":"https:\/\/ubanews.com\/site\/2019\/03\/22\/22-de-marco-dia-mundial-da-agua\/","title":{"rendered":"22 de mar\u00e7o Dia Mundial da \u00c1gua"},"content":{"rendered":"<div class=\"col-xs-12 col-sm-8 holiday-detail-box\">\n<h4 style=\"text-align: left;\">Pr\u00f3ximo&nbsp;<span class=\"hidden-xs\">Dia Mundial da \u00c1gua<\/span><span style=\"font-size: 1.0625rem;\">&nbsp;<\/span><span class=\"next-holiday-date\" style=\"font-size: 1.0625rem;\">22 de Mar\u00e7o de 2019 (Sexta-feira)<\/span><\/h4>\n<\/div>\n<div class=\"col-sm-8 list-holiday-box\">\n<div id=\"sg-social-share-content\" class=\"holiday-content\">\n<div id=\"div-gpt-ad-1429632575692-9\" class=\"ad-unit ad-unit--pt-br pub-mrec-content ad-unit--pt\" style=\"text-align: left;\" data-google-query-id=\"CN_30pq-luECFYt-wQodhsoA1w\">\n<div id=\"google_ads_iframe_\/1062898\/Calendarr_New_Sidebar_Detalhe_0__container__\"><span style=\"font-size: 1.0625rem;\">O&nbsp;<\/span><strong style=\"font-size: 1.0625rem;\">Dia Mundial da \u00c1gua<\/strong><span style=\"font-size: 1.0625rem;\">&nbsp;\u00e9 comemorado anualmente em&nbsp;<\/span><strong style=\"font-size: 1.0625rem;\">22 de mar\u00e7o<\/strong><span style=\"font-size: 1.0625rem;\">.<\/span><\/div>\n<\/div>\n<p style=\"text-align: left;\">Esta data foi criada com o objetivo de alertar a popula\u00e7\u00e3o internacional sobre a import\u00e2ncia da preserva\u00e7\u00e3o da \u00e1gua para a sobreviv\u00eancia de todos os ecossistemas do planeta.<\/p>\n<p style=\"text-align: left;\">Para isso, todos os anos o Dia Mundial da \u00c1gua aborda um tema espec\u00edfico sobre este mineral de extrema e absoluta import\u00e2ncia para a exist\u00eancia da vida.<\/p>\n<p style=\"text-align: left;\">A conscientiza\u00e7\u00e3o sobre a urg\u00eancia da economia deste recurso natural \u00e9 uma das principais metas desse dia.<\/p>\n<p style=\"text-align: left;\">A \u00e1gua limpa e pot\u00e1vel \u00e9 um direito humano garantido por lei desde 2010, de acordo com a&nbsp;<strong>Organiza\u00e7\u00e3o das Na\u00e7\u00f5es Unidas \u2013 ONU<\/strong>.<\/p>\n<p><img loading=\"lazy\" decoding=\"async\" src=\"https:\/\/s.calendarr.com\/upload\/datas\/di\/am\/dia-mundial-da-agua_c.jpg\" alt=\"M\u00e3e segurando aqu\u00e1rio com Planeta Terra dentro\" width=\"655\" height=\"368\"><\/p>\n<h2>Origem do Dia Mundial da \u00c1gua<\/h2>\n<p>O Dia Mundial da \u00c1gua foi institu\u00eddo pela Organiza\u00e7\u00e3o das Na\u00e7\u00f5es Unidas &#8211; ONU, atrav\u00e9s da resolu\u00e7\u00e3o A\/RES\/47\/193 de 21 de fevereiro de 1993, determinando que o dia 22 de mar\u00e7o seria a data oficial para comemorar e realizar atividades de reflex\u00e3o sobre o significado da \u00e1gua para a vida na Terra.<\/p>\n<p>Neste mesmo dia, a ONU lan\u00e7ou a&nbsp;<strong>Declara\u00e7\u00e3o Universal dos Direitos da \u00c1gua<\/strong>, que apresenta entre as principais normas:<\/p>\n<ol>\n<li>A \u00e1gua faz parte do patrim\u00f4nio do planeta;<\/li>\n<li>A \u00e1gua \u00e9 a seiva do nosso planeta;<\/li>\n<li>Os recursos naturais de transforma\u00e7\u00e3o da \u00e1gua em \u00e1gua pot\u00e1vel s\u00e3o lentos, fr\u00e1geis e muito limitados;<\/li>\n<li>O equil\u00edbrio e o futuro de nosso planeta dependem da preserva\u00e7\u00e3o da \u00e1gua e de seus ciclos;<\/li>\n<li>A \u00e1gua n\u00e3o \u00e9 somente heran\u00e7a de nossos predecessores; ela \u00e9, sobretudo, um empr\u00e9stimo aos nossos sucessores;<\/li>\n<li>A \u00e1gua n\u00e3o \u00e9 uma doa\u00e7\u00e3o gratuita da natureza; ela tem um valor econ\u00f4mico: precisa-se saber que ela \u00e9, algumas vezes, rara e dispendiosa e que pode muito bem escassear em qualquer regi\u00e3o do mundo;<\/li>\n<li>A \u00e1gua n\u00e3o deve ser desperdi\u00e7ada nem polu\u00edda, nem envenenada;<\/li>\n<li>A utiliza\u00e7\u00e3o da \u00e1gua implica respeito \u00e0 lei;<\/li>\n<li>A gest\u00e3o da \u00e1gua imp\u00f5e um equil\u00edbrio entre os imperativos de sua prote\u00e7\u00e3o e as necessidades de ordem econ\u00f4mica, sanit\u00e1ria e social;<\/li>\n<li>O planejamento da gest\u00e3o da \u00e1gua deve levar em conta a solidariedade e o consenso em raz\u00e3o de sua distribui\u00e7\u00e3o desigual sobre a Terra.<\/li>\n<\/ol>\n<h2>Atividades para o Dia Mundial da \u00c1gua<\/h2>\n<p>Alunos, pais e professores podem aproveitar o Dia da \u00c1gua para promover diversas atividades que auxiliem a conscientizar a popula\u00e7\u00e3o em geral sobre a import\u00e2ncia da preserva\u00e7\u00e3o da \u00e1gua, por exemplo:<\/p>\n<ul>\n<li>Fazer uma pe\u00e7a de teatro sobre como seria a vida sem \u00e1gua;<\/li>\n<li>Fazer desenhos sobre como as pessoas deveriam preservar melhor a \u00e1gua;<\/li>\n<li>Fazer um v\u00eddeo mostrando alguns cuidados b\u00e1sicos que toda pessoa pode ter para ajudar a preservar a \u00e1gua;<\/li>\n<li>Fazer um debate sobre as consequ\u00eancias da falta de \u00e1gua pot\u00e1vel no mundo.<\/li>\n<\/ul>\n<h2>Frases para o Dia Mundial da \u00c1gua<\/h2>\n<ul>\n<li>A \u00e1gua \u00e9 fonte de vida para todos os seres.<\/li>\n<li>A \u00e1gua \u00e9 tudo para a vida.<\/li>\n<li>Sem \u00e1gua n\u00e3o h\u00e1 vida.<\/li>\n<li>N\u00f3s somos todos feitos de \u00e1gua.<\/li>\n<\/ul>\n<p><strong>FONTE:<\/strong>&nbsp;<strong><a href=\"https:\/\/www.calendarr.com\/brasil\/\" target=\"_blank\" rel=\"noopener\">https:\/\/www.calendarr.com\/brasil\/<\/a><\/strong><\/p>\n<\/div>\n<\/div>\n","protected":false},"excerpt":{"rendered":"<p>Pr\u00f3ximo&nbsp;Dia Mundial da \u00c1gua&nbsp;22 de Mar\u00e7o de 2019 (Sexta-feira) O&nbsp;Dia<\/p>\n","protected":false},"author":2,"featured_media":11059,"comment_status":"open","ping_status":"open","sticky":false,"template":"","format":"standard","meta":{"footnotes":""},"categories":[1],"tags":[],"class_list":["post-11058","post","type-post","status-publish","format-standard","has-post-thumbnail","hentry","category-sem-categoria"],"_links":{"self":[{"href":"https:\/\/ubanews.com\/site\/wp-json\/wp\/v2\/posts\/11058","targetHints":{"allow":["GET"]}}],"collection":[{"href":"https:\/\/ubanews.com\/site\/wp-json\/wp\/v2\/posts"}],"about":[{"href":"https:\/\/ubanews.com\/site\/wp-json\/wp\/v2\/types\/post"}],"author":[{"embeddable":true,"href":"https:\/\/ubanews.com\/site\/wp-json\/wp\/v2\/users\/2"}],"replies":[{"embeddable":true,"href":"https:\/\/ubanews.com\/site\/wp-json\/wp\/v2\/comments?post=11058"}],"version-history":[{"count":0,"href":"https:\/\/ubanews.com\/site\/wp-json\/wp\/v2\/posts\/11058\/revisions"}],"wp:featuredmedia":[{"embeddable":true,"href":"https:\/\/ubanews.com\/site\/wp-json\/wp\/v2\/media\/11059"}],"wp:attachment":[{"href":"https:\/\/ubanews.com\/site\/wp-json\/wp\/v2\/media?parent=11058"}],"wp:term":[{"taxonomy":"category","embeddable":true,"href":"https:\/\/ubanews.com\/site\/wp-json\/wp\/v2\/categories?post=11058"},{"taxonomy":"post_tag","embeddable":true,"href":"https:\/\/ubanews.com\/site\/wp-json\/wp\/v2\/tags?post=11058"}],"curies":[{"name":"wp","href":"https:\/\/api.w.org\/{rel}","templated":true}]}}