{"id":10682,"date":"2019-02-25T16:17:44","date_gmt":"2019-02-25T19:17:44","guid":{"rendered":"http:\/\/ubanews.com\/site\/?p=10682"},"modified":"2019-02-27T16:24:58","modified_gmt":"2019-02-27T19:24:58","slug":"16o-encontro-dos-alcoolicos-anonimos-em-uba-acontecera-nos-dias-02-e-03-de-marco","status":"publish","type":"post","link":"https:\/\/ubanews.com\/site\/2019\/02\/25\/16o-encontro-dos-alcoolicos-anonimos-em-uba-acontecera-nos-dias-02-e-03-de-marco\/","title":{"rendered":"16\u00ba ENCONTRO DOS ALCO\u00d3LICOS AN\u00d4NIMOS em Ub\u00e1 acontecer\u00e1 nos dias 02 e 03 de mar\u00e7o"},"content":{"rendered":"<p align=\"center\">C O M U N I C A D O<\/p>\n<p>No pr\u00f3ximo final de semana, dias 02 e 03 de mar\u00e7o ser\u00e1 realizado o <strong>16\u00ba ENCONTRO DOS ALCO\u00d3LICOS AN\u00d4NIMOS<\/strong> em Ub\u00e1. Ser\u00e3o v\u00e1rias palestras sobre o programa de recupera\u00e7\u00e3o da irmandade de Alco\u00f3licos An\u00f4nimos, com palestrantes oriundos dos quatros estados da regi\u00e3o sudeste. O local do evento ser\u00e1 na sede do Rotary Club Ary Barroso na Rodovia Ub\u00e1 a Juiz de Fora km 1 pr\u00f3ximo ao Horto Florestal, a programa\u00e7\u00e3o ter\u00e1 inicio \u00e1s 13h e 30min do s\u00e1bado (02) e terminar\u00e1 no domingo \u00e1s 12h. A participa\u00e7\u00e3o \u00e9 aberta a todos os interessados nesse importante assunto que \u00e9 a deten\u00e7\u00e3o da marcha do alcoolismo.&nbsp;<\/p>\n<p>Desde j\u00e1 agradecemos a todos que de forma direta e indireta nos ajudar\u00e3o na divulga\u00e7\u00e3o e na realiza\u00e7\u00e3o desse tradicional encontro que ocorre h\u00e1 16 anos.&nbsp;<\/p>\n<p>Maiores esclarecimentos atrav\u00e9s do telefone Whats App (32) 9 8838 \u2013 1756<\/p>\n<p>&nbsp;&nbsp;&nbsp;&nbsp;&nbsp;&nbsp;&nbsp;&nbsp;&nbsp;&nbsp;&nbsp;&nbsp;&nbsp;&nbsp;&nbsp;&nbsp;&nbsp;&nbsp;&nbsp;&nbsp;&nbsp;&nbsp;&nbsp;&nbsp;&nbsp;&nbsp;&nbsp;&nbsp;&nbsp;&nbsp;<wbr>&nbsp;&nbsp;&nbsp;&nbsp;&nbsp;&nbsp;&nbsp;&nbsp;&nbsp;&nbsp;&nbsp;&nbsp; Por Alco\u00f3licos An\u00f4nimos grupo Mente Aberta<\/p>\n<p>&nbsp;&nbsp;&nbsp;&nbsp;&nbsp;&nbsp;&nbsp;&nbsp;&nbsp;&nbsp;&nbsp; &nbsp;&nbsp;&nbsp;&nbsp;&nbsp;&nbsp;&nbsp;&nbsp;&nbsp;&nbsp;&nbsp;&nbsp;&nbsp;&nbsp;&nbsp;&nbsp;&nbsp;&nbsp;&nbsp;&nbsp;&nbsp;&nbsp;&nbsp;&nbsp;&nbsp;&nbsp;&nbsp;&nbsp;&nbsp;&nbsp;<wbr>&nbsp;&nbsp;&nbsp;&nbsp;&nbsp;&nbsp;&nbsp;&nbsp;&nbsp;&nbsp;&nbsp;&nbsp;&nbsp;&nbsp;&nbsp;&nbsp;&nbsp;&nbsp;&nbsp;&nbsp;&nbsp;&nbsp;&nbsp;&nbsp;&nbsp;&nbsp;&nbsp;&nbsp;&nbsp;<wbr>M. Greg\u00f3rio<\/p>\n","protected":false},"excerpt":{"rendered":"<p>C O M U N I C A D O<\/p>\n","protected":false},"author":2,"featured_media":10723,"comment_status":"open","ping_status":"open","sticky":false,"template":"","format":"standard","meta":{"footnotes":""},"categories":[1],"tags":[],"class_list":["post-10682","post","type-post","status-publish","format-standard","has-post-thumbnail","hentry","category-sem-categoria"],"_links":{"self":[{"href":"https:\/\/ubanews.com\/site\/wp-json\/wp\/v2\/posts\/10682","targetHints":{"allow":["GET"]}}],"collection":[{"href":"https:\/\/ubanews.com\/site\/wp-json\/wp\/v2\/posts"}],"about":[{"href":"https:\/\/ubanews.com\/site\/wp-json\/wp\/v2\/types\/post"}],"author":[{"embeddable":true,"href":"https:\/\/ubanews.com\/site\/wp-json\/wp\/v2\/users\/2"}],"replies":[{"embeddable":true,"href":"https:\/\/ubanews.com\/site\/wp-json\/wp\/v2\/comments?post=10682"}],"version-history":[{"count":0,"href":"https:\/\/ubanews.com\/site\/wp-json\/wp\/v2\/posts\/10682\/revisions"}],"wp:featuredmedia":[{"embeddable":true,"href":"https:\/\/ubanews.com\/site\/wp-json\/wp\/v2\/media\/10723"}],"wp:attachment":[{"href":"https:\/\/ubanews.com\/site\/wp-json\/wp\/v2\/media?parent=10682"}],"wp:term":[{"taxonomy":"category","embeddable":true,"href":"https:\/\/ubanews.com\/site\/wp-json\/wp\/v2\/categories?post=10682"},{"taxonomy":"post_tag","embeddable":true,"href":"https:\/\/ubanews.com\/site\/wp-json\/wp\/v2\/tags?post=10682"}],"curies":[{"name":"wp","href":"https:\/\/api.w.org\/{rel}","templated":true}]}}