{"id":10671,"date":"2019-02-25T11:21:52","date_gmt":"2019-02-25T14:21:52","guid":{"rendered":"http:\/\/ubanews.com\/site\/?p=10671"},"modified":"2019-02-25T11:22:05","modified_gmt":"2019-02-25T14:22:05","slug":"policia-militar-recupera-veiculo-roubado-e-prossegue-em-rastreamento-de-localizar-os-autores","status":"publish","type":"post","link":"https:\/\/ubanews.com\/site\/2019\/02\/25\/policia-militar-recupera-veiculo-roubado-e-prossegue-em-rastreamento-de-localizar-os-autores\/","title":{"rendered":"POL\u00cdCIA MILITAR RECUPERA VE\u00cdCULO ROUBADO E PROSSEGUEM EM RASTREAMENTO DE LOCALIZAR OS AUTORES"},"content":{"rendered":"<p>No dia 24 de Fevereiro de 2019, na Estrada Bela Vista, S\/N, na cidade de Visconde do Rio Branco, foi acionada por uma v\u00edtima, a qual relatou ter sido v\u00edtima de um roubo, onde dois autores levaram sua motocicleta, Honda CG, placa HHD-0740, enquanto seguia sentido ao Povoado do Bela Vista de S\u00e3o Francisco.<\/p>\n<p>Com a chegada da equipe policial, foi poss\u00edvel localizar a motocicleta XRE, placa ORB-2229, com sinaliza\u00e7\u00e3o de queixa furto\/roubo, sendo acionado o guincho de plant\u00e3o para a remo\u00e7\u00e3o do ve\u00edculo.<\/p>\n<p>Realizado rastreamento, que prossegue com o objetivo de prender os autores do crime.<\/p>\n<div><span style=\"font-family: 'Arial','sans-serif';\"><span style=\"font-size: large;\"><b>ASSESSORIA DE COMUNICA\u00c7\u00c3O ORGANIZACIONAL<\/b><\/span><i><b><br \/>\n<\/b><\/i><\/span><\/div>\n<p><strong><span style=\"font-family: 'Arial','sans-serif';\"><i>Vig\u00e9simo Primeiro Batalh\u00e3o de Pol\u00edcia Militar<\/i><\/span><\/strong><\/p>\n","protected":false},"excerpt":{"rendered":"<p>No dia 24 de Fevereiro de 2019, na Estrada Bela<\/p>\n","protected":false},"author":2,"featured_media":10672,"comment_status":"open","ping_status":"open","sticky":false,"template":"","format":"standard","meta":{"footnotes":""},"categories":[13],"tags":[],"class_list":["post-10671","post","type-post","status-publish","format-standard","has-post-thumbnail","hentry","category-sintese-das-ocorrencias"],"_links":{"self":[{"href":"https:\/\/ubanews.com\/site\/wp-json\/wp\/v2\/posts\/10671","targetHints":{"allow":["GET"]}}],"collection":[{"href":"https:\/\/ubanews.com\/site\/wp-json\/wp\/v2\/posts"}],"about":[{"href":"https:\/\/ubanews.com\/site\/wp-json\/wp\/v2\/types\/post"}],"author":[{"embeddable":true,"href":"https:\/\/ubanews.com\/site\/wp-json\/wp\/v2\/users\/2"}],"replies":[{"embeddable":true,"href":"https:\/\/ubanews.com\/site\/wp-json\/wp\/v2\/comments?post=10671"}],"version-history":[{"count":0,"href":"https:\/\/ubanews.com\/site\/wp-json\/wp\/v2\/posts\/10671\/revisions"}],"wp:featuredmedia":[{"embeddable":true,"href":"https:\/\/ubanews.com\/site\/wp-json\/wp\/v2\/media\/10672"}],"wp:attachment":[{"href":"https:\/\/ubanews.com\/site\/wp-json\/wp\/v2\/media?parent=10671"}],"wp:term":[{"taxonomy":"category","embeddable":true,"href":"https:\/\/ubanews.com\/site\/wp-json\/wp\/v2\/categories?post=10671"},{"taxonomy":"post_tag","embeddable":true,"href":"https:\/\/ubanews.com\/site\/wp-json\/wp\/v2\/tags?post=10671"}],"curies":[{"name":"wp","href":"https:\/\/api.w.org\/{rel}","templated":true}]}}