{"id":10532,"date":"2019-02-12T10:14:06","date_gmt":"2019-02-12T12:14:06","guid":{"rendered":"http:\/\/ubanews.com\/site\/?p=10532"},"modified":"2019-02-12T11:07:59","modified_gmt":"2019-02-12T13:07:59","slug":"vitima-de-bandidos-e-obrigada-a-parar-seu-veiculo","status":"publish","type":"post","link":"https:\/\/ubanews.com\/site\/2019\/02\/12\/vitima-de-bandidos-e-obrigada-a-parar-seu-veiculo\/","title":{"rendered":"V\u00edtima de bandidos \u00e9 obrigada a parar seu ve\u00edculo e tem dinheiro e documentos subtra\u00eddos"},"content":{"rendered":"<p>No dia 11 de Fevereiro de 2019, \u00e0s 21 horas e 29 minutos, na Avenida Senador Levindo Coelho, 341, bairro Chiquito Gazola, na cidade de Ub\u00e1, a Pol\u00edcia Militar foi acionada, acionada a comparecer na Av. Senador Levindo Coelho, onde uma v\u00edtima relatou que conduzia seu ve\u00edculo momento que se aproximou um indiv\u00edduo com uma arma de fogo e determinou que ele parasse, foi subtra\u00eddo da v\u00edtima R$ 70,00, documentos pessoais e documentos do ve\u00edculo. O autor evadiu sentido Bairro Santa Edwiges.<\/p>\n<p>Foi realizado o rastreamento at\u00e9 o momento sem \u00eaxito, sendo que dilig\u00eancias continuam objetivando prender os criminosos.<\/p>\n<div><span style=\"font-family: 'Arial','sans-serif';\"><span style=\"font-size: large;\"><b>ASSESSORIA DE COMUNICA\u00c7\u00c3O ORGANIZACIONAL<\/b><\/span><i><b><br \/>\n<\/b><\/i><\/span><\/div>\n<p><strong><span style=\"font-family: 'Arial','sans-serif';\"><i>Vig\u00e9simo Primeiro Batalh\u00e3o de Pol\u00edcia Militar<\/i><\/span><\/strong><\/p>\n","protected":false},"excerpt":{"rendered":"<p>No dia 11 de Fevereiro de 2019, \u00e0s 21 horas<\/p>\n","protected":false},"author":2,"featured_media":9038,"comment_status":"open","ping_status":"open","sticky":false,"template":"","format":"standard","meta":{"footnotes":""},"categories":[13],"tags":[],"class_list":["post-10532","post","type-post","status-publish","format-standard","has-post-thumbnail","hentry","category-sintese-das-ocorrencias"],"_links":{"self":[{"href":"https:\/\/ubanews.com\/site\/wp-json\/wp\/v2\/posts\/10532","targetHints":{"allow":["GET"]}}],"collection":[{"href":"https:\/\/ubanews.com\/site\/wp-json\/wp\/v2\/posts"}],"about":[{"href":"https:\/\/ubanews.com\/site\/wp-json\/wp\/v2\/types\/post"}],"author":[{"embeddable":true,"href":"https:\/\/ubanews.com\/site\/wp-json\/wp\/v2\/users\/2"}],"replies":[{"embeddable":true,"href":"https:\/\/ubanews.com\/site\/wp-json\/wp\/v2\/comments?post=10532"}],"version-history":[{"count":0,"href":"https:\/\/ubanews.com\/site\/wp-json\/wp\/v2\/posts\/10532\/revisions"}],"wp:featuredmedia":[{"embeddable":true,"href":"https:\/\/ubanews.com\/site\/wp-json\/wp\/v2\/media\/9038"}],"wp:attachment":[{"href":"https:\/\/ubanews.com\/site\/wp-json\/wp\/v2\/media?parent=10532"}],"wp:term":[{"taxonomy":"category","embeddable":true,"href":"https:\/\/ubanews.com\/site\/wp-json\/wp\/v2\/categories?post=10532"},{"taxonomy":"post_tag","embeddable":true,"href":"https:\/\/ubanews.com\/site\/wp-json\/wp\/v2\/tags?post=10532"}],"curies":[{"name":"wp","href":"https:\/\/api.w.org\/{rel}","templated":true}]}}