{"id":10319,"date":"2019-01-25T23:05:57","date_gmt":"2019-01-26T01:05:57","guid":{"rendered":"http:\/\/ubanews.com\/site\/?p=10319"},"modified":"2019-02-11T11:17:25","modified_gmt":"2019-02-11T13:17:25","slug":"primeira-noite-da-segunda-edicao-do-manga-in-fest-e-sucesso","status":"publish","type":"post","link":"https:\/\/ubanews.com\/site\/2019\/01\/25\/primeira-noite-da-segunda-edicao-do-manga-in-fest-e-sucesso\/","title":{"rendered":"PRIMEIRA NOITE DA SEGUNDA EDI\u00c7\u00c3O DO MANGA IN FEST \u00c9 SUCESSO"},"content":{"rendered":"<p>A Associa\u00e7\u00e3o Comercial e Industrial de Ub\u00e1, a C\u00e2mara da Mulher e o Frigor\u00edfico Cruzeiro do Sul promovem com sucesso a Segunda Edi\u00e7\u00e3o do Manga In Fest. A Pra\u00e7a S\u00e3o Janu\u00e1rio ficou repleta das fam\u00edlias ubaenses e de outras regi\u00f5es que acataram o convite e vieram para prestigiar mais um evento que j\u00e1 faz parte do calend\u00e1rio de eventos da Aciub\u00e1 e C\u00e2mara da Mulher.<\/p>\n<p>Imprescind\u00edvel o apoio da Prefeitura Municipal e a Pol\u00edcia Militar. O Portal de Not\u00edcias Ub\u00e1 News foi l\u00e1 para conferir.<\/p>\n<p><iframe data-src=\"https:\/\/www.youtube.com\/embed\/mMaTrCLQPms\" width=\"560\" height=\"315\" frameborder=\"0\" allowfullscreen=\"allowfullscreen\" src=\"data:image\/svg+xml;base64,PHN2ZyB3aWR0aD0iMSIgaGVpZ2h0PSIxIiB4bWxucz0iaHR0cDovL3d3dy53My5vcmcvMjAwMC9zdmciPjwvc3ZnPg==\" class=\"lazyload\" data-load-mode=\"1\"><\/iframe><br \/>\n<iframe data-src=\"https:\/\/www.youtube.com\/embed\/BHZ2LVDJ1HI\" width=\"560\" height=\"315\" frameborder=\"0\" allowfullscreen=\"allowfullscreen\" src=\"data:image\/svg+xml;base64,PHN2ZyB3aWR0aD0iMSIgaGVpZ2h0PSIxIiB4bWxucz0iaHR0cDovL3d3dy53My5vcmcvMjAwMC9zdmciPjwvc3ZnPg==\" class=\"lazyload\" data-load-mode=\"1\"><\/iframe><br \/>\n<iframe data-src=\"https:\/\/www.youtube.com\/embed\/7g_yWtN53jE\" width=\"560\" height=\"315\" frameborder=\"0\" allowfullscreen=\"allowfullscreen\" src=\"data:image\/svg+xml;base64,PHN2ZyB3aWR0aD0iMSIgaGVpZ2h0PSIxIiB4bWxucz0iaHR0cDovL3d3dy53My5vcmcvMjAwMC9zdmciPjwvc3ZnPg==\" class=\"lazyload\" data-load-mode=\"1\"><\/iframe>&nbsp;<\/p>\n","protected":false},"excerpt":{"rendered":"<p>A Associa\u00e7\u00e3o Comercial e Industrial de Ub\u00e1, a C\u00e2mara da<\/p>\n","protected":false},"author":2,"featured_media":10320,"comment_status":"open","ping_status":"open","sticky":false,"template":"","format":"standard","meta":{"footnotes":""},"categories":[1],"tags":[],"class_list":["post-10319","post","type-post","status-publish","format-standard","has-post-thumbnail","hentry","category-sem-categoria"],"yoast_head":"<!-- This site is optimized with the Yoast SEO plugin v27.2 - https:\/\/yoast.com\/product\/yoast-seo-wordpress\/ -->\n<title>PRIMEIRA NOITE DA SEGUNDA EDI\u00c7\u00c3O DO MANGA IN FEST \u00c9 SUCESSO - Ub\u00e1 News<\/title>\n<meta name=\"robots\" content=\"index, follow, max-snippet:-1, max-image-preview:large, max-video-preview:-1\" \/>\n<link rel=\"canonical\" href=\"https:\/\/ubanews.com\/site\/2019\/01\/25\/primeira-noite-da-segunda-edicao-do-manga-in-fest-e-sucesso\/\" \/>\n<meta property=\"og:locale\" content=\"pt_BR\" \/>\n<meta property=\"og:type\" content=\"article\" \/>\n<meta property=\"og:title\" content=\"PRIMEIRA NOITE DA SEGUNDA EDI\u00c7\u00c3O DO MANGA IN FEST \u00c9 SUCESSO - Ub\u00e1 News\" \/>\n<meta property=\"og:description\" content=\"A Associa\u00e7\u00e3o Comercial e Industrial de Ub\u00e1, a C\u00e2mara da\" \/>\n<meta property=\"og:url\" content=\"https:\/\/ubanews.com\/site\/2019\/01\/25\/primeira-noite-da-segunda-edicao-do-manga-in-fest-e-sucesso\/\" \/>\n<meta property=\"og:site_name\" content=\"Ub\u00e1 News\" \/>\n<meta property=\"article:publisher\" content=\"https:\/\/www.facebook.com\/Ub%c3%a1News-Carlos-Roberto-Sodr%c3%a9-418778301977370\" \/>\n<meta property=\"article:author\" content=\"https:\/\/www.facebook.com\/carosroberto.sodre.5\/\" \/>\n<meta property=\"article:published_time\" content=\"2019-01-26T01:05:57+00:00\" \/>\n<meta property=\"article:modified_time\" content=\"2019-02-11T13:17:25+00:00\" \/>\n<meta property=\"og:image\" content=\"https:\/\/ubanews.com\/site\/wp-content\/uploads\/2019\/01\/49706028_2348023378759125_3739317975233069056_o.jpg\" \/>\n\t<meta property=\"og:image:width\" content=\"800\" \/>\n\t<meta property=\"og:image:height\" content=\"389\" \/>\n\t<meta property=\"og:image:type\" content=\"image\/jpeg\" \/>\n<meta name=\"author\" content=\"Sodr\u00e9\" \/>\n<meta name=\"twitter:card\" content=\"summary_large_image\" \/>\n<meta name=\"twitter:label1\" content=\"Escrito por\" \/>\n\t<meta name=\"twitter:data1\" content=\"Sodr\u00e9\" \/>\n\t<meta name=\"twitter:label2\" content=\"Est. tempo de leitura\" \/>\n\t<meta name=\"twitter:data2\" content=\"1 minuto\" \/>\n<script type=\"application\/ld+json\" class=\"yoast-schema-graph\">{\"@context\":\"https:\/\/schema.org\",\"@graph\":[{\"@type\":\"Article\",\"@id\":\"https:\/\/ubanews.com\/site\/2019\/01\/25\/primeira-noite-da-segunda-edicao-do-manga-in-fest-e-sucesso\/#article\",\"isPartOf\":{\"@id\":\"https:\/\/ubanews.com\/site\/2019\/01\/25\/primeira-noite-da-segunda-edicao-do-manga-in-fest-e-sucesso\/\"},\"author\":{\"name\":\"Sodr\u00e9\",\"@id\":\"https:\/\/ubanews.com\/site\/#\/schema\/person\/d90c9e47252fbb63dcc969fe4c8b9d10\"},\"headline\":\"PRIMEIRA NOITE DA SEGUNDA EDI\u00c7\u00c3O DO MANGA IN FEST \u00c9 SUCESSO\",\"datePublished\":\"2019-01-26T01:05:57+00:00\",\"dateModified\":\"2019-02-11T13:17:25+00:00\",\"mainEntityOfPage\":{\"@id\":\"https:\/\/ubanews.com\/site\/2019\/01\/25\/primeira-noite-da-segunda-edicao-do-manga-in-fest-e-sucesso\/\"},\"wordCount\":111,\"commentCount\":0,\"publisher\":{\"@id\":\"https:\/\/ubanews.com\/site\/#organization\"},\"image\":{\"@id\":\"https:\/\/ubanews.com\/site\/2019\/01\/25\/primeira-noite-da-segunda-edicao-do-manga-in-fest-e-sucesso\/#primaryimage\"},\"thumbnailUrl\":\"https:\/\/ubanews.com\/site\/wp-content\/uploads\/2019\/01\/49706028_2348023378759125_3739317975233069056_o.jpg\",\"articleSection\":[\"Geral\"],\"inLanguage\":\"pt-BR\",\"potentialAction\":[{\"@type\":\"CommentAction\",\"name\":\"Comment\",\"target\":[\"https:\/\/ubanews.com\/site\/2019\/01\/25\/primeira-noite-da-segunda-edicao-do-manga-in-fest-e-sucesso\/#respond\"]}]},{\"@type\":\"WebPage\",\"@id\":\"https:\/\/ubanews.com\/site\/2019\/01\/25\/primeira-noite-da-segunda-edicao-do-manga-in-fest-e-sucesso\/\",\"url\":\"https:\/\/ubanews.com\/site\/2019\/01\/25\/primeira-noite-da-segunda-edicao-do-manga-in-fest-e-sucesso\/\",\"name\":\"PRIMEIRA NOITE DA SEGUNDA EDI\u00c7\u00c3O DO MANGA IN FEST \u00c9 SUCESSO - Ub\u00e1 News\",\"isPartOf\":{\"@id\":\"https:\/\/ubanews.com\/site\/#website\"},\"primaryImageOfPage\":{\"@id\":\"https:\/\/ubanews.com\/site\/2019\/01\/25\/primeira-noite-da-segunda-edicao-do-manga-in-fest-e-sucesso\/#primaryimage\"},\"image\":{\"@id\":\"https:\/\/ubanews.com\/site\/2019\/01\/25\/primeira-noite-da-segunda-edicao-do-manga-in-fest-e-sucesso\/#primaryimage\"},\"thumbnailUrl\":\"https:\/\/ubanews.com\/site\/wp-content\/uploads\/2019\/01\/49706028_2348023378759125_3739317975233069056_o.jpg\",\"datePublished\":\"2019-01-26T01:05:57+00:00\",\"dateModified\":\"2019-02-11T13:17:25+00:00\",\"breadcrumb\":{\"@id\":\"https:\/\/ubanews.com\/site\/2019\/01\/25\/primeira-noite-da-segunda-edicao-do-manga-in-fest-e-sucesso\/#breadcrumb\"},\"inLanguage\":\"pt-BR\",\"potentialAction\":[{\"@type\":\"ReadAction\",\"target\":[\"https:\/\/ubanews.com\/site\/2019\/01\/25\/primeira-noite-da-segunda-edicao-do-manga-in-fest-e-sucesso\/\"]}]},{\"@type\":\"ImageObject\",\"inLanguage\":\"pt-BR\",\"@id\":\"https:\/\/ubanews.com\/site\/2019\/01\/25\/primeira-noite-da-segunda-edicao-do-manga-in-fest-e-sucesso\/#primaryimage\",\"url\":\"https:\/\/ubanews.com\/site\/wp-content\/uploads\/2019\/01\/49706028_2348023378759125_3739317975233069056_o.jpg\",\"contentUrl\":\"https:\/\/ubanews.com\/site\/wp-content\/uploads\/2019\/01\/49706028_2348023378759125_3739317975233069056_o.jpg\",\"width\":800,\"height\":389},{\"@type\":\"BreadcrumbList\",\"@id\":\"https:\/\/ubanews.com\/site\/2019\/01\/25\/primeira-noite-da-segunda-edicao-do-manga-in-fest-e-sucesso\/#breadcrumb\",\"itemListElement\":[{\"@type\":\"ListItem\",\"position\":1,\"name\":\"Home\",\"item\":\"https:\/\/ubanews.com\/site\/\"},{\"@type\":\"ListItem\",\"position\":2,\"name\":\"PRIMEIRA NOITE DA SEGUNDA EDI\u00c7\u00c3O DO MANGA IN FEST \u00c9 SUCESSO\"}]},{\"@type\":\"WebSite\",\"@id\":\"https:\/\/ubanews.com\/site\/#website\",\"url\":\"https:\/\/ubanews.com\/site\/\",\"name\":\"Ub\u00e1 News\",\"description\":\"\",\"publisher\":{\"@id\":\"https:\/\/ubanews.com\/site\/#organization\"},\"potentialAction\":[{\"@type\":\"SearchAction\",\"target\":{\"@type\":\"EntryPoint\",\"urlTemplate\":\"https:\/\/ubanews.com\/site\/?s={search_term_string}\"},\"query-input\":{\"@type\":\"PropertyValueSpecification\",\"valueRequired\":true,\"valueName\":\"search_term_string\"}}],\"inLanguage\":\"pt-BR\"},{\"@type\":\"Organization\",\"@id\":\"https:\/\/ubanews.com\/site\/#organization\",\"name\":\"Ub\u00e1 News\",\"url\":\"https:\/\/ubanews.com\/site\/\",\"logo\":{\"@type\":\"ImageObject\",\"inLanguage\":\"pt-BR\",\"@id\":\"https:\/\/ubanews.com\/site\/#\/schema\/logo\/image\/\",\"url\":\"https:\/\/ubanews.com\/site\/wp-content\/uploads\/2018\/01\/logoubanews.png\",\"contentUrl\":\"https:\/\/ubanews.com\/site\/wp-content\/uploads\/2018\/01\/logoubanews.png\",\"width\":261,\"height\":99,\"caption\":\"Ub\u00e1 News\"},\"image\":{\"@id\":\"https:\/\/ubanews.com\/site\/#\/schema\/logo\/image\/\"},\"sameAs\":[\"https:\/\/www.facebook.com\/Ub\u00e1News-Carlos-Roberto-Sodr\u00e9-418778301977370\"]},{\"@type\":\"Person\",\"@id\":\"https:\/\/ubanews.com\/site\/#\/schema\/person\/d90c9e47252fbb63dcc969fe4c8b9d10\",\"name\":\"Sodr\u00e9\",\"image\":{\"@type\":\"ImageObject\",\"inLanguage\":\"pt-BR\",\"@id\":\"https:\/\/secure.gravatar.com\/avatar\/5ba2793f0590b9dbfad3fdec4ee714485b3eef211c9b32ee53d414060454a56c?s=96&d=mm&r=g\",\"url\":\"https:\/\/secure.gravatar.com\/avatar\/5ba2793f0590b9dbfad3fdec4ee714485b3eef211c9b32ee53d414060454a56c?s=96&d=mm&r=g\",\"contentUrl\":\"https:\/\/secure.gravatar.com\/avatar\/5ba2793f0590b9dbfad3fdec4ee714485b3eef211c9b32ee53d414060454a56c?s=96&d=mm&r=g\",\"caption\":\"Sodr\u00e9\"},\"sameAs\":[\"https:\/\/www.facebook.com\/carosroberto.sodre.5\/\"],\"url\":\"https:\/\/ubanews.com\/site\/author\/felipe\/\"}]}<\/script>\n<!-- \/ Yoast SEO plugin. -->","yoast_head_json":{"title":"PRIMEIRA NOITE DA SEGUNDA EDI\u00c7\u00c3O DO MANGA IN FEST \u00c9 SUCESSO - Ub\u00e1 News","robots":{"index":"index","follow":"follow","max-snippet":"max-snippet:-1","max-image-preview":"max-image-preview:large","max-video-preview":"max-video-preview:-1"},"canonical":"https:\/\/ubanews.com\/site\/2019\/01\/25\/primeira-noite-da-segunda-edicao-do-manga-in-fest-e-sucesso\/","og_locale":"pt_BR","og_type":"article","og_title":"PRIMEIRA NOITE DA SEGUNDA EDI\u00c7\u00c3O DO MANGA IN FEST \u00c9 SUCESSO - Ub\u00e1 News","og_description":"A Associa\u00e7\u00e3o Comercial e Industrial de Ub\u00e1, a C\u00e2mara da","og_url":"https:\/\/ubanews.com\/site\/2019\/01\/25\/primeira-noite-da-segunda-edicao-do-manga-in-fest-e-sucesso\/","og_site_name":"Ub\u00e1 News","article_publisher":"https:\/\/www.facebook.com\/Ub%c3%a1News-Carlos-Roberto-Sodr%c3%a9-418778301977370","article_author":"https:\/\/www.facebook.com\/carosroberto.sodre.5\/","article_published_time":"2019-01-26T01:05:57+00:00","article_modified_time":"2019-02-11T13:17:25+00:00","og_image":[{"width":800,"height":389,"url":"https:\/\/ubanews.com\/site\/wp-content\/uploads\/2019\/01\/49706028_2348023378759125_3739317975233069056_o.jpg","type":"image\/jpeg"}],"author":"Sodr\u00e9","twitter_card":"summary_large_image","twitter_misc":{"Escrito por":"Sodr\u00e9","Est. tempo de leitura":"1 minuto"},"schema":{"@context":"https:\/\/schema.org","@graph":[{"@type":"Article","@id":"https:\/\/ubanews.com\/site\/2019\/01\/25\/primeira-noite-da-segunda-edicao-do-manga-in-fest-e-sucesso\/#article","isPartOf":{"@id":"https:\/\/ubanews.com\/site\/2019\/01\/25\/primeira-noite-da-segunda-edicao-do-manga-in-fest-e-sucesso\/"},"author":{"name":"Sodr\u00e9","@id":"https:\/\/ubanews.com\/site\/#\/schema\/person\/d90c9e47252fbb63dcc969fe4c8b9d10"},"headline":"PRIMEIRA NOITE DA SEGUNDA EDI\u00c7\u00c3O DO MANGA IN FEST \u00c9 SUCESSO","datePublished":"2019-01-26T01:05:57+00:00","dateModified":"2019-02-11T13:17:25+00:00","mainEntityOfPage":{"@id":"https:\/\/ubanews.com\/site\/2019\/01\/25\/primeira-noite-da-segunda-edicao-do-manga-in-fest-e-sucesso\/"},"wordCount":111,"commentCount":0,"publisher":{"@id":"https:\/\/ubanews.com\/site\/#organization"},"image":{"@id":"https:\/\/ubanews.com\/site\/2019\/01\/25\/primeira-noite-da-segunda-edicao-do-manga-in-fest-e-sucesso\/#primaryimage"},"thumbnailUrl":"https:\/\/ubanews.com\/site\/wp-content\/uploads\/2019\/01\/49706028_2348023378759125_3739317975233069056_o.jpg","articleSection":["Geral"],"inLanguage":"pt-BR","potentialAction":[{"@type":"CommentAction","name":"Comment","target":["https:\/\/ubanews.com\/site\/2019\/01\/25\/primeira-noite-da-segunda-edicao-do-manga-in-fest-e-sucesso\/#respond"]}]},{"@type":"WebPage","@id":"https:\/\/ubanews.com\/site\/2019\/01\/25\/primeira-noite-da-segunda-edicao-do-manga-in-fest-e-sucesso\/","url":"https:\/\/ubanews.com\/site\/2019\/01\/25\/primeira-noite-da-segunda-edicao-do-manga-in-fest-e-sucesso\/","name":"PRIMEIRA NOITE DA SEGUNDA EDI\u00c7\u00c3O DO MANGA IN FEST \u00c9 SUCESSO - Ub\u00e1 News","isPartOf":{"@id":"https:\/\/ubanews.com\/site\/#website"},"primaryImageOfPage":{"@id":"https:\/\/ubanews.com\/site\/2019\/01\/25\/primeira-noite-da-segunda-edicao-do-manga-in-fest-e-sucesso\/#primaryimage"},"image":{"@id":"https:\/\/ubanews.com\/site\/2019\/01\/25\/primeira-noite-da-segunda-edicao-do-manga-in-fest-e-sucesso\/#primaryimage"},"thumbnailUrl":"https:\/\/ubanews.com\/site\/wp-content\/uploads\/2019\/01\/49706028_2348023378759125_3739317975233069056_o.jpg","datePublished":"2019-01-26T01:05:57+00:00","dateModified":"2019-02-11T13:17:25+00:00","breadcrumb":{"@id":"https:\/\/ubanews.com\/site\/2019\/01\/25\/primeira-noite-da-segunda-edicao-do-manga-in-fest-e-sucesso\/#breadcrumb"},"inLanguage":"pt-BR","potentialAction":[{"@type":"ReadAction","target":["https:\/\/ubanews.com\/site\/2019\/01\/25\/primeira-noite-da-segunda-edicao-do-manga-in-fest-e-sucesso\/"]}]},{"@type":"ImageObject","inLanguage":"pt-BR","@id":"https:\/\/ubanews.com\/site\/2019\/01\/25\/primeira-noite-da-segunda-edicao-do-manga-in-fest-e-sucesso\/#primaryimage","url":"https:\/\/ubanews.com\/site\/wp-content\/uploads\/2019\/01\/49706028_2348023378759125_3739317975233069056_o.jpg","contentUrl":"https:\/\/ubanews.com\/site\/wp-content\/uploads\/2019\/01\/49706028_2348023378759125_3739317975233069056_o.jpg","width":800,"height":389},{"@type":"BreadcrumbList","@id":"https:\/\/ubanews.com\/site\/2019\/01\/25\/primeira-noite-da-segunda-edicao-do-manga-in-fest-e-sucesso\/#breadcrumb","itemListElement":[{"@type":"ListItem","position":1,"name":"Home","item":"https:\/\/ubanews.com\/site\/"},{"@type":"ListItem","position":2,"name":"PRIMEIRA NOITE DA SEGUNDA EDI\u00c7\u00c3O DO MANGA IN FEST \u00c9 SUCESSO"}]},{"@type":"WebSite","@id":"https:\/\/ubanews.com\/site\/#website","url":"https:\/\/ubanews.com\/site\/","name":"Ub\u00e1 News","description":"","publisher":{"@id":"https:\/\/ubanews.com\/site\/#organization"},"potentialAction":[{"@type":"SearchAction","target":{"@type":"EntryPoint","urlTemplate":"https:\/\/ubanews.com\/site\/?s={search_term_string}"},"query-input":{"@type":"PropertyValueSpecification","valueRequired":true,"valueName":"search_term_string"}}],"inLanguage":"pt-BR"},{"@type":"Organization","@id":"https:\/\/ubanews.com\/site\/#organization","name":"Ub\u00e1 News","url":"https:\/\/ubanews.com\/site\/","logo":{"@type":"ImageObject","inLanguage":"pt-BR","@id":"https:\/\/ubanews.com\/site\/#\/schema\/logo\/image\/","url":"https:\/\/ubanews.com\/site\/wp-content\/uploads\/2018\/01\/logoubanews.png","contentUrl":"https:\/\/ubanews.com\/site\/wp-content\/uploads\/2018\/01\/logoubanews.png","width":261,"height":99,"caption":"Ub\u00e1 News"},"image":{"@id":"https:\/\/ubanews.com\/site\/#\/schema\/logo\/image\/"},"sameAs":["https:\/\/www.facebook.com\/Ub\u00e1News-Carlos-Roberto-Sodr\u00e9-418778301977370"]},{"@type":"Person","@id":"https:\/\/ubanews.com\/site\/#\/schema\/person\/d90c9e47252fbb63dcc969fe4c8b9d10","name":"Sodr\u00e9","image":{"@type":"ImageObject","inLanguage":"pt-BR","@id":"https:\/\/secure.gravatar.com\/avatar\/5ba2793f0590b9dbfad3fdec4ee714485b3eef211c9b32ee53d414060454a56c?s=96&d=mm&r=g","url":"https:\/\/secure.gravatar.com\/avatar\/5ba2793f0590b9dbfad3fdec4ee714485b3eef211c9b32ee53d414060454a56c?s=96&d=mm&r=g","contentUrl":"https:\/\/secure.gravatar.com\/avatar\/5ba2793f0590b9dbfad3fdec4ee714485b3eef211c9b32ee53d414060454a56c?s=96&d=mm&r=g","caption":"Sodr\u00e9"},"sameAs":["https:\/\/www.facebook.com\/carosroberto.sodre.5\/"],"url":"https:\/\/ubanews.com\/site\/author\/felipe\/"}]}},"_links":{"self":[{"href":"https:\/\/ubanews.com\/site\/wp-json\/wp\/v2\/posts\/10319","targetHints":{"allow":["GET"]}}],"collection":[{"href":"https:\/\/ubanews.com\/site\/wp-json\/wp\/v2\/posts"}],"about":[{"href":"https:\/\/ubanews.com\/site\/wp-json\/wp\/v2\/types\/post"}],"author":[{"embeddable":true,"href":"https:\/\/ubanews.com\/site\/wp-json\/wp\/v2\/users\/2"}],"replies":[{"embeddable":true,"href":"https:\/\/ubanews.com\/site\/wp-json\/wp\/v2\/comments?post=10319"}],"version-history":[{"count":0,"href":"https:\/\/ubanews.com\/site\/wp-json\/wp\/v2\/posts\/10319\/revisions"}],"wp:featuredmedia":[{"embeddable":true,"href":"https:\/\/ubanews.com\/site\/wp-json\/wp\/v2\/media\/10320"}],"wp:attachment":[{"href":"https:\/\/ubanews.com\/site\/wp-json\/wp\/v2\/media?parent=10319"}],"wp:term":[{"taxonomy":"category","embeddable":true,"href":"https:\/\/ubanews.com\/site\/wp-json\/wp\/v2\/categories?post=10319"},{"taxonomy":"post_tag","embeddable":true,"href":"https:\/\/ubanews.com\/site\/wp-json\/wp\/v2\/tags?post=10319"}],"curies":[{"name":"wp","href":"https:\/\/api.w.org\/{rel}","templated":true}]}}