{"id":10186,"date":"2019-01-16T09:39:08","date_gmt":"2019-01-16T11:39:08","guid":{"rendered":"http:\/\/ubanews.com\/site\/?p=10186"},"modified":"2019-01-16T09:55:37","modified_gmt":"2019-01-16T11:55:37","slug":"policia-militar-recupera-carreta-roubada-no-rio-de-janeiro-com-carga-avaliada-em-300-mil-reais","status":"publish","type":"post","link":"https:\/\/ubanews.com\/site\/2019\/01\/16\/policia-militar-recupera-carreta-roubada-no-rio-de-janeiro-com-carga-avaliada-em-300-mil-reais\/","title":{"rendered":"POL\u00cdCIA MILITAR RECUPERA CARRETA ROUBADA NO RIO DE JANEIRO COM CARGA AVALIADA EM 300 MIL REAIS"},"content":{"rendered":"<p>No dia 15 de Janeiro \u00e0s 09 horas e 42 minutos, a Pol\u00edcia Militar foi acionada , onde segundo liga\u00e7\u00e3o via 190, o veiculo Scania placa HQJ-6811, que fora roubado no estado do Rio de Janeiro na data do dia 14, teria acabado de sair do posto de gasolina, situado pr\u00f3ximo a entrada do munic\u00edpio de S\u00e3o Geraldo, indo sentido a cidade de Visconde do Rio Branco, de acordo como rastreador do propriet\u00e1rio.<\/p>\n<p>Imediatamente foi realizado cerco na rodovia e procedida abordagem ao veiculo e ao condutor sendo constatado que se tratava de Leandro Martins Madeira de 33 anos natural de Muri\u00e1e, que informou que outros 02 indiv\u00edduos estariam em um gol branco placa de Muria\u00e9, dando cobertura ao roubo.<\/p>\n<p>Em dado momento foi avistado o veiculo VW Placa HLF-1607, emplacado em Muria\u00e9, com 02 ocupantes, sendo este de imediato abordado, onde constatou-se que o condutor do veiculo se tratava de Alex Gomes Ferreira de 32 anos natural de Leopoldina, tendo como carona J\u00falio C\u00e9zar da Silva Ribeiro de 30 anos, natural de Ros\u00e1rio da Limeira.<\/p>\n<p>Foram apreendidos os seguintes materiais: 03 folhas de cheques, 03 aparelhos celulares e o ve\u00edculo Gol.<\/p>\n<p>Todos os criminosos foram presos e conduzidos \u00e0 Delegacia de Pol\u00edcia Judici\u00e1ria, a carreta e a carga de leite em p\u00f3 avaliada em R$300 mil reais foram recuperados, ficando \u00e0 disposi\u00e7\u00e3o do propriet\u00e1rio.<\/p>\n<div><span style=\"font-family: 'Arial','sans-serif';\"><span style=\"font-size: large;\"><b>ASSESSORIA DE COMUNICA\u00c7\u00c3O ORGANIZACIONAL<\/b><\/span><i><b><br \/>\n<\/b><\/i><\/span><\/div>\n<p><strong><span style=\"font-family: 'Arial','sans-serif';\"><i>Vig\u00e9simo Primeiro Batalh\u00e3o de Pol\u00edcia Militar<\/i><\/span><\/strong><\/p>\n<p><a href=\"https:\/\/ubanews.com\/site\/wp-content\/uploads\/2019\/01\/ddd354a4-cf59-401a-854c-f0ebff3a22cf.jpg\"><img decoding=\"async\" class=\"alignnone wp-image-10192 size-full lazyload\" data-src=\"https:\/\/ubanews.com\/site\/wp-content\/uploads\/2019\/01\/ddd354a4-cf59-401a-854c-f0ebff3a22cf.jpg\" alt=\"\" width=\"707\" height=\"492\" data-srcset=\"https:\/\/ubanews.com\/site\/wp-content\/uploads\/2019\/01\/ddd354a4-cf59-401a-854c-f0ebff3a22cf.jpg 707w, https:\/\/ubanews.com\/site\/wp-content\/uploads\/2019\/01\/ddd354a4-cf59-401a-854c-f0ebff3a22cf-300x209.jpg 300w\" data-sizes=\"(max-width: 707px) 100vw, 707px\" src=\"data:image\/svg+xml;base64,PHN2ZyB3aWR0aD0iMSIgaGVpZ2h0PSIxIiB4bWxucz0iaHR0cDovL3d3dy53My5vcmcvMjAwMC9zdmciPjwvc3ZnPg==\" style=\"--smush-placeholder-width: 707px; --smush-placeholder-aspect-ratio: 707\/492;\" \/><\/a> <a href=\"https:\/\/ubanews.com\/site\/wp-content\/uploads\/2019\/01\/20190115155218.png\"><img decoding=\"async\" class=\"alignnone wp-image-10191 size-full lazyload\" data-src=\"https:\/\/ubanews.com\/site\/wp-content\/uploads\/2019\/01\/20190115155218.png\" alt=\"\" width=\"600\" height=\"338\" data-srcset=\"https:\/\/ubanews.com\/site\/wp-content\/uploads\/2019\/01\/20190115155218.png 600w, https:\/\/ubanews.com\/site\/wp-content\/uploads\/2019\/01\/20190115155218-300x169.png 300w\" data-sizes=\"(max-width: 600px) 100vw, 600px\" src=\"data:image\/svg+xml;base64,PHN2ZyB3aWR0aD0iMSIgaGVpZ2h0PSIxIiB4bWxucz0iaHR0cDovL3d3dy53My5vcmcvMjAwMC9zdmciPjwvc3ZnPg==\" style=\"--smush-placeholder-width: 600px; --smush-placeholder-aspect-ratio: 600\/338;\" \/><\/a> <a href=\"https:\/\/ubanews.com\/site\/wp-content\/uploads\/2019\/01\/52cbc384-0212-4817-be4f-57e0935a7313.jpg\"><img decoding=\"async\" class=\"alignnone wp-image-10190 size-full lazyload\" data-src=\"https:\/\/ubanews.com\/site\/wp-content\/uploads\/2019\/01\/52cbc384-0212-4817-be4f-57e0935a7313.jpg\" alt=\"\" width=\"707\" height=\"398\" data-srcset=\"https:\/\/ubanews.com\/site\/wp-content\/uploads\/2019\/01\/52cbc384-0212-4817-be4f-57e0935a7313.jpg 707w, https:\/\/ubanews.com\/site\/wp-content\/uploads\/2019\/01\/52cbc384-0212-4817-be4f-57e0935a7313-300x169.jpg 300w\" data-sizes=\"(max-width: 707px) 100vw, 707px\" src=\"data:image\/svg+xml;base64,PHN2ZyB3aWR0aD0iMSIgaGVpZ2h0PSIxIiB4bWxucz0iaHR0cDovL3d3dy53My5vcmcvMjAwMC9zdmciPjwvc3ZnPg==\" style=\"--smush-placeholder-width: 707px; --smush-placeholder-aspect-ratio: 707\/398;\" \/><\/a> <a href=\"https:\/\/ubanews.com\/site\/wp-content\/uploads\/2019\/01\/7dd1c748-f21f-4dd5-a1ff-074786bdf44b.jpg\"><img decoding=\"async\" class=\"alignnone wp-image-10189 size-full lazyload\" data-src=\"https:\/\/ubanews.com\/site\/wp-content\/uploads\/2019\/01\/7dd1c748-f21f-4dd5-a1ff-074786bdf44b.jpg\" alt=\"\" width=\"707\" height=\"398\" data-srcset=\"https:\/\/ubanews.com\/site\/wp-content\/uploads\/2019\/01\/7dd1c748-f21f-4dd5-a1ff-074786bdf44b.jpg 707w, https:\/\/ubanews.com\/site\/wp-content\/uploads\/2019\/01\/7dd1c748-f21f-4dd5-a1ff-074786bdf44b-300x169.jpg 300w\" data-sizes=\"(max-width: 707px) 100vw, 707px\" src=\"data:image\/svg+xml;base64,PHN2ZyB3aWR0aD0iMSIgaGVpZ2h0PSIxIiB4bWxucz0iaHR0cDovL3d3dy53My5vcmcvMjAwMC9zdmciPjwvc3ZnPg==\" style=\"--smush-placeholder-width: 707px; --smush-placeholder-aspect-ratio: 707\/398;\" \/><\/a> <a href=\"https:\/\/ubanews.com\/site\/wp-content\/uploads\/2019\/01\/b416f5d3-209e-40cf-9652-644b3f8f5a36.jpg\"><img decoding=\"async\" class=\"alignnone wp-image-10188 size-full lazyload\" data-src=\"https:\/\/ubanews.com\/site\/wp-content\/uploads\/2019\/01\/b416f5d3-209e-40cf-9652-644b3f8f5a36.jpg\" alt=\"\" width=\"800\" height=\"600\" data-srcset=\"https:\/\/ubanews.com\/site\/wp-content\/uploads\/2019\/01\/b416f5d3-209e-40cf-9652-644b3f8f5a36.jpg 800w, https:\/\/ubanews.com\/site\/wp-content\/uploads\/2019\/01\/b416f5d3-209e-40cf-9652-644b3f8f5a36-300x225.jpg 300w, https:\/\/ubanews.com\/site\/wp-content\/uploads\/2019\/01\/b416f5d3-209e-40cf-9652-644b3f8f5a36-768x576.jpg 768w\" data-sizes=\"(max-width: 800px) 100vw, 800px\" src=\"data:image\/svg+xml;base64,PHN2ZyB3aWR0aD0iMSIgaGVpZ2h0PSIxIiB4bWxucz0iaHR0cDovL3d3dy53My5vcmcvMjAwMC9zdmciPjwvc3ZnPg==\" style=\"--smush-placeholder-width: 800px; --smush-placeholder-aspect-ratio: 800\/600;\" \/><\/a><\/p>\n","protected":false},"excerpt":{"rendered":"<p>No dia 15 de Janeiro \u00e0s 09 horas e 42<\/p>\n","protected":false},"author":2,"featured_media":10187,"comment_status":"open","ping_status":"open","sticky":false,"template":"","format":"standard","meta":{"footnotes":""},"categories":[13],"tags":[],"class_list":["post-10186","post","type-post","status-publish","format-standard","has-post-thumbnail","hentry","category-sintese-das-ocorrencias"],"yoast_head":"<!-- This site is optimized with the Yoast SEO plugin v27.2 - https:\/\/yoast.com\/product\/yoast-seo-wordpress\/ -->\n<title>POL\u00cdCIA MILITAR RECUPERA CARRETA ROUBADA NO RIO DE JANEIRO COM CARGA AVALIADA EM 300 MIL REAIS - Ub\u00e1 News<\/title>\n<meta name=\"robots\" content=\"index, follow, max-snippet:-1, max-image-preview:large, max-video-preview:-1\" \/>\n<link rel=\"canonical\" href=\"https:\/\/ubanews.com\/site\/2019\/01\/16\/policia-militar-recupera-carreta-roubada-no-rio-de-janeiro-com-carga-avaliada-em-300-mil-reais\/\" \/>\n<meta property=\"og:locale\" content=\"pt_BR\" \/>\n<meta property=\"og:type\" content=\"article\" \/>\n<meta property=\"og:title\" content=\"POL\u00cdCIA MILITAR RECUPERA CARRETA ROUBADA NO RIO DE JANEIRO COM CARGA AVALIADA EM 300 MIL REAIS - Ub\u00e1 News\" \/>\n<meta property=\"og:description\" content=\"No dia 15 de Janeiro \u00e0s 09 horas e 42\" \/>\n<meta property=\"og:url\" content=\"https:\/\/ubanews.com\/site\/2019\/01\/16\/policia-militar-recupera-carreta-roubada-no-rio-de-janeiro-com-carga-avaliada-em-300-mil-reais\/\" \/>\n<meta property=\"og:site_name\" content=\"Ub\u00e1 News\" \/>\n<meta property=\"article:publisher\" content=\"https:\/\/www.facebook.com\/Ub%c3%a1News-Carlos-Roberto-Sodr%c3%a9-418778301977370\" \/>\n<meta property=\"article:author\" content=\"https:\/\/www.facebook.com\/carosroberto.sodre.5\/\" \/>\n<meta property=\"article:published_time\" content=\"2019-01-16T11:39:08+00:00\" \/>\n<meta property=\"article:modified_time\" content=\"2019-01-16T11:55:37+00:00\" \/>\n<meta property=\"og:image\" content=\"https:\/\/ubanews.com\/site\/wp-content\/uploads\/2019\/01\/204.jpg\" \/>\n\t<meta property=\"og:image:width\" content=\"800\" \/>\n\t<meta property=\"og:image:height\" content=\"389\" \/>\n\t<meta property=\"og:image:type\" content=\"image\/jpeg\" \/>\n<meta name=\"author\" content=\"Sodr\u00e9\" \/>\n<meta name=\"twitter:card\" content=\"summary_large_image\" \/>\n<meta name=\"twitter:label1\" content=\"Escrito por\" \/>\n\t<meta name=\"twitter:data1\" content=\"Sodr\u00e9\" \/>\n\t<meta name=\"twitter:label2\" content=\"Est. tempo de leitura\" \/>\n\t<meta name=\"twitter:data2\" content=\"1 minuto\" \/>\n<script type=\"application\/ld+json\" class=\"yoast-schema-graph\">{\"@context\":\"https:\/\/schema.org\",\"@graph\":[{\"@type\":\"Article\",\"@id\":\"https:\/\/ubanews.com\/site\/2019\/01\/16\/policia-militar-recupera-carreta-roubada-no-rio-de-janeiro-com-carga-avaliada-em-300-mil-reais\/#article\",\"isPartOf\":{\"@id\":\"https:\/\/ubanews.com\/site\/2019\/01\/16\/policia-militar-recupera-carreta-roubada-no-rio-de-janeiro-com-carga-avaliada-em-300-mil-reais\/\"},\"author\":{\"name\":\"Sodr\u00e9\",\"@id\":\"https:\/\/ubanews.com\/site\/#\/schema\/person\/d90c9e47252fbb63dcc969fe4c8b9d10\"},\"headline\":\"POL\u00cdCIA MILITAR RECUPERA CARRETA ROUBADA NO RIO DE JANEIRO COM CARGA AVALIADA EM 300 MIL REAIS\",\"datePublished\":\"2019-01-16T11:39:08+00:00\",\"dateModified\":\"2019-01-16T11:55:37+00:00\",\"mainEntityOfPage\":{\"@id\":\"https:\/\/ubanews.com\/site\/2019\/01\/16\/policia-militar-recupera-carreta-roubada-no-rio-de-janeiro-com-carga-avaliada-em-300-mil-reais\/\"},\"wordCount\":256,\"commentCount\":0,\"publisher\":{\"@id\":\"https:\/\/ubanews.com\/site\/#organization\"},\"image\":{\"@id\":\"https:\/\/ubanews.com\/site\/2019\/01\/16\/policia-militar-recupera-carreta-roubada-no-rio-de-janeiro-com-carga-avaliada-em-300-mil-reais\/#primaryimage\"},\"thumbnailUrl\":\"https:\/\/ubanews.com\/site\/wp-content\/uploads\/2019\/01\/204.jpg\",\"articleSection\":[\"S\u00edntese das Ocorr\u00eancias\"],\"inLanguage\":\"pt-BR\",\"potentialAction\":[{\"@type\":\"CommentAction\",\"name\":\"Comment\",\"target\":[\"https:\/\/ubanews.com\/site\/2019\/01\/16\/policia-militar-recupera-carreta-roubada-no-rio-de-janeiro-com-carga-avaliada-em-300-mil-reais\/#respond\"]}]},{\"@type\":\"WebPage\",\"@id\":\"https:\/\/ubanews.com\/site\/2019\/01\/16\/policia-militar-recupera-carreta-roubada-no-rio-de-janeiro-com-carga-avaliada-em-300-mil-reais\/\",\"url\":\"https:\/\/ubanews.com\/site\/2019\/01\/16\/policia-militar-recupera-carreta-roubada-no-rio-de-janeiro-com-carga-avaliada-em-300-mil-reais\/\",\"name\":\"POL\u00cdCIA MILITAR RECUPERA CARRETA ROUBADA NO RIO DE JANEIRO COM CARGA AVALIADA EM 300 MIL REAIS - Ub\u00e1 News\",\"isPartOf\":{\"@id\":\"https:\/\/ubanews.com\/site\/#website\"},\"primaryImageOfPage\":{\"@id\":\"https:\/\/ubanews.com\/site\/2019\/01\/16\/policia-militar-recupera-carreta-roubada-no-rio-de-janeiro-com-carga-avaliada-em-300-mil-reais\/#primaryimage\"},\"image\":{\"@id\":\"https:\/\/ubanews.com\/site\/2019\/01\/16\/policia-militar-recupera-carreta-roubada-no-rio-de-janeiro-com-carga-avaliada-em-300-mil-reais\/#primaryimage\"},\"thumbnailUrl\":\"https:\/\/ubanews.com\/site\/wp-content\/uploads\/2019\/01\/204.jpg\",\"datePublished\":\"2019-01-16T11:39:08+00:00\",\"dateModified\":\"2019-01-16T11:55:37+00:00\",\"breadcrumb\":{\"@id\":\"https:\/\/ubanews.com\/site\/2019\/01\/16\/policia-militar-recupera-carreta-roubada-no-rio-de-janeiro-com-carga-avaliada-em-300-mil-reais\/#breadcrumb\"},\"inLanguage\":\"pt-BR\",\"potentialAction\":[{\"@type\":\"ReadAction\",\"target\":[\"https:\/\/ubanews.com\/site\/2019\/01\/16\/policia-militar-recupera-carreta-roubada-no-rio-de-janeiro-com-carga-avaliada-em-300-mil-reais\/\"]}]},{\"@type\":\"ImageObject\",\"inLanguage\":\"pt-BR\",\"@id\":\"https:\/\/ubanews.com\/site\/2019\/01\/16\/policia-militar-recupera-carreta-roubada-no-rio-de-janeiro-com-carga-avaliada-em-300-mil-reais\/#primaryimage\",\"url\":\"https:\/\/ubanews.com\/site\/wp-content\/uploads\/2019\/01\/204.jpg\",\"contentUrl\":\"https:\/\/ubanews.com\/site\/wp-content\/uploads\/2019\/01\/204.jpg\",\"width\":800,\"height\":389},{\"@type\":\"BreadcrumbList\",\"@id\":\"https:\/\/ubanews.com\/site\/2019\/01\/16\/policia-militar-recupera-carreta-roubada-no-rio-de-janeiro-com-carga-avaliada-em-300-mil-reais\/#breadcrumb\",\"itemListElement\":[{\"@type\":\"ListItem\",\"position\":1,\"name\":\"Home\",\"item\":\"https:\/\/ubanews.com\/site\/\"},{\"@type\":\"ListItem\",\"position\":2,\"name\":\"POL\u00cdCIA MILITAR RECUPERA CARRETA ROUBADA NO RIO DE JANEIRO COM CARGA AVALIADA EM 300 MIL REAIS\"}]},{\"@type\":\"WebSite\",\"@id\":\"https:\/\/ubanews.com\/site\/#website\",\"url\":\"https:\/\/ubanews.com\/site\/\",\"name\":\"Ub\u00e1 News\",\"description\":\"\",\"publisher\":{\"@id\":\"https:\/\/ubanews.com\/site\/#organization\"},\"potentialAction\":[{\"@type\":\"SearchAction\",\"target\":{\"@type\":\"EntryPoint\",\"urlTemplate\":\"https:\/\/ubanews.com\/site\/?s={search_term_string}\"},\"query-input\":{\"@type\":\"PropertyValueSpecification\",\"valueRequired\":true,\"valueName\":\"search_term_string\"}}],\"inLanguage\":\"pt-BR\"},{\"@type\":\"Organization\",\"@id\":\"https:\/\/ubanews.com\/site\/#organization\",\"name\":\"Ub\u00e1 News\",\"url\":\"https:\/\/ubanews.com\/site\/\",\"logo\":{\"@type\":\"ImageObject\",\"inLanguage\":\"pt-BR\",\"@id\":\"https:\/\/ubanews.com\/site\/#\/schema\/logo\/image\/\",\"url\":\"https:\/\/ubanews.com\/site\/wp-content\/uploads\/2018\/01\/logoubanews.png\",\"contentUrl\":\"https:\/\/ubanews.com\/site\/wp-content\/uploads\/2018\/01\/logoubanews.png\",\"width\":261,\"height\":99,\"caption\":\"Ub\u00e1 News\"},\"image\":{\"@id\":\"https:\/\/ubanews.com\/site\/#\/schema\/logo\/image\/\"},\"sameAs\":[\"https:\/\/www.facebook.com\/Ub\u00e1News-Carlos-Roberto-Sodr\u00e9-418778301977370\"]},{\"@type\":\"Person\",\"@id\":\"https:\/\/ubanews.com\/site\/#\/schema\/person\/d90c9e47252fbb63dcc969fe4c8b9d10\",\"name\":\"Sodr\u00e9\",\"image\":{\"@type\":\"ImageObject\",\"inLanguage\":\"pt-BR\",\"@id\":\"https:\/\/secure.gravatar.com\/avatar\/5ba2793f0590b9dbfad3fdec4ee714485b3eef211c9b32ee53d414060454a56c?s=96&d=mm&r=g\",\"url\":\"https:\/\/secure.gravatar.com\/avatar\/5ba2793f0590b9dbfad3fdec4ee714485b3eef211c9b32ee53d414060454a56c?s=96&d=mm&r=g\",\"contentUrl\":\"https:\/\/secure.gravatar.com\/avatar\/5ba2793f0590b9dbfad3fdec4ee714485b3eef211c9b32ee53d414060454a56c?s=96&d=mm&r=g\",\"caption\":\"Sodr\u00e9\"},\"sameAs\":[\"https:\/\/www.facebook.com\/carosroberto.sodre.5\/\"],\"url\":\"https:\/\/ubanews.com\/site\/author\/felipe\/\"}]}<\/script>\n<!-- \/ Yoast SEO plugin. -->","yoast_head_json":{"title":"POL\u00cdCIA MILITAR RECUPERA CARRETA ROUBADA NO RIO DE JANEIRO COM CARGA AVALIADA EM 300 MIL REAIS - Ub\u00e1 News","robots":{"index":"index","follow":"follow","max-snippet":"max-snippet:-1","max-image-preview":"max-image-preview:large","max-video-preview":"max-video-preview:-1"},"canonical":"https:\/\/ubanews.com\/site\/2019\/01\/16\/policia-militar-recupera-carreta-roubada-no-rio-de-janeiro-com-carga-avaliada-em-300-mil-reais\/","og_locale":"pt_BR","og_type":"article","og_title":"POL\u00cdCIA MILITAR RECUPERA CARRETA ROUBADA NO RIO DE JANEIRO COM CARGA AVALIADA EM 300 MIL REAIS - Ub\u00e1 News","og_description":"No dia 15 de Janeiro \u00e0s 09 horas e 42","og_url":"https:\/\/ubanews.com\/site\/2019\/01\/16\/policia-militar-recupera-carreta-roubada-no-rio-de-janeiro-com-carga-avaliada-em-300-mil-reais\/","og_site_name":"Ub\u00e1 News","article_publisher":"https:\/\/www.facebook.com\/Ub%c3%a1News-Carlos-Roberto-Sodr%c3%a9-418778301977370","article_author":"https:\/\/www.facebook.com\/carosroberto.sodre.5\/","article_published_time":"2019-01-16T11:39:08+00:00","article_modified_time":"2019-01-16T11:55:37+00:00","og_image":[{"width":800,"height":389,"url":"https:\/\/ubanews.com\/site\/wp-content\/uploads\/2019\/01\/204.jpg","type":"image\/jpeg"}],"author":"Sodr\u00e9","twitter_card":"summary_large_image","twitter_misc":{"Escrito por":"Sodr\u00e9","Est. tempo de leitura":"1 minuto"},"schema":{"@context":"https:\/\/schema.org","@graph":[{"@type":"Article","@id":"https:\/\/ubanews.com\/site\/2019\/01\/16\/policia-militar-recupera-carreta-roubada-no-rio-de-janeiro-com-carga-avaliada-em-300-mil-reais\/#article","isPartOf":{"@id":"https:\/\/ubanews.com\/site\/2019\/01\/16\/policia-militar-recupera-carreta-roubada-no-rio-de-janeiro-com-carga-avaliada-em-300-mil-reais\/"},"author":{"name":"Sodr\u00e9","@id":"https:\/\/ubanews.com\/site\/#\/schema\/person\/d90c9e47252fbb63dcc969fe4c8b9d10"},"headline":"POL\u00cdCIA MILITAR RECUPERA CARRETA ROUBADA NO RIO DE JANEIRO COM CARGA AVALIADA EM 300 MIL REAIS","datePublished":"2019-01-16T11:39:08+00:00","dateModified":"2019-01-16T11:55:37+00:00","mainEntityOfPage":{"@id":"https:\/\/ubanews.com\/site\/2019\/01\/16\/policia-militar-recupera-carreta-roubada-no-rio-de-janeiro-com-carga-avaliada-em-300-mil-reais\/"},"wordCount":256,"commentCount":0,"publisher":{"@id":"https:\/\/ubanews.com\/site\/#organization"},"image":{"@id":"https:\/\/ubanews.com\/site\/2019\/01\/16\/policia-militar-recupera-carreta-roubada-no-rio-de-janeiro-com-carga-avaliada-em-300-mil-reais\/#primaryimage"},"thumbnailUrl":"https:\/\/ubanews.com\/site\/wp-content\/uploads\/2019\/01\/204.jpg","articleSection":["S\u00edntese das Ocorr\u00eancias"],"inLanguage":"pt-BR","potentialAction":[{"@type":"CommentAction","name":"Comment","target":["https:\/\/ubanews.com\/site\/2019\/01\/16\/policia-militar-recupera-carreta-roubada-no-rio-de-janeiro-com-carga-avaliada-em-300-mil-reais\/#respond"]}]},{"@type":"WebPage","@id":"https:\/\/ubanews.com\/site\/2019\/01\/16\/policia-militar-recupera-carreta-roubada-no-rio-de-janeiro-com-carga-avaliada-em-300-mil-reais\/","url":"https:\/\/ubanews.com\/site\/2019\/01\/16\/policia-militar-recupera-carreta-roubada-no-rio-de-janeiro-com-carga-avaliada-em-300-mil-reais\/","name":"POL\u00cdCIA MILITAR RECUPERA CARRETA ROUBADA NO RIO DE JANEIRO COM CARGA AVALIADA EM 300 MIL REAIS - Ub\u00e1 News","isPartOf":{"@id":"https:\/\/ubanews.com\/site\/#website"},"primaryImageOfPage":{"@id":"https:\/\/ubanews.com\/site\/2019\/01\/16\/policia-militar-recupera-carreta-roubada-no-rio-de-janeiro-com-carga-avaliada-em-300-mil-reais\/#primaryimage"},"image":{"@id":"https:\/\/ubanews.com\/site\/2019\/01\/16\/policia-militar-recupera-carreta-roubada-no-rio-de-janeiro-com-carga-avaliada-em-300-mil-reais\/#primaryimage"},"thumbnailUrl":"https:\/\/ubanews.com\/site\/wp-content\/uploads\/2019\/01\/204.jpg","datePublished":"2019-01-16T11:39:08+00:00","dateModified":"2019-01-16T11:55:37+00:00","breadcrumb":{"@id":"https:\/\/ubanews.com\/site\/2019\/01\/16\/policia-militar-recupera-carreta-roubada-no-rio-de-janeiro-com-carga-avaliada-em-300-mil-reais\/#breadcrumb"},"inLanguage":"pt-BR","potentialAction":[{"@type":"ReadAction","target":["https:\/\/ubanews.com\/site\/2019\/01\/16\/policia-militar-recupera-carreta-roubada-no-rio-de-janeiro-com-carga-avaliada-em-300-mil-reais\/"]}]},{"@type":"ImageObject","inLanguage":"pt-BR","@id":"https:\/\/ubanews.com\/site\/2019\/01\/16\/policia-militar-recupera-carreta-roubada-no-rio-de-janeiro-com-carga-avaliada-em-300-mil-reais\/#primaryimage","url":"https:\/\/ubanews.com\/site\/wp-content\/uploads\/2019\/01\/204.jpg","contentUrl":"https:\/\/ubanews.com\/site\/wp-content\/uploads\/2019\/01\/204.jpg","width":800,"height":389},{"@type":"BreadcrumbList","@id":"https:\/\/ubanews.com\/site\/2019\/01\/16\/policia-militar-recupera-carreta-roubada-no-rio-de-janeiro-com-carga-avaliada-em-300-mil-reais\/#breadcrumb","itemListElement":[{"@type":"ListItem","position":1,"name":"Home","item":"https:\/\/ubanews.com\/site\/"},{"@type":"ListItem","position":2,"name":"POL\u00cdCIA MILITAR RECUPERA CARRETA ROUBADA NO RIO DE JANEIRO COM CARGA AVALIADA EM 300 MIL REAIS"}]},{"@type":"WebSite","@id":"https:\/\/ubanews.com\/site\/#website","url":"https:\/\/ubanews.com\/site\/","name":"Ub\u00e1 News","description":"","publisher":{"@id":"https:\/\/ubanews.com\/site\/#organization"},"potentialAction":[{"@type":"SearchAction","target":{"@type":"EntryPoint","urlTemplate":"https:\/\/ubanews.com\/site\/?s={search_term_string}"},"query-input":{"@type":"PropertyValueSpecification","valueRequired":true,"valueName":"search_term_string"}}],"inLanguage":"pt-BR"},{"@type":"Organization","@id":"https:\/\/ubanews.com\/site\/#organization","name":"Ub\u00e1 News","url":"https:\/\/ubanews.com\/site\/","logo":{"@type":"ImageObject","inLanguage":"pt-BR","@id":"https:\/\/ubanews.com\/site\/#\/schema\/logo\/image\/","url":"https:\/\/ubanews.com\/site\/wp-content\/uploads\/2018\/01\/logoubanews.png","contentUrl":"https:\/\/ubanews.com\/site\/wp-content\/uploads\/2018\/01\/logoubanews.png","width":261,"height":99,"caption":"Ub\u00e1 News"},"image":{"@id":"https:\/\/ubanews.com\/site\/#\/schema\/logo\/image\/"},"sameAs":["https:\/\/www.facebook.com\/Ub\u00e1News-Carlos-Roberto-Sodr\u00e9-418778301977370"]},{"@type":"Person","@id":"https:\/\/ubanews.com\/site\/#\/schema\/person\/d90c9e47252fbb63dcc969fe4c8b9d10","name":"Sodr\u00e9","image":{"@type":"ImageObject","inLanguage":"pt-BR","@id":"https:\/\/secure.gravatar.com\/avatar\/5ba2793f0590b9dbfad3fdec4ee714485b3eef211c9b32ee53d414060454a56c?s=96&d=mm&r=g","url":"https:\/\/secure.gravatar.com\/avatar\/5ba2793f0590b9dbfad3fdec4ee714485b3eef211c9b32ee53d414060454a56c?s=96&d=mm&r=g","contentUrl":"https:\/\/secure.gravatar.com\/avatar\/5ba2793f0590b9dbfad3fdec4ee714485b3eef211c9b32ee53d414060454a56c?s=96&d=mm&r=g","caption":"Sodr\u00e9"},"sameAs":["https:\/\/www.facebook.com\/carosroberto.sodre.5\/"],"url":"https:\/\/ubanews.com\/site\/author\/felipe\/"}]}},"_links":{"self":[{"href":"https:\/\/ubanews.com\/site\/wp-json\/wp\/v2\/posts\/10186","targetHints":{"allow":["GET"]}}],"collection":[{"href":"https:\/\/ubanews.com\/site\/wp-json\/wp\/v2\/posts"}],"about":[{"href":"https:\/\/ubanews.com\/site\/wp-json\/wp\/v2\/types\/post"}],"author":[{"embeddable":true,"href":"https:\/\/ubanews.com\/site\/wp-json\/wp\/v2\/users\/2"}],"replies":[{"embeddable":true,"href":"https:\/\/ubanews.com\/site\/wp-json\/wp\/v2\/comments?post=10186"}],"version-history":[{"count":0,"href":"https:\/\/ubanews.com\/site\/wp-json\/wp\/v2\/posts\/10186\/revisions"}],"wp:featuredmedia":[{"embeddable":true,"href":"https:\/\/ubanews.com\/site\/wp-json\/wp\/v2\/media\/10187"}],"wp:attachment":[{"href":"https:\/\/ubanews.com\/site\/wp-json\/wp\/v2\/media?parent=10186"}],"wp:term":[{"taxonomy":"category","embeddable":true,"href":"https:\/\/ubanews.com\/site\/wp-json\/wp\/v2\/categories?post=10186"},{"taxonomy":"post_tag","embeddable":true,"href":"https:\/\/ubanews.com\/site\/wp-json\/wp\/v2\/tags?post=10186"}],"curies":[{"name":"wp","href":"https:\/\/api.w.org\/{rel}","templated":true}]}}