{"id":10154,"date":"2019-01-15T09:43:47","date_gmt":"2019-01-15T11:43:47","guid":{"rendered":"http:\/\/ubanews.com\/site\/?p=10154"},"modified":"2019-01-15T09:43:47","modified_gmt":"2019-01-15T11:43:47","slug":"apos-15-anos-esta-de-volta-o-desfile-das-escolas-de-samba-da-cidade","status":"publish","type":"post","link":"https:\/\/ubanews.com\/site\/2019\/01\/15\/apos-15-anos-esta-de-volta-o-desfile-das-escolas-de-samba-da-cidade\/","title":{"rendered":"Ap\u00f3s 15 anos, est\u00e1 de volta o desfile das Escolas de Samba da cidade"},"content":{"rendered":"<p style=\"font-weight: 400;\">A Prefeitura de Ub\u00e1, atrav\u00e9s da Secretaria Municipal de Cultura, abre oficialmente a programa\u00e7\u00e3o do Carnaval 2019 no dia 23 de fevereiro, com uma esperada novidade: ap\u00f3s quase 15 anos, est\u00e1 de volta&nbsp;o Desfile de Resgate das Escolas de Samba da cidade. O evento acontecer\u00e1 a uma semana do in\u00edcio oficial do Carnaval, com um dos prop\u00f3sitos de envolver toda a comunidade, inclusive as pessoas que aproveitam o feriado para viajar. Al\u00e9m do desfile, a programa\u00e7\u00e3o inclui ainda os tradicionais blocos carnavalescos da cidade, que recebem apoio da Prefeitura para irem \u00e0s ruas de 1\u00ba&nbsp;a 5 de mar\u00e7o, fazendo a alegria dos foli\u00f5es.<\/p>\n<p style=\"font-weight: 400;\">Al\u00e9m do apoio institucional dado \u00e0s escolas de samba, a Prefeitura ir\u00e1 disponibilizar a estrutura do local do desfile, na Avenida Beira-Rio (entre as ruas Isaura Resende e S\u00e3o Jos\u00e9), com arquibancada, grades, e som.&nbsp;As agremia\u00e7\u00f5es Imp\u00e9rio da Vila Casal, Unidos da Pra\u00e7a CEU\u2019s e Unidos do S\u00e3o Domingos ter\u00e3o a miss\u00e3o de levantar o povo no desfile, com suas baterias, fantasias e enredos j\u00e1 preparados com muita dedica\u00e7\u00e3o e suor das comunidades envolvidas.<\/p>\n<p style=\"font-weight: 400;\">Apesar da novidade do retorno das escolas de samba e o impacto desta boa not\u00edcia, o melhor est\u00e1 por vir: o investimento realizado no Carnaval 2019 ser\u00e1 40% menos que o de 2018, que por sua vez j\u00e1 era expressivamente menor que a m\u00e9dia dos \u00faltimos anos.&nbsp;<\/p>\n<p style=\"font-weight: 400;\">Tendo como foco a preocupa\u00e7\u00e3o de buscar a economia em todos os setores sem abrir m\u00e3o da qualidade da festa, a Prefeitura de Ub\u00e1 tamb\u00e9m promove seu papel social com o evento, envolvendo as comunidades em todas as atividades das escolas de samba, ensaios, esquentas, e demais atividades. \u00c9 mais uma forma de combater a viol\u00eancia e as drogas e valorizar as culturas e ra\u00edzes locais. Al\u00e9m disso, a festa movimenta a economia da cidade, gerando emprego e renda para o com\u00e9rcio e outros setores.<\/p>\n<p><strong>Assessoria de Comunica\u00e7\u00e3o Prefeitura Municipal de Ub\u00e1<\/strong><\/p>\n","protected":false},"excerpt":{"rendered":"<p>A Prefeitura de Ub\u00e1, atrav\u00e9s da Secretaria Municipal de Cultura,<\/p>\n","protected":false},"author":2,"featured_media":10155,"comment_status":"open","ping_status":"open","sticky":false,"template":"","format":"standard","meta":{"footnotes":""},"categories":[15],"tags":[],"class_list":["post-10154","post","type-post","status-publish","format-standard","has-post-thumbnail","hentry","category-prefeitura-municipal"],"yoast_head":"<!-- This site is optimized with the Yoast SEO plugin v27.2 - https:\/\/yoast.com\/product\/yoast-seo-wordpress\/ -->\n<title>Ap\u00f3s 15 anos, est\u00e1 de volta o desfile das Escolas de Samba da cidade - Ub\u00e1 News<\/title>\n<meta name=\"robots\" content=\"index, follow, max-snippet:-1, max-image-preview:large, max-video-preview:-1\" \/>\n<link rel=\"canonical\" href=\"https:\/\/ubanews.com\/site\/2019\/01\/15\/apos-15-anos-esta-de-volta-o-desfile-das-escolas-de-samba-da-cidade\/\" \/>\n<meta property=\"og:locale\" content=\"pt_BR\" \/>\n<meta property=\"og:type\" content=\"article\" \/>\n<meta property=\"og:title\" content=\"Ap\u00f3s 15 anos, est\u00e1 de volta o desfile das Escolas de Samba da cidade - Ub\u00e1 News\" \/>\n<meta property=\"og:description\" content=\"A Prefeitura de Ub\u00e1, atrav\u00e9s da Secretaria Municipal de Cultura,\" \/>\n<meta property=\"og:url\" content=\"https:\/\/ubanews.com\/site\/2019\/01\/15\/apos-15-anos-esta-de-volta-o-desfile-das-escolas-de-samba-da-cidade\/\" \/>\n<meta property=\"og:site_name\" content=\"Ub\u00e1 News\" \/>\n<meta property=\"article:publisher\" content=\"https:\/\/www.facebook.com\/Ub%c3%a1News-Carlos-Roberto-Sodr%c3%a9-418778301977370\" \/>\n<meta property=\"article:author\" content=\"https:\/\/www.facebook.com\/carosroberto.sodre.5\/\" \/>\n<meta property=\"article:published_time\" content=\"2019-01-15T11:43:47+00:00\" \/>\n<meta property=\"og:image\" content=\"https:\/\/ubanews.com\/site\/wp-content\/uploads\/2019\/01\/carnaval-PROG-POST.jpg\" \/>\n\t<meta property=\"og:image:width\" content=\"800\" \/>\n\t<meta property=\"og:image:height\" content=\"389\" \/>\n\t<meta property=\"og:image:type\" content=\"image\/jpeg\" \/>\n<meta name=\"author\" content=\"Sodr\u00e9\" \/>\n<meta name=\"twitter:card\" content=\"summary_large_image\" \/>\n<meta name=\"twitter:label1\" content=\"Escrito por\" \/>\n\t<meta name=\"twitter:data1\" content=\"Sodr\u00e9\" \/>\n\t<meta name=\"twitter:label2\" content=\"Est. tempo de leitura\" \/>\n\t<meta name=\"twitter:data2\" content=\"2 minutos\" \/>\n<script type=\"application\/ld+json\" class=\"yoast-schema-graph\">{\"@context\":\"https:\/\/schema.org\",\"@graph\":[{\"@type\":\"Article\",\"@id\":\"https:\/\/ubanews.com\/site\/2019\/01\/15\/apos-15-anos-esta-de-volta-o-desfile-das-escolas-de-samba-da-cidade\/#article\",\"isPartOf\":{\"@id\":\"https:\/\/ubanews.com\/site\/2019\/01\/15\/apos-15-anos-esta-de-volta-o-desfile-das-escolas-de-samba-da-cidade\/\"},\"author\":{\"name\":\"Sodr\u00e9\",\"@id\":\"https:\/\/ubanews.com\/site\/#\/schema\/person\/d90c9e47252fbb63dcc969fe4c8b9d10\"},\"headline\":\"Ap\u00f3s 15 anos, est\u00e1 de volta o desfile das Escolas de Samba da cidade\",\"datePublished\":\"2019-01-15T11:43:47+00:00\",\"mainEntityOfPage\":{\"@id\":\"https:\/\/ubanews.com\/site\/2019\/01\/15\/apos-15-anos-esta-de-volta-o-desfile-das-escolas-de-samba-da-cidade\/\"},\"wordCount\":357,\"commentCount\":0,\"publisher\":{\"@id\":\"https:\/\/ubanews.com\/site\/#organization\"},\"image\":{\"@id\":\"https:\/\/ubanews.com\/site\/2019\/01\/15\/apos-15-anos-esta-de-volta-o-desfile-das-escolas-de-samba-da-cidade\/#primaryimage\"},\"thumbnailUrl\":\"https:\/\/ubanews.com\/site\/wp-content\/uploads\/2019\/01\/carnaval-PROG-POST.jpg\",\"articleSection\":[\"Prefeitura Municipal\"],\"inLanguage\":\"pt-BR\",\"potentialAction\":[{\"@type\":\"CommentAction\",\"name\":\"Comment\",\"target\":[\"https:\/\/ubanews.com\/site\/2019\/01\/15\/apos-15-anos-esta-de-volta-o-desfile-das-escolas-de-samba-da-cidade\/#respond\"]}]},{\"@type\":\"WebPage\",\"@id\":\"https:\/\/ubanews.com\/site\/2019\/01\/15\/apos-15-anos-esta-de-volta-o-desfile-das-escolas-de-samba-da-cidade\/\",\"url\":\"https:\/\/ubanews.com\/site\/2019\/01\/15\/apos-15-anos-esta-de-volta-o-desfile-das-escolas-de-samba-da-cidade\/\",\"name\":\"Ap\u00f3s 15 anos, est\u00e1 de volta o desfile das Escolas de Samba da cidade - Ub\u00e1 News\",\"isPartOf\":{\"@id\":\"https:\/\/ubanews.com\/site\/#website\"},\"primaryImageOfPage\":{\"@id\":\"https:\/\/ubanews.com\/site\/2019\/01\/15\/apos-15-anos-esta-de-volta-o-desfile-das-escolas-de-samba-da-cidade\/#primaryimage\"},\"image\":{\"@id\":\"https:\/\/ubanews.com\/site\/2019\/01\/15\/apos-15-anos-esta-de-volta-o-desfile-das-escolas-de-samba-da-cidade\/#primaryimage\"},\"thumbnailUrl\":\"https:\/\/ubanews.com\/site\/wp-content\/uploads\/2019\/01\/carnaval-PROG-POST.jpg\",\"datePublished\":\"2019-01-15T11:43:47+00:00\",\"breadcrumb\":{\"@id\":\"https:\/\/ubanews.com\/site\/2019\/01\/15\/apos-15-anos-esta-de-volta-o-desfile-das-escolas-de-samba-da-cidade\/#breadcrumb\"},\"inLanguage\":\"pt-BR\",\"potentialAction\":[{\"@type\":\"ReadAction\",\"target\":[\"https:\/\/ubanews.com\/site\/2019\/01\/15\/apos-15-anos-esta-de-volta-o-desfile-das-escolas-de-samba-da-cidade\/\"]}]},{\"@type\":\"ImageObject\",\"inLanguage\":\"pt-BR\",\"@id\":\"https:\/\/ubanews.com\/site\/2019\/01\/15\/apos-15-anos-esta-de-volta-o-desfile-das-escolas-de-samba-da-cidade\/#primaryimage\",\"url\":\"https:\/\/ubanews.com\/site\/wp-content\/uploads\/2019\/01\/carnaval-PROG-POST.jpg\",\"contentUrl\":\"https:\/\/ubanews.com\/site\/wp-content\/uploads\/2019\/01\/carnaval-PROG-POST.jpg\",\"width\":800,\"height\":389},{\"@type\":\"BreadcrumbList\",\"@id\":\"https:\/\/ubanews.com\/site\/2019\/01\/15\/apos-15-anos-esta-de-volta-o-desfile-das-escolas-de-samba-da-cidade\/#breadcrumb\",\"itemListElement\":[{\"@type\":\"ListItem\",\"position\":1,\"name\":\"Home\",\"item\":\"https:\/\/ubanews.com\/site\/\"},{\"@type\":\"ListItem\",\"position\":2,\"name\":\"Ap\u00f3s 15 anos, est\u00e1 de volta o desfile das Escolas de Samba da cidade\"}]},{\"@type\":\"WebSite\",\"@id\":\"https:\/\/ubanews.com\/site\/#website\",\"url\":\"https:\/\/ubanews.com\/site\/\",\"name\":\"Ub\u00e1 News\",\"description\":\"\",\"publisher\":{\"@id\":\"https:\/\/ubanews.com\/site\/#organization\"},\"potentialAction\":[{\"@type\":\"SearchAction\",\"target\":{\"@type\":\"EntryPoint\",\"urlTemplate\":\"https:\/\/ubanews.com\/site\/?s={search_term_string}\"},\"query-input\":{\"@type\":\"PropertyValueSpecification\",\"valueRequired\":true,\"valueName\":\"search_term_string\"}}],\"inLanguage\":\"pt-BR\"},{\"@type\":\"Organization\",\"@id\":\"https:\/\/ubanews.com\/site\/#organization\",\"name\":\"Ub\u00e1 News\",\"url\":\"https:\/\/ubanews.com\/site\/\",\"logo\":{\"@type\":\"ImageObject\",\"inLanguage\":\"pt-BR\",\"@id\":\"https:\/\/ubanews.com\/site\/#\/schema\/logo\/image\/\",\"url\":\"https:\/\/ubanews.com\/site\/wp-content\/uploads\/2018\/01\/logoubanews.png\",\"contentUrl\":\"https:\/\/ubanews.com\/site\/wp-content\/uploads\/2018\/01\/logoubanews.png\",\"width\":261,\"height\":99,\"caption\":\"Ub\u00e1 News\"},\"image\":{\"@id\":\"https:\/\/ubanews.com\/site\/#\/schema\/logo\/image\/\"},\"sameAs\":[\"https:\/\/www.facebook.com\/Ub\u00e1News-Carlos-Roberto-Sodr\u00e9-418778301977370\"]},{\"@type\":\"Person\",\"@id\":\"https:\/\/ubanews.com\/site\/#\/schema\/person\/d90c9e47252fbb63dcc969fe4c8b9d10\",\"name\":\"Sodr\u00e9\",\"image\":{\"@type\":\"ImageObject\",\"inLanguage\":\"pt-BR\",\"@id\":\"https:\/\/secure.gravatar.com\/avatar\/5ba2793f0590b9dbfad3fdec4ee714485b3eef211c9b32ee53d414060454a56c?s=96&d=mm&r=g\",\"url\":\"https:\/\/secure.gravatar.com\/avatar\/5ba2793f0590b9dbfad3fdec4ee714485b3eef211c9b32ee53d414060454a56c?s=96&d=mm&r=g\",\"contentUrl\":\"https:\/\/secure.gravatar.com\/avatar\/5ba2793f0590b9dbfad3fdec4ee714485b3eef211c9b32ee53d414060454a56c?s=96&d=mm&r=g\",\"caption\":\"Sodr\u00e9\"},\"sameAs\":[\"https:\/\/www.facebook.com\/carosroberto.sodre.5\/\"],\"url\":\"https:\/\/ubanews.com\/site\/author\/felipe\/\"}]}<\/script>\n<!-- \/ Yoast SEO plugin. -->","yoast_head_json":{"title":"Ap\u00f3s 15 anos, est\u00e1 de volta o desfile das Escolas de Samba da cidade - Ub\u00e1 News","robots":{"index":"index","follow":"follow","max-snippet":"max-snippet:-1","max-image-preview":"max-image-preview:large","max-video-preview":"max-video-preview:-1"},"canonical":"https:\/\/ubanews.com\/site\/2019\/01\/15\/apos-15-anos-esta-de-volta-o-desfile-das-escolas-de-samba-da-cidade\/","og_locale":"pt_BR","og_type":"article","og_title":"Ap\u00f3s 15 anos, est\u00e1 de volta o desfile das Escolas de Samba da cidade - Ub\u00e1 News","og_description":"A Prefeitura de Ub\u00e1, atrav\u00e9s da Secretaria Municipal de Cultura,","og_url":"https:\/\/ubanews.com\/site\/2019\/01\/15\/apos-15-anos-esta-de-volta-o-desfile-das-escolas-de-samba-da-cidade\/","og_site_name":"Ub\u00e1 News","article_publisher":"https:\/\/www.facebook.com\/Ub%c3%a1News-Carlos-Roberto-Sodr%c3%a9-418778301977370","article_author":"https:\/\/www.facebook.com\/carosroberto.sodre.5\/","article_published_time":"2019-01-15T11:43:47+00:00","og_image":[{"width":800,"height":389,"url":"https:\/\/ubanews.com\/site\/wp-content\/uploads\/2019\/01\/carnaval-PROG-POST.jpg","type":"image\/jpeg"}],"author":"Sodr\u00e9","twitter_card":"summary_large_image","twitter_misc":{"Escrito por":"Sodr\u00e9","Est. tempo de leitura":"2 minutos"},"schema":{"@context":"https:\/\/schema.org","@graph":[{"@type":"Article","@id":"https:\/\/ubanews.com\/site\/2019\/01\/15\/apos-15-anos-esta-de-volta-o-desfile-das-escolas-de-samba-da-cidade\/#article","isPartOf":{"@id":"https:\/\/ubanews.com\/site\/2019\/01\/15\/apos-15-anos-esta-de-volta-o-desfile-das-escolas-de-samba-da-cidade\/"},"author":{"name":"Sodr\u00e9","@id":"https:\/\/ubanews.com\/site\/#\/schema\/person\/d90c9e47252fbb63dcc969fe4c8b9d10"},"headline":"Ap\u00f3s 15 anos, est\u00e1 de volta o desfile das Escolas de Samba da cidade","datePublished":"2019-01-15T11:43:47+00:00","mainEntityOfPage":{"@id":"https:\/\/ubanews.com\/site\/2019\/01\/15\/apos-15-anos-esta-de-volta-o-desfile-das-escolas-de-samba-da-cidade\/"},"wordCount":357,"commentCount":0,"publisher":{"@id":"https:\/\/ubanews.com\/site\/#organization"},"image":{"@id":"https:\/\/ubanews.com\/site\/2019\/01\/15\/apos-15-anos-esta-de-volta-o-desfile-das-escolas-de-samba-da-cidade\/#primaryimage"},"thumbnailUrl":"https:\/\/ubanews.com\/site\/wp-content\/uploads\/2019\/01\/carnaval-PROG-POST.jpg","articleSection":["Prefeitura Municipal"],"inLanguage":"pt-BR","potentialAction":[{"@type":"CommentAction","name":"Comment","target":["https:\/\/ubanews.com\/site\/2019\/01\/15\/apos-15-anos-esta-de-volta-o-desfile-das-escolas-de-samba-da-cidade\/#respond"]}]},{"@type":"WebPage","@id":"https:\/\/ubanews.com\/site\/2019\/01\/15\/apos-15-anos-esta-de-volta-o-desfile-das-escolas-de-samba-da-cidade\/","url":"https:\/\/ubanews.com\/site\/2019\/01\/15\/apos-15-anos-esta-de-volta-o-desfile-das-escolas-de-samba-da-cidade\/","name":"Ap\u00f3s 15 anos, est\u00e1 de volta o desfile das Escolas de Samba da cidade - Ub\u00e1 News","isPartOf":{"@id":"https:\/\/ubanews.com\/site\/#website"},"primaryImageOfPage":{"@id":"https:\/\/ubanews.com\/site\/2019\/01\/15\/apos-15-anos-esta-de-volta-o-desfile-das-escolas-de-samba-da-cidade\/#primaryimage"},"image":{"@id":"https:\/\/ubanews.com\/site\/2019\/01\/15\/apos-15-anos-esta-de-volta-o-desfile-das-escolas-de-samba-da-cidade\/#primaryimage"},"thumbnailUrl":"https:\/\/ubanews.com\/site\/wp-content\/uploads\/2019\/01\/carnaval-PROG-POST.jpg","datePublished":"2019-01-15T11:43:47+00:00","breadcrumb":{"@id":"https:\/\/ubanews.com\/site\/2019\/01\/15\/apos-15-anos-esta-de-volta-o-desfile-das-escolas-de-samba-da-cidade\/#breadcrumb"},"inLanguage":"pt-BR","potentialAction":[{"@type":"ReadAction","target":["https:\/\/ubanews.com\/site\/2019\/01\/15\/apos-15-anos-esta-de-volta-o-desfile-das-escolas-de-samba-da-cidade\/"]}]},{"@type":"ImageObject","inLanguage":"pt-BR","@id":"https:\/\/ubanews.com\/site\/2019\/01\/15\/apos-15-anos-esta-de-volta-o-desfile-das-escolas-de-samba-da-cidade\/#primaryimage","url":"https:\/\/ubanews.com\/site\/wp-content\/uploads\/2019\/01\/carnaval-PROG-POST.jpg","contentUrl":"https:\/\/ubanews.com\/site\/wp-content\/uploads\/2019\/01\/carnaval-PROG-POST.jpg","width":800,"height":389},{"@type":"BreadcrumbList","@id":"https:\/\/ubanews.com\/site\/2019\/01\/15\/apos-15-anos-esta-de-volta-o-desfile-das-escolas-de-samba-da-cidade\/#breadcrumb","itemListElement":[{"@type":"ListItem","position":1,"name":"Home","item":"https:\/\/ubanews.com\/site\/"},{"@type":"ListItem","position":2,"name":"Ap\u00f3s 15 anos, est\u00e1 de volta o desfile das Escolas de Samba da cidade"}]},{"@type":"WebSite","@id":"https:\/\/ubanews.com\/site\/#website","url":"https:\/\/ubanews.com\/site\/","name":"Ub\u00e1 News","description":"","publisher":{"@id":"https:\/\/ubanews.com\/site\/#organization"},"potentialAction":[{"@type":"SearchAction","target":{"@type":"EntryPoint","urlTemplate":"https:\/\/ubanews.com\/site\/?s={search_term_string}"},"query-input":{"@type":"PropertyValueSpecification","valueRequired":true,"valueName":"search_term_string"}}],"inLanguage":"pt-BR"},{"@type":"Organization","@id":"https:\/\/ubanews.com\/site\/#organization","name":"Ub\u00e1 News","url":"https:\/\/ubanews.com\/site\/","logo":{"@type":"ImageObject","inLanguage":"pt-BR","@id":"https:\/\/ubanews.com\/site\/#\/schema\/logo\/image\/","url":"https:\/\/ubanews.com\/site\/wp-content\/uploads\/2018\/01\/logoubanews.png","contentUrl":"https:\/\/ubanews.com\/site\/wp-content\/uploads\/2018\/01\/logoubanews.png","width":261,"height":99,"caption":"Ub\u00e1 News"},"image":{"@id":"https:\/\/ubanews.com\/site\/#\/schema\/logo\/image\/"},"sameAs":["https:\/\/www.facebook.com\/Ub\u00e1News-Carlos-Roberto-Sodr\u00e9-418778301977370"]},{"@type":"Person","@id":"https:\/\/ubanews.com\/site\/#\/schema\/person\/d90c9e47252fbb63dcc969fe4c8b9d10","name":"Sodr\u00e9","image":{"@type":"ImageObject","inLanguage":"pt-BR","@id":"https:\/\/secure.gravatar.com\/avatar\/5ba2793f0590b9dbfad3fdec4ee714485b3eef211c9b32ee53d414060454a56c?s=96&d=mm&r=g","url":"https:\/\/secure.gravatar.com\/avatar\/5ba2793f0590b9dbfad3fdec4ee714485b3eef211c9b32ee53d414060454a56c?s=96&d=mm&r=g","contentUrl":"https:\/\/secure.gravatar.com\/avatar\/5ba2793f0590b9dbfad3fdec4ee714485b3eef211c9b32ee53d414060454a56c?s=96&d=mm&r=g","caption":"Sodr\u00e9"},"sameAs":["https:\/\/www.facebook.com\/carosroberto.sodre.5\/"],"url":"https:\/\/ubanews.com\/site\/author\/felipe\/"}]}},"_links":{"self":[{"href":"https:\/\/ubanews.com\/site\/wp-json\/wp\/v2\/posts\/10154","targetHints":{"allow":["GET"]}}],"collection":[{"href":"https:\/\/ubanews.com\/site\/wp-json\/wp\/v2\/posts"}],"about":[{"href":"https:\/\/ubanews.com\/site\/wp-json\/wp\/v2\/types\/post"}],"author":[{"embeddable":true,"href":"https:\/\/ubanews.com\/site\/wp-json\/wp\/v2\/users\/2"}],"replies":[{"embeddable":true,"href":"https:\/\/ubanews.com\/site\/wp-json\/wp\/v2\/comments?post=10154"}],"version-history":[{"count":0,"href":"https:\/\/ubanews.com\/site\/wp-json\/wp\/v2\/posts\/10154\/revisions"}],"wp:featuredmedia":[{"embeddable":true,"href":"https:\/\/ubanews.com\/site\/wp-json\/wp\/v2\/media\/10155"}],"wp:attachment":[{"href":"https:\/\/ubanews.com\/site\/wp-json\/wp\/v2\/media?parent=10154"}],"wp:term":[{"taxonomy":"category","embeddable":true,"href":"https:\/\/ubanews.com\/site\/wp-json\/wp\/v2\/categories?post=10154"},{"taxonomy":"post_tag","embeddable":true,"href":"https:\/\/ubanews.com\/site\/wp-json\/wp\/v2\/tags?post=10154"}],"curies":[{"name":"wp","href":"https:\/\/api.w.org\/{rel}","templated":true}]}}