{"id":10142,"date":"2019-01-14T09:56:37","date_gmt":"2019-01-14T11:56:37","guid":{"rendered":"http:\/\/ubanews.com\/site\/?p=10142"},"modified":"2019-01-14T09:58:25","modified_gmt":"2019-01-14T11:58:25","slug":"detalhes-completo-sobre-a-prisao-em-flagrante-da-engenheira-com-12-quilos-de-cocaina-em-alem-paraiba","status":"publish","type":"post","link":"https:\/\/ubanews.com\/site\/2019\/01\/14\/detalhes-completo-sobre-a-prisao-em-flagrante-da-engenheira-com-12-quilos-de-cocaina-em-alem-paraiba\/","title":{"rendered":"Detalhes completo sobre a pris\u00e3o em flagrante da Engenheira com 12 quilos de coca\u00edna em Al\u00e9m Para\u00edba"},"content":{"rendered":"<p>Na \u00faltima sexta-feira (11), ap\u00f3s investiga\u00e7\u00f5es, a Pol\u00edcia Civil prendeu&nbsp;<br \/>\nem flagrante, na cidade de Al\u00e9m Para\u00edba, um homem de 32 anos e uma&nbsp;<br \/>\nmulher de 33 anos, por tr\u00e1fico de drogas. Eles foram localizados em um&nbsp;<br \/>\nposto situado \u00e0s margens da BR- 116 com aproximadamente 12 quilos de&nbsp;<br \/>\ncoca\u00edna. A droga estava escondida no porta-malas de um ve\u00edculo, em um&nbsp;<br \/>\nfundo falso.<\/p>\n<p><a href=\"https:\/\/ubanews.com\/site\/wp-content\/uploads\/2019\/01\/aa2ca59f-d4dd-4ae8-ae9e-b3a54738d336.jpg\"><img decoding=\"async\" class=\"alignnone wp-image-10133 size-full lazyload\" data-src=\"https:\/\/ubanews.com\/site\/wp-content\/uploads\/2019\/01\/aa2ca59f-d4dd-4ae8-ae9e-b3a54738d336.jpg\" alt=\"\" width=\"800\" height=\"600\" data-srcset=\"https:\/\/ubanews.com\/site\/wp-content\/uploads\/2019\/01\/aa2ca59f-d4dd-4ae8-ae9e-b3a54738d336.jpg 800w, https:\/\/ubanews.com\/site\/wp-content\/uploads\/2019\/01\/aa2ca59f-d4dd-4ae8-ae9e-b3a54738d336-300x225.jpg 300w, https:\/\/ubanews.com\/site\/wp-content\/uploads\/2019\/01\/aa2ca59f-d4dd-4ae8-ae9e-b3a54738d336-768x576.jpg 768w\" data-sizes=\"(max-width: 800px) 100vw, 800px\" src=\"data:image\/svg+xml;base64,PHN2ZyB3aWR0aD0iMSIgaGVpZ2h0PSIxIiB4bWxucz0iaHR0cDovL3d3dy53My5vcmcvMjAwMC9zdmciPjwvc3ZnPg==\" style=\"--smush-placeholder-width: 800px; --smush-placeholder-aspect-ratio: 800\/600;\" \/><\/a><\/p>\n<p>No local, tamb\u00e9m foram apreendidos a quantia de R$2.350, tr\u00eas&nbsp;<br \/>\ncomprovantes de dep\u00f3sito no valor de R$2.000, dois aparelhos celulares,&nbsp;<br \/>\numa folha de cheque em branco, dois comprovantes de ped\u00e1gio e dois&nbsp;<br \/>\nve\u00edculos. A a\u00e7\u00e3o foi poss\u00edvel, ap\u00f3s dilig\u00eancias realizadas pelas equipes&nbsp;<br \/>\nde policiais civis das cidades de Al\u00e9m Para\u00edba, de Leopoldina e de&nbsp;<br \/>\nCataguases que culminaram no monitoramento da rodovia &#8211; da cidade de&nbsp;<br \/>\nCataguases at\u00e9 a cidade Al\u00e9m Para\u00edba- para abordagem dos investigados.<\/p>\n<p>Investiga\u00e7\u00f5es apontam que o homem preso nessa a\u00e7\u00e3o estaria envolvido no&nbsp;<br \/>\ntr\u00e1fico drogas na cidade de Leopoldina e em munic\u00edpios da regi\u00e3o, entre&nbsp;<br \/>\neles, Pira\u00faba, Guidoval e Cataguases.<\/p>\n<p>Os suspeitos foram conduzidos \u00e0 unidade prisional e se encontram \u00e0&nbsp;<br \/>\ndisposi\u00e7\u00e3o da Justi\u00e7a.<\/p>\n<p><strong>Informa\u00e7\u00f5es da Assessoria de Comunica\u00e7\u00e3o da Pol\u00edcia Civil do Estado de Minas Gerais<\/strong><\/p>\n","protected":false},"excerpt":{"rendered":"<p>Na \u00faltima sexta-feira (11), ap\u00f3s investiga\u00e7\u00f5es, a Pol\u00edcia Civil prendeu&nbsp;<\/p>\n","protected":false},"author":2,"featured_media":10143,"comment_status":"open","ping_status":"open","sticky":false,"template":"","format":"standard","meta":{"footnotes":""},"categories":[1],"tags":[],"class_list":["post-10142","post","type-post","status-publish","format-standard","has-post-thumbnail","hentry","category-sem-categoria"],"yoast_head":"<!-- This site is optimized with the Yoast SEO plugin v27.2 - https:\/\/yoast.com\/product\/yoast-seo-wordpress\/ -->\n<title>Detalhes completo sobre a pris\u00e3o em flagrante da Engenheira com 12 quilos de coca\u00edna em Al\u00e9m Para\u00edba - Ub\u00e1 News<\/title>\n<meta name=\"robots\" content=\"index, follow, max-snippet:-1, max-image-preview:large, max-video-preview:-1\" \/>\n<link rel=\"canonical\" href=\"https:\/\/ubanews.com\/site\/2019\/01\/14\/detalhes-completo-sobre-a-prisao-em-flagrante-da-engenheira-com-12-quilos-de-cocaina-em-alem-paraiba\/\" \/>\n<meta property=\"og:locale\" content=\"pt_BR\" \/>\n<meta property=\"og:type\" content=\"article\" \/>\n<meta property=\"og:title\" content=\"Detalhes completo sobre a pris\u00e3o em flagrante da Engenheira com 12 quilos de coca\u00edna em Al\u00e9m Para\u00edba - Ub\u00e1 News\" \/>\n<meta property=\"og:description\" content=\"Na \u00faltima sexta-feira (11), ap\u00f3s investiga\u00e7\u00f5es, a Pol\u00edcia Civil prendeu&nbsp;\" \/>\n<meta property=\"og:url\" content=\"https:\/\/ubanews.com\/site\/2019\/01\/14\/detalhes-completo-sobre-a-prisao-em-flagrante-da-engenheira-com-12-quilos-de-cocaina-em-alem-paraiba\/\" \/>\n<meta property=\"og:site_name\" content=\"Ub\u00e1 News\" \/>\n<meta property=\"article:publisher\" content=\"https:\/\/www.facebook.com\/Ub%c3%a1News-Carlos-Roberto-Sodr%c3%a9-418778301977370\" \/>\n<meta property=\"article:author\" content=\"https:\/\/www.facebook.com\/carosroberto.sodre.5\/\" \/>\n<meta property=\"article:published_time\" content=\"2019-01-14T11:56:37+00:00\" \/>\n<meta property=\"article:modified_time\" content=\"2019-01-14T11:58:25+00:00\" \/>\n<meta property=\"og:image\" content=\"https:\/\/ubanews.com\/site\/wp-content\/uploads\/2019\/01\/01020002.00_03_05_29.Quadro003-1.jpg\" \/>\n\t<meta property=\"og:image:width\" content=\"800\" \/>\n\t<meta property=\"og:image:height\" content=\"389\" \/>\n\t<meta property=\"og:image:type\" content=\"image\/jpeg\" \/>\n<meta name=\"author\" content=\"Sodr\u00e9\" \/>\n<meta name=\"twitter:card\" content=\"summary_large_image\" \/>\n<meta name=\"twitter:label1\" content=\"Escrito por\" \/>\n\t<meta name=\"twitter:data1\" content=\"Sodr\u00e9\" \/>\n\t<meta name=\"twitter:label2\" content=\"Est. tempo de leitura\" \/>\n\t<meta name=\"twitter:data2\" content=\"1 minuto\" \/>\n<script type=\"application\/ld+json\" class=\"yoast-schema-graph\">{\"@context\":\"https:\/\/schema.org\",\"@graph\":[{\"@type\":\"Article\",\"@id\":\"https:\/\/ubanews.com\/site\/2019\/01\/14\/detalhes-completo-sobre-a-prisao-em-flagrante-da-engenheira-com-12-quilos-de-cocaina-em-alem-paraiba\/#article\",\"isPartOf\":{\"@id\":\"https:\/\/ubanews.com\/site\/2019\/01\/14\/detalhes-completo-sobre-a-prisao-em-flagrante-da-engenheira-com-12-quilos-de-cocaina-em-alem-paraiba\/\"},\"author\":{\"name\":\"Sodr\u00e9\",\"@id\":\"https:\/\/ubanews.com\/site\/#\/schema\/person\/d90c9e47252fbb63dcc969fe4c8b9d10\"},\"headline\":\"Detalhes completo sobre a pris\u00e3o em flagrante da Engenheira com 12 quilos de coca\u00edna em Al\u00e9m Para\u00edba\",\"datePublished\":\"2019-01-14T11:56:37+00:00\",\"dateModified\":\"2019-01-14T11:58:25+00:00\",\"mainEntityOfPage\":{\"@id\":\"https:\/\/ubanews.com\/site\/2019\/01\/14\/detalhes-completo-sobre-a-prisao-em-flagrante-da-engenheira-com-12-quilos-de-cocaina-em-alem-paraiba\/\"},\"wordCount\":252,\"commentCount\":1,\"publisher\":{\"@id\":\"https:\/\/ubanews.com\/site\/#organization\"},\"image\":{\"@id\":\"https:\/\/ubanews.com\/site\/2019\/01\/14\/detalhes-completo-sobre-a-prisao-em-flagrante-da-engenheira-com-12-quilos-de-cocaina-em-alem-paraiba\/#primaryimage\"},\"thumbnailUrl\":\"https:\/\/ubanews.com\/site\/wp-content\/uploads\/2019\/01\/01020002.00_03_05_29.Quadro003-1.jpg\",\"articleSection\":[\"Geral\"],\"inLanguage\":\"pt-BR\",\"potentialAction\":[{\"@type\":\"CommentAction\",\"name\":\"Comment\",\"target\":[\"https:\/\/ubanews.com\/site\/2019\/01\/14\/detalhes-completo-sobre-a-prisao-em-flagrante-da-engenheira-com-12-quilos-de-cocaina-em-alem-paraiba\/#respond\"]}]},{\"@type\":\"WebPage\",\"@id\":\"https:\/\/ubanews.com\/site\/2019\/01\/14\/detalhes-completo-sobre-a-prisao-em-flagrante-da-engenheira-com-12-quilos-de-cocaina-em-alem-paraiba\/\",\"url\":\"https:\/\/ubanews.com\/site\/2019\/01\/14\/detalhes-completo-sobre-a-prisao-em-flagrante-da-engenheira-com-12-quilos-de-cocaina-em-alem-paraiba\/\",\"name\":\"Detalhes completo sobre a pris\u00e3o em flagrante da Engenheira com 12 quilos de coca\u00edna em Al\u00e9m Para\u00edba - Ub\u00e1 News\",\"isPartOf\":{\"@id\":\"https:\/\/ubanews.com\/site\/#website\"},\"primaryImageOfPage\":{\"@id\":\"https:\/\/ubanews.com\/site\/2019\/01\/14\/detalhes-completo-sobre-a-prisao-em-flagrante-da-engenheira-com-12-quilos-de-cocaina-em-alem-paraiba\/#primaryimage\"},\"image\":{\"@id\":\"https:\/\/ubanews.com\/site\/2019\/01\/14\/detalhes-completo-sobre-a-prisao-em-flagrante-da-engenheira-com-12-quilos-de-cocaina-em-alem-paraiba\/#primaryimage\"},\"thumbnailUrl\":\"https:\/\/ubanews.com\/site\/wp-content\/uploads\/2019\/01\/01020002.00_03_05_29.Quadro003-1.jpg\",\"datePublished\":\"2019-01-14T11:56:37+00:00\",\"dateModified\":\"2019-01-14T11:58:25+00:00\",\"breadcrumb\":{\"@id\":\"https:\/\/ubanews.com\/site\/2019\/01\/14\/detalhes-completo-sobre-a-prisao-em-flagrante-da-engenheira-com-12-quilos-de-cocaina-em-alem-paraiba\/#breadcrumb\"},\"inLanguage\":\"pt-BR\",\"potentialAction\":[{\"@type\":\"ReadAction\",\"target\":[\"https:\/\/ubanews.com\/site\/2019\/01\/14\/detalhes-completo-sobre-a-prisao-em-flagrante-da-engenheira-com-12-quilos-de-cocaina-em-alem-paraiba\/\"]}]},{\"@type\":\"ImageObject\",\"inLanguage\":\"pt-BR\",\"@id\":\"https:\/\/ubanews.com\/site\/2019\/01\/14\/detalhes-completo-sobre-a-prisao-em-flagrante-da-engenheira-com-12-quilos-de-cocaina-em-alem-paraiba\/#primaryimage\",\"url\":\"https:\/\/ubanews.com\/site\/wp-content\/uploads\/2019\/01\/01020002.00_03_05_29.Quadro003-1.jpg\",\"contentUrl\":\"https:\/\/ubanews.com\/site\/wp-content\/uploads\/2019\/01\/01020002.00_03_05_29.Quadro003-1.jpg\",\"width\":800,\"height\":389},{\"@type\":\"BreadcrumbList\",\"@id\":\"https:\/\/ubanews.com\/site\/2019\/01\/14\/detalhes-completo-sobre-a-prisao-em-flagrante-da-engenheira-com-12-quilos-de-cocaina-em-alem-paraiba\/#breadcrumb\",\"itemListElement\":[{\"@type\":\"ListItem\",\"position\":1,\"name\":\"Home\",\"item\":\"https:\/\/ubanews.com\/site\/\"},{\"@type\":\"ListItem\",\"position\":2,\"name\":\"Detalhes completo sobre a pris\u00e3o em flagrante da Engenheira com 12 quilos de coca\u00edna em Al\u00e9m Para\u00edba\"}]},{\"@type\":\"WebSite\",\"@id\":\"https:\/\/ubanews.com\/site\/#website\",\"url\":\"https:\/\/ubanews.com\/site\/\",\"name\":\"Ub\u00e1 News\",\"description\":\"\",\"publisher\":{\"@id\":\"https:\/\/ubanews.com\/site\/#organization\"},\"potentialAction\":[{\"@type\":\"SearchAction\",\"target\":{\"@type\":\"EntryPoint\",\"urlTemplate\":\"https:\/\/ubanews.com\/site\/?s={search_term_string}\"},\"query-input\":{\"@type\":\"PropertyValueSpecification\",\"valueRequired\":true,\"valueName\":\"search_term_string\"}}],\"inLanguage\":\"pt-BR\"},{\"@type\":\"Organization\",\"@id\":\"https:\/\/ubanews.com\/site\/#organization\",\"name\":\"Ub\u00e1 News\",\"url\":\"https:\/\/ubanews.com\/site\/\",\"logo\":{\"@type\":\"ImageObject\",\"inLanguage\":\"pt-BR\",\"@id\":\"https:\/\/ubanews.com\/site\/#\/schema\/logo\/image\/\",\"url\":\"https:\/\/ubanews.com\/site\/wp-content\/uploads\/2018\/01\/logoubanews.png\",\"contentUrl\":\"https:\/\/ubanews.com\/site\/wp-content\/uploads\/2018\/01\/logoubanews.png\",\"width\":261,\"height\":99,\"caption\":\"Ub\u00e1 News\"},\"image\":{\"@id\":\"https:\/\/ubanews.com\/site\/#\/schema\/logo\/image\/\"},\"sameAs\":[\"https:\/\/www.facebook.com\/Ub\u00e1News-Carlos-Roberto-Sodr\u00e9-418778301977370\"]},{\"@type\":\"Person\",\"@id\":\"https:\/\/ubanews.com\/site\/#\/schema\/person\/d90c9e47252fbb63dcc969fe4c8b9d10\",\"name\":\"Sodr\u00e9\",\"image\":{\"@type\":\"ImageObject\",\"inLanguage\":\"pt-BR\",\"@id\":\"https:\/\/secure.gravatar.com\/avatar\/5ba2793f0590b9dbfad3fdec4ee714485b3eef211c9b32ee53d414060454a56c?s=96&d=mm&r=g\",\"url\":\"https:\/\/secure.gravatar.com\/avatar\/5ba2793f0590b9dbfad3fdec4ee714485b3eef211c9b32ee53d414060454a56c?s=96&d=mm&r=g\",\"contentUrl\":\"https:\/\/secure.gravatar.com\/avatar\/5ba2793f0590b9dbfad3fdec4ee714485b3eef211c9b32ee53d414060454a56c?s=96&d=mm&r=g\",\"caption\":\"Sodr\u00e9\"},\"sameAs\":[\"https:\/\/www.facebook.com\/carosroberto.sodre.5\/\"],\"url\":\"https:\/\/ubanews.com\/site\/author\/felipe\/\"}]}<\/script>\n<!-- \/ Yoast SEO plugin. -->","yoast_head_json":{"title":"Detalhes completo sobre a pris\u00e3o em flagrante da Engenheira com 12 quilos de coca\u00edna em Al\u00e9m Para\u00edba - Ub\u00e1 News","robots":{"index":"index","follow":"follow","max-snippet":"max-snippet:-1","max-image-preview":"max-image-preview:large","max-video-preview":"max-video-preview:-1"},"canonical":"https:\/\/ubanews.com\/site\/2019\/01\/14\/detalhes-completo-sobre-a-prisao-em-flagrante-da-engenheira-com-12-quilos-de-cocaina-em-alem-paraiba\/","og_locale":"pt_BR","og_type":"article","og_title":"Detalhes completo sobre a pris\u00e3o em flagrante da Engenheira com 12 quilos de coca\u00edna em Al\u00e9m Para\u00edba - Ub\u00e1 News","og_description":"Na \u00faltima sexta-feira (11), ap\u00f3s investiga\u00e7\u00f5es, a Pol\u00edcia Civil prendeu&nbsp;","og_url":"https:\/\/ubanews.com\/site\/2019\/01\/14\/detalhes-completo-sobre-a-prisao-em-flagrante-da-engenheira-com-12-quilos-de-cocaina-em-alem-paraiba\/","og_site_name":"Ub\u00e1 News","article_publisher":"https:\/\/www.facebook.com\/Ub%c3%a1News-Carlos-Roberto-Sodr%c3%a9-418778301977370","article_author":"https:\/\/www.facebook.com\/carosroberto.sodre.5\/","article_published_time":"2019-01-14T11:56:37+00:00","article_modified_time":"2019-01-14T11:58:25+00:00","og_image":[{"width":800,"height":389,"url":"https:\/\/ubanews.com\/site\/wp-content\/uploads\/2019\/01\/01020002.00_03_05_29.Quadro003-1.jpg","type":"image\/jpeg"}],"author":"Sodr\u00e9","twitter_card":"summary_large_image","twitter_misc":{"Escrito por":"Sodr\u00e9","Est. tempo de leitura":"1 minuto"},"schema":{"@context":"https:\/\/schema.org","@graph":[{"@type":"Article","@id":"https:\/\/ubanews.com\/site\/2019\/01\/14\/detalhes-completo-sobre-a-prisao-em-flagrante-da-engenheira-com-12-quilos-de-cocaina-em-alem-paraiba\/#article","isPartOf":{"@id":"https:\/\/ubanews.com\/site\/2019\/01\/14\/detalhes-completo-sobre-a-prisao-em-flagrante-da-engenheira-com-12-quilos-de-cocaina-em-alem-paraiba\/"},"author":{"name":"Sodr\u00e9","@id":"https:\/\/ubanews.com\/site\/#\/schema\/person\/d90c9e47252fbb63dcc969fe4c8b9d10"},"headline":"Detalhes completo sobre a pris\u00e3o em flagrante da Engenheira com 12 quilos de coca\u00edna em Al\u00e9m Para\u00edba","datePublished":"2019-01-14T11:56:37+00:00","dateModified":"2019-01-14T11:58:25+00:00","mainEntityOfPage":{"@id":"https:\/\/ubanews.com\/site\/2019\/01\/14\/detalhes-completo-sobre-a-prisao-em-flagrante-da-engenheira-com-12-quilos-de-cocaina-em-alem-paraiba\/"},"wordCount":252,"commentCount":1,"publisher":{"@id":"https:\/\/ubanews.com\/site\/#organization"},"image":{"@id":"https:\/\/ubanews.com\/site\/2019\/01\/14\/detalhes-completo-sobre-a-prisao-em-flagrante-da-engenheira-com-12-quilos-de-cocaina-em-alem-paraiba\/#primaryimage"},"thumbnailUrl":"https:\/\/ubanews.com\/site\/wp-content\/uploads\/2019\/01\/01020002.00_03_05_29.Quadro003-1.jpg","articleSection":["Geral"],"inLanguage":"pt-BR","potentialAction":[{"@type":"CommentAction","name":"Comment","target":["https:\/\/ubanews.com\/site\/2019\/01\/14\/detalhes-completo-sobre-a-prisao-em-flagrante-da-engenheira-com-12-quilos-de-cocaina-em-alem-paraiba\/#respond"]}]},{"@type":"WebPage","@id":"https:\/\/ubanews.com\/site\/2019\/01\/14\/detalhes-completo-sobre-a-prisao-em-flagrante-da-engenheira-com-12-quilos-de-cocaina-em-alem-paraiba\/","url":"https:\/\/ubanews.com\/site\/2019\/01\/14\/detalhes-completo-sobre-a-prisao-em-flagrante-da-engenheira-com-12-quilos-de-cocaina-em-alem-paraiba\/","name":"Detalhes completo sobre a pris\u00e3o em flagrante da Engenheira com 12 quilos de coca\u00edna em Al\u00e9m Para\u00edba - Ub\u00e1 News","isPartOf":{"@id":"https:\/\/ubanews.com\/site\/#website"},"primaryImageOfPage":{"@id":"https:\/\/ubanews.com\/site\/2019\/01\/14\/detalhes-completo-sobre-a-prisao-em-flagrante-da-engenheira-com-12-quilos-de-cocaina-em-alem-paraiba\/#primaryimage"},"image":{"@id":"https:\/\/ubanews.com\/site\/2019\/01\/14\/detalhes-completo-sobre-a-prisao-em-flagrante-da-engenheira-com-12-quilos-de-cocaina-em-alem-paraiba\/#primaryimage"},"thumbnailUrl":"https:\/\/ubanews.com\/site\/wp-content\/uploads\/2019\/01\/01020002.00_03_05_29.Quadro003-1.jpg","datePublished":"2019-01-14T11:56:37+00:00","dateModified":"2019-01-14T11:58:25+00:00","breadcrumb":{"@id":"https:\/\/ubanews.com\/site\/2019\/01\/14\/detalhes-completo-sobre-a-prisao-em-flagrante-da-engenheira-com-12-quilos-de-cocaina-em-alem-paraiba\/#breadcrumb"},"inLanguage":"pt-BR","potentialAction":[{"@type":"ReadAction","target":["https:\/\/ubanews.com\/site\/2019\/01\/14\/detalhes-completo-sobre-a-prisao-em-flagrante-da-engenheira-com-12-quilos-de-cocaina-em-alem-paraiba\/"]}]},{"@type":"ImageObject","inLanguage":"pt-BR","@id":"https:\/\/ubanews.com\/site\/2019\/01\/14\/detalhes-completo-sobre-a-prisao-em-flagrante-da-engenheira-com-12-quilos-de-cocaina-em-alem-paraiba\/#primaryimage","url":"https:\/\/ubanews.com\/site\/wp-content\/uploads\/2019\/01\/01020002.00_03_05_29.Quadro003-1.jpg","contentUrl":"https:\/\/ubanews.com\/site\/wp-content\/uploads\/2019\/01\/01020002.00_03_05_29.Quadro003-1.jpg","width":800,"height":389},{"@type":"BreadcrumbList","@id":"https:\/\/ubanews.com\/site\/2019\/01\/14\/detalhes-completo-sobre-a-prisao-em-flagrante-da-engenheira-com-12-quilos-de-cocaina-em-alem-paraiba\/#breadcrumb","itemListElement":[{"@type":"ListItem","position":1,"name":"Home","item":"https:\/\/ubanews.com\/site\/"},{"@type":"ListItem","position":2,"name":"Detalhes completo sobre a pris\u00e3o em flagrante da Engenheira com 12 quilos de coca\u00edna em Al\u00e9m Para\u00edba"}]},{"@type":"WebSite","@id":"https:\/\/ubanews.com\/site\/#website","url":"https:\/\/ubanews.com\/site\/","name":"Ub\u00e1 News","description":"","publisher":{"@id":"https:\/\/ubanews.com\/site\/#organization"},"potentialAction":[{"@type":"SearchAction","target":{"@type":"EntryPoint","urlTemplate":"https:\/\/ubanews.com\/site\/?s={search_term_string}"},"query-input":{"@type":"PropertyValueSpecification","valueRequired":true,"valueName":"search_term_string"}}],"inLanguage":"pt-BR"},{"@type":"Organization","@id":"https:\/\/ubanews.com\/site\/#organization","name":"Ub\u00e1 News","url":"https:\/\/ubanews.com\/site\/","logo":{"@type":"ImageObject","inLanguage":"pt-BR","@id":"https:\/\/ubanews.com\/site\/#\/schema\/logo\/image\/","url":"https:\/\/ubanews.com\/site\/wp-content\/uploads\/2018\/01\/logoubanews.png","contentUrl":"https:\/\/ubanews.com\/site\/wp-content\/uploads\/2018\/01\/logoubanews.png","width":261,"height":99,"caption":"Ub\u00e1 News"},"image":{"@id":"https:\/\/ubanews.com\/site\/#\/schema\/logo\/image\/"},"sameAs":["https:\/\/www.facebook.com\/Ub\u00e1News-Carlos-Roberto-Sodr\u00e9-418778301977370"]},{"@type":"Person","@id":"https:\/\/ubanews.com\/site\/#\/schema\/person\/d90c9e47252fbb63dcc969fe4c8b9d10","name":"Sodr\u00e9","image":{"@type":"ImageObject","inLanguage":"pt-BR","@id":"https:\/\/secure.gravatar.com\/avatar\/5ba2793f0590b9dbfad3fdec4ee714485b3eef211c9b32ee53d414060454a56c?s=96&d=mm&r=g","url":"https:\/\/secure.gravatar.com\/avatar\/5ba2793f0590b9dbfad3fdec4ee714485b3eef211c9b32ee53d414060454a56c?s=96&d=mm&r=g","contentUrl":"https:\/\/secure.gravatar.com\/avatar\/5ba2793f0590b9dbfad3fdec4ee714485b3eef211c9b32ee53d414060454a56c?s=96&d=mm&r=g","caption":"Sodr\u00e9"},"sameAs":["https:\/\/www.facebook.com\/carosroberto.sodre.5\/"],"url":"https:\/\/ubanews.com\/site\/author\/felipe\/"}]}},"_links":{"self":[{"href":"https:\/\/ubanews.com\/site\/wp-json\/wp\/v2\/posts\/10142","targetHints":{"allow":["GET"]}}],"collection":[{"href":"https:\/\/ubanews.com\/site\/wp-json\/wp\/v2\/posts"}],"about":[{"href":"https:\/\/ubanews.com\/site\/wp-json\/wp\/v2\/types\/post"}],"author":[{"embeddable":true,"href":"https:\/\/ubanews.com\/site\/wp-json\/wp\/v2\/users\/2"}],"replies":[{"embeddable":true,"href":"https:\/\/ubanews.com\/site\/wp-json\/wp\/v2\/comments?post=10142"}],"version-history":[{"count":0,"href":"https:\/\/ubanews.com\/site\/wp-json\/wp\/v2\/posts\/10142\/revisions"}],"wp:featuredmedia":[{"embeddable":true,"href":"https:\/\/ubanews.com\/site\/wp-json\/wp\/v2\/media\/10143"}],"wp:attachment":[{"href":"https:\/\/ubanews.com\/site\/wp-json\/wp\/v2\/media?parent=10142"}],"wp:term":[{"taxonomy":"category","embeddable":true,"href":"https:\/\/ubanews.com\/site\/wp-json\/wp\/v2\/categories?post=10142"},{"taxonomy":"post_tag","embeddable":true,"href":"https:\/\/ubanews.com\/site\/wp-json\/wp\/v2\/tags?post=10142"}],"curies":[{"name":"wp","href":"https:\/\/api.w.org\/{rel}","templated":true}]}}