{"id":10099,"date":"2019-01-09T11:33:48","date_gmt":"2019-01-09T13:33:48","guid":{"rendered":"http:\/\/ubanews.com\/site\/?p=10099"},"modified":"2019-01-09T11:53:05","modified_gmt":"2019-01-09T13:53:05","slug":"autor-de-tentativa-de-homicidio-e-preso-pela-policia-militar-na-noite-desta-quarta-feira-08","status":"publish","type":"post","link":"https:\/\/ubanews.com\/site\/2019\/01\/09\/autor-de-tentativa-de-homicidio-e-preso-pela-policia-militar-na-noite-desta-quarta-feira-08\/","title":{"rendered":"Autor de tentativa de homic\u00eddio \u00e9 preso pela Pol\u00edcia Militar na noite desta Quarta-feira (08)"},"content":{"rendered":"<p>No dia 08 de Janeiro 2019 \u00e0s 22 horas e 20 minutos, na Rua Coronel Jo\u00e3o Faustino Toledo, no Bairro Antonina Coelho, Ub\u00e1, a Pol\u00edcia Militar compareceu no local onde havia uma v\u00edtima um homem de 19 anos que relatou que mais cedo havia ocorrido v\u00e1rios disparos de arma de fogo contra ele, e que os autores seriam Marllon Ferreira da Silva de 27 anos e Carlos Fabr\u00edcio Aleixo de 31 anos.<\/p>\n<p>A Pol\u00edcia Militar desencadeou dilig\u00eancias para prender os poss\u00edveis autores e mais tarde, recebeu informa\u00e7\u00f5es que havia ocorrido outros disparos no mesmo local, tendo surgido outra vitima, um homem de 18 anos. Em rastreamento a Pol\u00edcia localizou e prendeu um dos autores Marlon Ferreira da Silva de 27 anos e o outro autor ainda n\u00e3o foi localizado sendo que as dilig\u00eancias prosseguem.<\/p>\n<div><span style=\"font-family: 'Arial','sans-serif';\"><span style=\"font-size: large;\"><b>ASSESSORIA DE COMUNICA\u00c7\u00c3O ORGANIZACIONAL<\/b><\/span><i><b><br \/>\n<\/b><\/i><\/span><\/div>\n<p><strong><span style=\"font-family: 'Arial','sans-serif';\"><i>Vig\u00e9simo Primeiro Batalh\u00e3o de Pol\u00edcia Militar&nbsp;<\/i><\/span><\/strong><\/p>\n","protected":false},"excerpt":{"rendered":"<p>No dia 08 de Janeiro 2019 \u00e0s 22 horas e<\/p>\n","protected":false},"author":2,"featured_media":0,"comment_status":"open","ping_status":"open","sticky":false,"template":"","format":"standard","meta":{"footnotes":""},"categories":[13],"tags":[],"class_list":["post-10099","post","type-post","status-publish","format-standard","hentry","category-sintese-das-ocorrencias"],"yoast_head":"<!-- This site is optimized with the Yoast SEO plugin v27.2 - https:\/\/yoast.com\/product\/yoast-seo-wordpress\/ -->\n<title>Autor de tentativa de homic\u00eddio \u00e9 preso pela Pol\u00edcia Militar na noite desta Quarta-feira (08) - Ub\u00e1 News<\/title>\n<meta name=\"robots\" content=\"index, follow, max-snippet:-1, max-image-preview:large, max-video-preview:-1\" \/>\n<link rel=\"canonical\" href=\"https:\/\/ubanews.com\/site\/2019\/01\/09\/autor-de-tentativa-de-homicidio-e-preso-pela-policia-militar-na-noite-desta-quarta-feira-08\/\" \/>\n<meta property=\"og:locale\" content=\"pt_BR\" \/>\n<meta property=\"og:type\" content=\"article\" \/>\n<meta property=\"og:title\" content=\"Autor de tentativa de homic\u00eddio \u00e9 preso pela Pol\u00edcia Militar na noite desta Quarta-feira (08) - Ub\u00e1 News\" \/>\n<meta property=\"og:description\" content=\"No dia 08 de Janeiro 2019 \u00e0s 22 horas e\" \/>\n<meta property=\"og:url\" content=\"https:\/\/ubanews.com\/site\/2019\/01\/09\/autor-de-tentativa-de-homicidio-e-preso-pela-policia-militar-na-noite-desta-quarta-feira-08\/\" \/>\n<meta property=\"og:site_name\" content=\"Ub\u00e1 News\" \/>\n<meta property=\"article:publisher\" content=\"https:\/\/www.facebook.com\/Ub%c3%a1News-Carlos-Roberto-Sodr%c3%a9-418778301977370\" \/>\n<meta property=\"article:author\" content=\"https:\/\/www.facebook.com\/carosroberto.sodre.5\/\" \/>\n<meta property=\"article:published_time\" content=\"2019-01-09T13:33:48+00:00\" \/>\n<meta property=\"article:modified_time\" content=\"2019-01-09T13:53:05+00:00\" \/>\n<meta name=\"author\" content=\"Sodr\u00e9\" \/>\n<meta name=\"twitter:card\" content=\"summary_large_image\" \/>\n<meta name=\"twitter:label1\" content=\"Escrito por\" \/>\n\t<meta name=\"twitter:data1\" content=\"Sodr\u00e9\" \/>\n\t<meta name=\"twitter:label2\" content=\"Est. tempo de leitura\" \/>\n\t<meta name=\"twitter:data2\" content=\"1 minuto\" \/>\n<script type=\"application\/ld+json\" class=\"yoast-schema-graph\">{\"@context\":\"https:\/\/schema.org\",\"@graph\":[{\"@type\":\"Article\",\"@id\":\"https:\/\/ubanews.com\/site\/2019\/01\/09\/autor-de-tentativa-de-homicidio-e-preso-pela-policia-militar-na-noite-desta-quarta-feira-08\/#article\",\"isPartOf\":{\"@id\":\"https:\/\/ubanews.com\/site\/2019\/01\/09\/autor-de-tentativa-de-homicidio-e-preso-pela-policia-militar-na-noite-desta-quarta-feira-08\/\"},\"author\":{\"name\":\"Sodr\u00e9\",\"@id\":\"https:\/\/ubanews.com\/site\/#\/schema\/person\/d90c9e47252fbb63dcc969fe4c8b9d10\"},\"headline\":\"Autor de tentativa de homic\u00eddio \u00e9 preso pela Pol\u00edcia Militar na noite desta Quarta-feira (08)\",\"datePublished\":\"2019-01-09T13:33:48+00:00\",\"dateModified\":\"2019-01-09T13:53:05+00:00\",\"mainEntityOfPage\":{\"@id\":\"https:\/\/ubanews.com\/site\/2019\/01\/09\/autor-de-tentativa-de-homicidio-e-preso-pela-policia-militar-na-noite-desta-quarta-feira-08\/\"},\"wordCount\":167,\"commentCount\":0,\"publisher\":{\"@id\":\"https:\/\/ubanews.com\/site\/#organization\"},\"articleSection\":[\"S\u00edntese das Ocorr\u00eancias\"],\"inLanguage\":\"pt-BR\",\"potentialAction\":[{\"@type\":\"CommentAction\",\"name\":\"Comment\",\"target\":[\"https:\/\/ubanews.com\/site\/2019\/01\/09\/autor-de-tentativa-de-homicidio-e-preso-pela-policia-militar-na-noite-desta-quarta-feira-08\/#respond\"]}]},{\"@type\":\"WebPage\",\"@id\":\"https:\/\/ubanews.com\/site\/2019\/01\/09\/autor-de-tentativa-de-homicidio-e-preso-pela-policia-militar-na-noite-desta-quarta-feira-08\/\",\"url\":\"https:\/\/ubanews.com\/site\/2019\/01\/09\/autor-de-tentativa-de-homicidio-e-preso-pela-policia-militar-na-noite-desta-quarta-feira-08\/\",\"name\":\"Autor de tentativa de homic\u00eddio \u00e9 preso pela Pol\u00edcia Militar na noite desta Quarta-feira (08) - Ub\u00e1 News\",\"isPartOf\":{\"@id\":\"https:\/\/ubanews.com\/site\/#website\"},\"datePublished\":\"2019-01-09T13:33:48+00:00\",\"dateModified\":\"2019-01-09T13:53:05+00:00\",\"breadcrumb\":{\"@id\":\"https:\/\/ubanews.com\/site\/2019\/01\/09\/autor-de-tentativa-de-homicidio-e-preso-pela-policia-militar-na-noite-desta-quarta-feira-08\/#breadcrumb\"},\"inLanguage\":\"pt-BR\",\"potentialAction\":[{\"@type\":\"ReadAction\",\"target\":[\"https:\/\/ubanews.com\/site\/2019\/01\/09\/autor-de-tentativa-de-homicidio-e-preso-pela-policia-militar-na-noite-desta-quarta-feira-08\/\"]}]},{\"@type\":\"BreadcrumbList\",\"@id\":\"https:\/\/ubanews.com\/site\/2019\/01\/09\/autor-de-tentativa-de-homicidio-e-preso-pela-policia-militar-na-noite-desta-quarta-feira-08\/#breadcrumb\",\"itemListElement\":[{\"@type\":\"ListItem\",\"position\":1,\"name\":\"Home\",\"item\":\"https:\/\/ubanews.com\/site\/\"},{\"@type\":\"ListItem\",\"position\":2,\"name\":\"Autor de tentativa de homic\u00eddio \u00e9 preso pela Pol\u00edcia Militar na noite desta Quarta-feira (08)\"}]},{\"@type\":\"WebSite\",\"@id\":\"https:\/\/ubanews.com\/site\/#website\",\"url\":\"https:\/\/ubanews.com\/site\/\",\"name\":\"Ub\u00e1 News\",\"description\":\"\",\"publisher\":{\"@id\":\"https:\/\/ubanews.com\/site\/#organization\"},\"potentialAction\":[{\"@type\":\"SearchAction\",\"target\":{\"@type\":\"EntryPoint\",\"urlTemplate\":\"https:\/\/ubanews.com\/site\/?s={search_term_string}\"},\"query-input\":{\"@type\":\"PropertyValueSpecification\",\"valueRequired\":true,\"valueName\":\"search_term_string\"}}],\"inLanguage\":\"pt-BR\"},{\"@type\":\"Organization\",\"@id\":\"https:\/\/ubanews.com\/site\/#organization\",\"name\":\"Ub\u00e1 News\",\"url\":\"https:\/\/ubanews.com\/site\/\",\"logo\":{\"@type\":\"ImageObject\",\"inLanguage\":\"pt-BR\",\"@id\":\"https:\/\/ubanews.com\/site\/#\/schema\/logo\/image\/\",\"url\":\"https:\/\/ubanews.com\/site\/wp-content\/uploads\/2018\/01\/logoubanews.png\",\"contentUrl\":\"https:\/\/ubanews.com\/site\/wp-content\/uploads\/2018\/01\/logoubanews.png\",\"width\":261,\"height\":99,\"caption\":\"Ub\u00e1 News\"},\"image\":{\"@id\":\"https:\/\/ubanews.com\/site\/#\/schema\/logo\/image\/\"},\"sameAs\":[\"https:\/\/www.facebook.com\/Ub\u00e1News-Carlos-Roberto-Sodr\u00e9-418778301977370\"]},{\"@type\":\"Person\",\"@id\":\"https:\/\/ubanews.com\/site\/#\/schema\/person\/d90c9e47252fbb63dcc969fe4c8b9d10\",\"name\":\"Sodr\u00e9\",\"image\":{\"@type\":\"ImageObject\",\"inLanguage\":\"pt-BR\",\"@id\":\"https:\/\/secure.gravatar.com\/avatar\/5ba2793f0590b9dbfad3fdec4ee714485b3eef211c9b32ee53d414060454a56c?s=96&d=mm&r=g\",\"url\":\"https:\/\/secure.gravatar.com\/avatar\/5ba2793f0590b9dbfad3fdec4ee714485b3eef211c9b32ee53d414060454a56c?s=96&d=mm&r=g\",\"contentUrl\":\"https:\/\/secure.gravatar.com\/avatar\/5ba2793f0590b9dbfad3fdec4ee714485b3eef211c9b32ee53d414060454a56c?s=96&d=mm&r=g\",\"caption\":\"Sodr\u00e9\"},\"sameAs\":[\"https:\/\/www.facebook.com\/carosroberto.sodre.5\/\"],\"url\":\"https:\/\/ubanews.com\/site\/author\/felipe\/\"}]}<\/script>\n<!-- \/ Yoast SEO plugin. -->","yoast_head_json":{"title":"Autor de tentativa de homic\u00eddio \u00e9 preso pela Pol\u00edcia Militar na noite desta Quarta-feira (08) - Ub\u00e1 News","robots":{"index":"index","follow":"follow","max-snippet":"max-snippet:-1","max-image-preview":"max-image-preview:large","max-video-preview":"max-video-preview:-1"},"canonical":"https:\/\/ubanews.com\/site\/2019\/01\/09\/autor-de-tentativa-de-homicidio-e-preso-pela-policia-militar-na-noite-desta-quarta-feira-08\/","og_locale":"pt_BR","og_type":"article","og_title":"Autor de tentativa de homic\u00eddio \u00e9 preso pela Pol\u00edcia Militar na noite desta Quarta-feira (08) - Ub\u00e1 News","og_description":"No dia 08 de Janeiro 2019 \u00e0s 22 horas e","og_url":"https:\/\/ubanews.com\/site\/2019\/01\/09\/autor-de-tentativa-de-homicidio-e-preso-pela-policia-militar-na-noite-desta-quarta-feira-08\/","og_site_name":"Ub\u00e1 News","article_publisher":"https:\/\/www.facebook.com\/Ub%c3%a1News-Carlos-Roberto-Sodr%c3%a9-418778301977370","article_author":"https:\/\/www.facebook.com\/carosroberto.sodre.5\/","article_published_time":"2019-01-09T13:33:48+00:00","article_modified_time":"2019-01-09T13:53:05+00:00","author":"Sodr\u00e9","twitter_card":"summary_large_image","twitter_misc":{"Escrito por":"Sodr\u00e9","Est. tempo de leitura":"1 minuto"},"schema":{"@context":"https:\/\/schema.org","@graph":[{"@type":"Article","@id":"https:\/\/ubanews.com\/site\/2019\/01\/09\/autor-de-tentativa-de-homicidio-e-preso-pela-policia-militar-na-noite-desta-quarta-feira-08\/#article","isPartOf":{"@id":"https:\/\/ubanews.com\/site\/2019\/01\/09\/autor-de-tentativa-de-homicidio-e-preso-pela-policia-militar-na-noite-desta-quarta-feira-08\/"},"author":{"name":"Sodr\u00e9","@id":"https:\/\/ubanews.com\/site\/#\/schema\/person\/d90c9e47252fbb63dcc969fe4c8b9d10"},"headline":"Autor de tentativa de homic\u00eddio \u00e9 preso pela Pol\u00edcia Militar na noite desta Quarta-feira (08)","datePublished":"2019-01-09T13:33:48+00:00","dateModified":"2019-01-09T13:53:05+00:00","mainEntityOfPage":{"@id":"https:\/\/ubanews.com\/site\/2019\/01\/09\/autor-de-tentativa-de-homicidio-e-preso-pela-policia-militar-na-noite-desta-quarta-feira-08\/"},"wordCount":167,"commentCount":0,"publisher":{"@id":"https:\/\/ubanews.com\/site\/#organization"},"articleSection":["S\u00edntese das Ocorr\u00eancias"],"inLanguage":"pt-BR","potentialAction":[{"@type":"CommentAction","name":"Comment","target":["https:\/\/ubanews.com\/site\/2019\/01\/09\/autor-de-tentativa-de-homicidio-e-preso-pela-policia-militar-na-noite-desta-quarta-feira-08\/#respond"]}]},{"@type":"WebPage","@id":"https:\/\/ubanews.com\/site\/2019\/01\/09\/autor-de-tentativa-de-homicidio-e-preso-pela-policia-militar-na-noite-desta-quarta-feira-08\/","url":"https:\/\/ubanews.com\/site\/2019\/01\/09\/autor-de-tentativa-de-homicidio-e-preso-pela-policia-militar-na-noite-desta-quarta-feira-08\/","name":"Autor de tentativa de homic\u00eddio \u00e9 preso pela Pol\u00edcia Militar na noite desta Quarta-feira (08) - Ub\u00e1 News","isPartOf":{"@id":"https:\/\/ubanews.com\/site\/#website"},"datePublished":"2019-01-09T13:33:48+00:00","dateModified":"2019-01-09T13:53:05+00:00","breadcrumb":{"@id":"https:\/\/ubanews.com\/site\/2019\/01\/09\/autor-de-tentativa-de-homicidio-e-preso-pela-policia-militar-na-noite-desta-quarta-feira-08\/#breadcrumb"},"inLanguage":"pt-BR","potentialAction":[{"@type":"ReadAction","target":["https:\/\/ubanews.com\/site\/2019\/01\/09\/autor-de-tentativa-de-homicidio-e-preso-pela-policia-militar-na-noite-desta-quarta-feira-08\/"]}]},{"@type":"BreadcrumbList","@id":"https:\/\/ubanews.com\/site\/2019\/01\/09\/autor-de-tentativa-de-homicidio-e-preso-pela-policia-militar-na-noite-desta-quarta-feira-08\/#breadcrumb","itemListElement":[{"@type":"ListItem","position":1,"name":"Home","item":"https:\/\/ubanews.com\/site\/"},{"@type":"ListItem","position":2,"name":"Autor de tentativa de homic\u00eddio \u00e9 preso pela Pol\u00edcia Militar na noite desta Quarta-feira (08)"}]},{"@type":"WebSite","@id":"https:\/\/ubanews.com\/site\/#website","url":"https:\/\/ubanews.com\/site\/","name":"Ub\u00e1 News","description":"","publisher":{"@id":"https:\/\/ubanews.com\/site\/#organization"},"potentialAction":[{"@type":"SearchAction","target":{"@type":"EntryPoint","urlTemplate":"https:\/\/ubanews.com\/site\/?s={search_term_string}"},"query-input":{"@type":"PropertyValueSpecification","valueRequired":true,"valueName":"search_term_string"}}],"inLanguage":"pt-BR"},{"@type":"Organization","@id":"https:\/\/ubanews.com\/site\/#organization","name":"Ub\u00e1 News","url":"https:\/\/ubanews.com\/site\/","logo":{"@type":"ImageObject","inLanguage":"pt-BR","@id":"https:\/\/ubanews.com\/site\/#\/schema\/logo\/image\/","url":"https:\/\/ubanews.com\/site\/wp-content\/uploads\/2018\/01\/logoubanews.png","contentUrl":"https:\/\/ubanews.com\/site\/wp-content\/uploads\/2018\/01\/logoubanews.png","width":261,"height":99,"caption":"Ub\u00e1 News"},"image":{"@id":"https:\/\/ubanews.com\/site\/#\/schema\/logo\/image\/"},"sameAs":["https:\/\/www.facebook.com\/Ub\u00e1News-Carlos-Roberto-Sodr\u00e9-418778301977370"]},{"@type":"Person","@id":"https:\/\/ubanews.com\/site\/#\/schema\/person\/d90c9e47252fbb63dcc969fe4c8b9d10","name":"Sodr\u00e9","image":{"@type":"ImageObject","inLanguage":"pt-BR","@id":"https:\/\/secure.gravatar.com\/avatar\/5ba2793f0590b9dbfad3fdec4ee714485b3eef211c9b32ee53d414060454a56c?s=96&d=mm&r=g","url":"https:\/\/secure.gravatar.com\/avatar\/5ba2793f0590b9dbfad3fdec4ee714485b3eef211c9b32ee53d414060454a56c?s=96&d=mm&r=g","contentUrl":"https:\/\/secure.gravatar.com\/avatar\/5ba2793f0590b9dbfad3fdec4ee714485b3eef211c9b32ee53d414060454a56c?s=96&d=mm&r=g","caption":"Sodr\u00e9"},"sameAs":["https:\/\/www.facebook.com\/carosroberto.sodre.5\/"],"url":"https:\/\/ubanews.com\/site\/author\/felipe\/"}]}},"_links":{"self":[{"href":"https:\/\/ubanews.com\/site\/wp-json\/wp\/v2\/posts\/10099","targetHints":{"allow":["GET"]}}],"collection":[{"href":"https:\/\/ubanews.com\/site\/wp-json\/wp\/v2\/posts"}],"about":[{"href":"https:\/\/ubanews.com\/site\/wp-json\/wp\/v2\/types\/post"}],"author":[{"embeddable":true,"href":"https:\/\/ubanews.com\/site\/wp-json\/wp\/v2\/users\/2"}],"replies":[{"embeddable":true,"href":"https:\/\/ubanews.com\/site\/wp-json\/wp\/v2\/comments?post=10099"}],"version-history":[{"count":0,"href":"https:\/\/ubanews.com\/site\/wp-json\/wp\/v2\/posts\/10099\/revisions"}],"wp:attachment":[{"href":"https:\/\/ubanews.com\/site\/wp-json\/wp\/v2\/media?parent=10099"}],"wp:term":[{"taxonomy":"category","embeddable":true,"href":"https:\/\/ubanews.com\/site\/wp-json\/wp\/v2\/categories?post=10099"},{"taxonomy":"post_tag","embeddable":true,"href":"https:\/\/ubanews.com\/site\/wp-json\/wp\/v2\/tags?post=10099"}],"curies":[{"name":"wp","href":"https:\/\/api.w.org\/{rel}","templated":true}]}}