{"id":10061,"date":"2019-01-04T17:58:49","date_gmt":"2019-01-04T19:58:49","guid":{"rendered":"http:\/\/ubanews.com\/site\/?p=10061"},"modified":"2019-01-18T19:26:20","modified_gmt":"2019-01-18T21:26:20","slug":"morre-em-visconde-do-rio-branco-o-ex-prefeito-doutor-joao-antonio-de-souza","status":"publish","type":"post","link":"https:\/\/ubanews.com\/site\/2019\/01\/04\/morre-em-visconde-do-rio-branco-o-ex-prefeito-doutor-joao-antonio-de-souza\/","title":{"rendered":"MORRE EM VISCONDE DO RIO BRANCO O EX-PREFEITO DOUTOR JO\u00c3O ANT\u00d4NIO DE SOUZA"},"content":{"rendered":"<p>Morreu em Visconde do Rio Branco no in\u00edcio da tarde desta sexta-feira (04) aos 72 anos de idade o ex-prefeito e m\u00e9dico doutor Jo\u00e3o Ant\u00f4nio de Souza. Ele foi pol\u00edtico respeitado na cidade, inclusive por seus advers\u00e1rios. Durante muitos anos houve verdadeiros embates entre doutor Jo\u00e3o e Iran.<\/p>\n<p>Doutor Jo\u00e3o exerceu o cargo de prefeito da cidade em quatro oportunidades, de 1989 a 1992; 1997 a 2000; 2005 a 2008; 2009 a 2012.<\/p>\n<p>O prefeito Iran Silva Couri decretou luto por tr\u00eas dias pela morte do ex-prefeito Dr. Jo\u00e3o Ant\u00f4nio de Souza.<\/p>\n<p>Fonte: Ant\u00f4nio Carlos Gomes \u2013 Tom Carlos. Ele ainda escreveu assim em sua p\u00e1gina nas Redes Sociais:<\/p>\n<p><em>\u201cDr. Jo\u00e3o, foi sem d\u00favida, uma das lideran\u00e7as mais expressivas da hist\u00f3ria pol\u00edtica recente de Visconde do Rio Branco; a partir de seu primeiro e revolucion\u00e1rio mandato (1989-1992), a cidade iniciou um processo de progresso e desenvolvimento que perdura at\u00e9 hoje, com seu estilo inconfund\u00edvel, era admirado pelos companheiros de Rio Branco e respeitado pelos advers\u00e1rios, m\u00e9dico de prest\u00edgio e respeito, governou a cidade por quatro vezes, prova inconteste do sucesso de seu jeito de administrar; uma perda irrepar\u00e1vel\u201d.<\/em><\/p>\n<p>O corpo est\u00e1 sendo velado na C\u00e2mara Municipal de Visconde do Rio Branco e o sepultamento ser\u00e1 \u00e0s 10h deste s\u00e1bado (05) no Cemit\u00e9rio S\u00e3o Jo\u00e3o Batista.<\/p>\n","protected":false},"excerpt":{"rendered":"<p>Morreu em Visconde do Rio Branco no in\u00edcio da tarde<\/p>\n","protected":false},"author":2,"featured_media":10062,"comment_status":"open","ping_status":"open","sticky":false,"template":"","format":"standard","meta":{"footnotes":""},"categories":[1],"tags":[],"class_list":["post-10061","post","type-post","status-publish","format-standard","has-post-thumbnail","hentry","category-sem-categoria"],"yoast_head":"<!-- This site is optimized with the Yoast SEO plugin v27.2 - https:\/\/yoast.com\/product\/yoast-seo-wordpress\/ -->\n<title>MORRE EM VISCONDE DO RIO BRANCO O EX-PREFEITO DOUTOR JO\u00c3O ANT\u00d4NIO DE SOUZA - Ub\u00e1 News<\/title>\n<meta name=\"robots\" content=\"index, follow, max-snippet:-1, max-image-preview:large, max-video-preview:-1\" \/>\n<link rel=\"canonical\" href=\"https:\/\/ubanews.com\/site\/2019\/01\/04\/morre-em-visconde-do-rio-branco-o-ex-prefeito-doutor-joao-antonio-de-souza\/\" \/>\n<meta property=\"og:locale\" content=\"pt_BR\" \/>\n<meta property=\"og:type\" content=\"article\" \/>\n<meta property=\"og:title\" content=\"MORRE EM VISCONDE DO RIO BRANCO O EX-PREFEITO DOUTOR JO\u00c3O ANT\u00d4NIO DE SOUZA - Ub\u00e1 News\" \/>\n<meta property=\"og:description\" content=\"Morreu em Visconde do Rio Branco no in\u00edcio da tarde\" \/>\n<meta property=\"og:url\" content=\"https:\/\/ubanews.com\/site\/2019\/01\/04\/morre-em-visconde-do-rio-branco-o-ex-prefeito-doutor-joao-antonio-de-souza\/\" \/>\n<meta property=\"og:site_name\" content=\"Ub\u00e1 News\" \/>\n<meta property=\"article:publisher\" content=\"https:\/\/www.facebook.com\/Ub%c3%a1News-Carlos-Roberto-Sodr%c3%a9-418778301977370\" \/>\n<meta property=\"article:author\" content=\"https:\/\/www.facebook.com\/carosroberto.sodre.5\/\" \/>\n<meta property=\"article:published_time\" content=\"2019-01-04T19:58:49+00:00\" \/>\n<meta property=\"article:modified_time\" content=\"2019-01-18T21:26:20+00:00\" \/>\n<meta property=\"og:image\" content=\"https:\/\/ubanews.com\/site\/wp-content\/uploads\/2019\/01\/WhatsApp-Image-2019-01-04-at-17.52.04.jpg\" \/>\n\t<meta property=\"og:image:width\" content=\"800\" \/>\n\t<meta property=\"og:image:height\" content=\"389\" \/>\n\t<meta property=\"og:image:type\" content=\"image\/jpeg\" \/>\n<meta name=\"author\" content=\"Sodr\u00e9\" \/>\n<meta name=\"twitter:card\" content=\"summary_large_image\" \/>\n<meta name=\"twitter:label1\" content=\"Escrito por\" \/>\n\t<meta name=\"twitter:data1\" content=\"Sodr\u00e9\" \/>\n\t<meta name=\"twitter:label2\" content=\"Est. tempo de leitura\" \/>\n\t<meta name=\"twitter:data2\" content=\"1 minuto\" \/>\n<script type=\"application\/ld+json\" class=\"yoast-schema-graph\">{\"@context\":\"https:\/\/schema.org\",\"@graph\":[{\"@type\":\"Article\",\"@id\":\"https:\/\/ubanews.com\/site\/2019\/01\/04\/morre-em-visconde-do-rio-branco-o-ex-prefeito-doutor-joao-antonio-de-souza\/#article\",\"isPartOf\":{\"@id\":\"https:\/\/ubanews.com\/site\/2019\/01\/04\/morre-em-visconde-do-rio-branco-o-ex-prefeito-doutor-joao-antonio-de-souza\/\"},\"author\":{\"name\":\"Sodr\u00e9\",\"@id\":\"https:\/\/ubanews.com\/site\/#\/schema\/person\/d90c9e47252fbb63dcc969fe4c8b9d10\"},\"headline\":\"MORRE EM VISCONDE DO RIO BRANCO O EX-PREFEITO DOUTOR JO\u00c3O ANT\u00d4NIO DE SOUZA\",\"datePublished\":\"2019-01-04T19:58:49+00:00\",\"dateModified\":\"2019-01-18T21:26:20+00:00\",\"mainEntityOfPage\":{\"@id\":\"https:\/\/ubanews.com\/site\/2019\/01\/04\/morre-em-visconde-do-rio-branco-o-ex-prefeito-doutor-joao-antonio-de-souza\/\"},\"wordCount\":247,\"commentCount\":3,\"publisher\":{\"@id\":\"https:\/\/ubanews.com\/site\/#organization\"},\"image\":{\"@id\":\"https:\/\/ubanews.com\/site\/2019\/01\/04\/morre-em-visconde-do-rio-branco-o-ex-prefeito-doutor-joao-antonio-de-souza\/#primaryimage\"},\"thumbnailUrl\":\"https:\/\/ubanews.com\/site\/wp-content\/uploads\/2019\/01\/WhatsApp-Image-2019-01-04-at-17.52.04.jpg\",\"articleSection\":[\"Geral\"],\"inLanguage\":\"pt-BR\",\"potentialAction\":[{\"@type\":\"CommentAction\",\"name\":\"Comment\",\"target\":[\"https:\/\/ubanews.com\/site\/2019\/01\/04\/morre-em-visconde-do-rio-branco-o-ex-prefeito-doutor-joao-antonio-de-souza\/#respond\"]}]},{\"@type\":\"WebPage\",\"@id\":\"https:\/\/ubanews.com\/site\/2019\/01\/04\/morre-em-visconde-do-rio-branco-o-ex-prefeito-doutor-joao-antonio-de-souza\/\",\"url\":\"https:\/\/ubanews.com\/site\/2019\/01\/04\/morre-em-visconde-do-rio-branco-o-ex-prefeito-doutor-joao-antonio-de-souza\/\",\"name\":\"MORRE EM VISCONDE DO RIO BRANCO O EX-PREFEITO DOUTOR JO\u00c3O ANT\u00d4NIO DE SOUZA - Ub\u00e1 News\",\"isPartOf\":{\"@id\":\"https:\/\/ubanews.com\/site\/#website\"},\"primaryImageOfPage\":{\"@id\":\"https:\/\/ubanews.com\/site\/2019\/01\/04\/morre-em-visconde-do-rio-branco-o-ex-prefeito-doutor-joao-antonio-de-souza\/#primaryimage\"},\"image\":{\"@id\":\"https:\/\/ubanews.com\/site\/2019\/01\/04\/morre-em-visconde-do-rio-branco-o-ex-prefeito-doutor-joao-antonio-de-souza\/#primaryimage\"},\"thumbnailUrl\":\"https:\/\/ubanews.com\/site\/wp-content\/uploads\/2019\/01\/WhatsApp-Image-2019-01-04-at-17.52.04.jpg\",\"datePublished\":\"2019-01-04T19:58:49+00:00\",\"dateModified\":\"2019-01-18T21:26:20+00:00\",\"breadcrumb\":{\"@id\":\"https:\/\/ubanews.com\/site\/2019\/01\/04\/morre-em-visconde-do-rio-branco-o-ex-prefeito-doutor-joao-antonio-de-souza\/#breadcrumb\"},\"inLanguage\":\"pt-BR\",\"potentialAction\":[{\"@type\":\"ReadAction\",\"target\":[\"https:\/\/ubanews.com\/site\/2019\/01\/04\/morre-em-visconde-do-rio-branco-o-ex-prefeito-doutor-joao-antonio-de-souza\/\"]}]},{\"@type\":\"ImageObject\",\"inLanguage\":\"pt-BR\",\"@id\":\"https:\/\/ubanews.com\/site\/2019\/01\/04\/morre-em-visconde-do-rio-branco-o-ex-prefeito-doutor-joao-antonio-de-souza\/#primaryimage\",\"url\":\"https:\/\/ubanews.com\/site\/wp-content\/uploads\/2019\/01\/WhatsApp-Image-2019-01-04-at-17.52.04.jpg\",\"contentUrl\":\"https:\/\/ubanews.com\/site\/wp-content\/uploads\/2019\/01\/WhatsApp-Image-2019-01-04-at-17.52.04.jpg\",\"width\":800,\"height\":389},{\"@type\":\"BreadcrumbList\",\"@id\":\"https:\/\/ubanews.com\/site\/2019\/01\/04\/morre-em-visconde-do-rio-branco-o-ex-prefeito-doutor-joao-antonio-de-souza\/#breadcrumb\",\"itemListElement\":[{\"@type\":\"ListItem\",\"position\":1,\"name\":\"Home\",\"item\":\"https:\/\/ubanews.com\/site\/\"},{\"@type\":\"ListItem\",\"position\":2,\"name\":\"MORRE EM VISCONDE DO RIO BRANCO O EX-PREFEITO DOUTOR JO\u00c3O ANT\u00d4NIO DE SOUZA\"}]},{\"@type\":\"WebSite\",\"@id\":\"https:\/\/ubanews.com\/site\/#website\",\"url\":\"https:\/\/ubanews.com\/site\/\",\"name\":\"Ub\u00e1 News\",\"description\":\"\",\"publisher\":{\"@id\":\"https:\/\/ubanews.com\/site\/#organization\"},\"potentialAction\":[{\"@type\":\"SearchAction\",\"target\":{\"@type\":\"EntryPoint\",\"urlTemplate\":\"https:\/\/ubanews.com\/site\/?s={search_term_string}\"},\"query-input\":{\"@type\":\"PropertyValueSpecification\",\"valueRequired\":true,\"valueName\":\"search_term_string\"}}],\"inLanguage\":\"pt-BR\"},{\"@type\":\"Organization\",\"@id\":\"https:\/\/ubanews.com\/site\/#organization\",\"name\":\"Ub\u00e1 News\",\"url\":\"https:\/\/ubanews.com\/site\/\",\"logo\":{\"@type\":\"ImageObject\",\"inLanguage\":\"pt-BR\",\"@id\":\"https:\/\/ubanews.com\/site\/#\/schema\/logo\/image\/\",\"url\":\"https:\/\/ubanews.com\/site\/wp-content\/uploads\/2018\/01\/logoubanews.png\",\"contentUrl\":\"https:\/\/ubanews.com\/site\/wp-content\/uploads\/2018\/01\/logoubanews.png\",\"width\":261,\"height\":99,\"caption\":\"Ub\u00e1 News\"},\"image\":{\"@id\":\"https:\/\/ubanews.com\/site\/#\/schema\/logo\/image\/\"},\"sameAs\":[\"https:\/\/www.facebook.com\/Ub\u00e1News-Carlos-Roberto-Sodr\u00e9-418778301977370\"]},{\"@type\":\"Person\",\"@id\":\"https:\/\/ubanews.com\/site\/#\/schema\/person\/d90c9e47252fbb63dcc969fe4c8b9d10\",\"name\":\"Sodr\u00e9\",\"image\":{\"@type\":\"ImageObject\",\"inLanguage\":\"pt-BR\",\"@id\":\"https:\/\/secure.gravatar.com\/avatar\/5ba2793f0590b9dbfad3fdec4ee714485b3eef211c9b32ee53d414060454a56c?s=96&d=mm&r=g\",\"url\":\"https:\/\/secure.gravatar.com\/avatar\/5ba2793f0590b9dbfad3fdec4ee714485b3eef211c9b32ee53d414060454a56c?s=96&d=mm&r=g\",\"contentUrl\":\"https:\/\/secure.gravatar.com\/avatar\/5ba2793f0590b9dbfad3fdec4ee714485b3eef211c9b32ee53d414060454a56c?s=96&d=mm&r=g\",\"caption\":\"Sodr\u00e9\"},\"sameAs\":[\"https:\/\/www.facebook.com\/carosroberto.sodre.5\/\"],\"url\":\"https:\/\/ubanews.com\/site\/author\/felipe\/\"}]}<\/script>\n<!-- \/ Yoast SEO plugin. -->","yoast_head_json":{"title":"MORRE EM VISCONDE DO RIO BRANCO O EX-PREFEITO DOUTOR JO\u00c3O ANT\u00d4NIO DE SOUZA - Ub\u00e1 News","robots":{"index":"index","follow":"follow","max-snippet":"max-snippet:-1","max-image-preview":"max-image-preview:large","max-video-preview":"max-video-preview:-1"},"canonical":"https:\/\/ubanews.com\/site\/2019\/01\/04\/morre-em-visconde-do-rio-branco-o-ex-prefeito-doutor-joao-antonio-de-souza\/","og_locale":"pt_BR","og_type":"article","og_title":"MORRE EM VISCONDE DO RIO BRANCO O EX-PREFEITO DOUTOR JO\u00c3O ANT\u00d4NIO DE SOUZA - Ub\u00e1 News","og_description":"Morreu em Visconde do Rio Branco no in\u00edcio da tarde","og_url":"https:\/\/ubanews.com\/site\/2019\/01\/04\/morre-em-visconde-do-rio-branco-o-ex-prefeito-doutor-joao-antonio-de-souza\/","og_site_name":"Ub\u00e1 News","article_publisher":"https:\/\/www.facebook.com\/Ub%c3%a1News-Carlos-Roberto-Sodr%c3%a9-418778301977370","article_author":"https:\/\/www.facebook.com\/carosroberto.sodre.5\/","article_published_time":"2019-01-04T19:58:49+00:00","article_modified_time":"2019-01-18T21:26:20+00:00","og_image":[{"width":800,"height":389,"url":"https:\/\/ubanews.com\/site\/wp-content\/uploads\/2019\/01\/WhatsApp-Image-2019-01-04-at-17.52.04.jpg","type":"image\/jpeg"}],"author":"Sodr\u00e9","twitter_card":"summary_large_image","twitter_misc":{"Escrito por":"Sodr\u00e9","Est. tempo de leitura":"1 minuto"},"schema":{"@context":"https:\/\/schema.org","@graph":[{"@type":"Article","@id":"https:\/\/ubanews.com\/site\/2019\/01\/04\/morre-em-visconde-do-rio-branco-o-ex-prefeito-doutor-joao-antonio-de-souza\/#article","isPartOf":{"@id":"https:\/\/ubanews.com\/site\/2019\/01\/04\/morre-em-visconde-do-rio-branco-o-ex-prefeito-doutor-joao-antonio-de-souza\/"},"author":{"name":"Sodr\u00e9","@id":"https:\/\/ubanews.com\/site\/#\/schema\/person\/d90c9e47252fbb63dcc969fe4c8b9d10"},"headline":"MORRE EM VISCONDE DO RIO BRANCO O EX-PREFEITO DOUTOR JO\u00c3O ANT\u00d4NIO DE SOUZA","datePublished":"2019-01-04T19:58:49+00:00","dateModified":"2019-01-18T21:26:20+00:00","mainEntityOfPage":{"@id":"https:\/\/ubanews.com\/site\/2019\/01\/04\/morre-em-visconde-do-rio-branco-o-ex-prefeito-doutor-joao-antonio-de-souza\/"},"wordCount":247,"commentCount":3,"publisher":{"@id":"https:\/\/ubanews.com\/site\/#organization"},"image":{"@id":"https:\/\/ubanews.com\/site\/2019\/01\/04\/morre-em-visconde-do-rio-branco-o-ex-prefeito-doutor-joao-antonio-de-souza\/#primaryimage"},"thumbnailUrl":"https:\/\/ubanews.com\/site\/wp-content\/uploads\/2019\/01\/WhatsApp-Image-2019-01-04-at-17.52.04.jpg","articleSection":["Geral"],"inLanguage":"pt-BR","potentialAction":[{"@type":"CommentAction","name":"Comment","target":["https:\/\/ubanews.com\/site\/2019\/01\/04\/morre-em-visconde-do-rio-branco-o-ex-prefeito-doutor-joao-antonio-de-souza\/#respond"]}]},{"@type":"WebPage","@id":"https:\/\/ubanews.com\/site\/2019\/01\/04\/morre-em-visconde-do-rio-branco-o-ex-prefeito-doutor-joao-antonio-de-souza\/","url":"https:\/\/ubanews.com\/site\/2019\/01\/04\/morre-em-visconde-do-rio-branco-o-ex-prefeito-doutor-joao-antonio-de-souza\/","name":"MORRE EM VISCONDE DO RIO BRANCO O EX-PREFEITO DOUTOR JO\u00c3O ANT\u00d4NIO DE SOUZA - Ub\u00e1 News","isPartOf":{"@id":"https:\/\/ubanews.com\/site\/#website"},"primaryImageOfPage":{"@id":"https:\/\/ubanews.com\/site\/2019\/01\/04\/morre-em-visconde-do-rio-branco-o-ex-prefeito-doutor-joao-antonio-de-souza\/#primaryimage"},"image":{"@id":"https:\/\/ubanews.com\/site\/2019\/01\/04\/morre-em-visconde-do-rio-branco-o-ex-prefeito-doutor-joao-antonio-de-souza\/#primaryimage"},"thumbnailUrl":"https:\/\/ubanews.com\/site\/wp-content\/uploads\/2019\/01\/WhatsApp-Image-2019-01-04-at-17.52.04.jpg","datePublished":"2019-01-04T19:58:49+00:00","dateModified":"2019-01-18T21:26:20+00:00","breadcrumb":{"@id":"https:\/\/ubanews.com\/site\/2019\/01\/04\/morre-em-visconde-do-rio-branco-o-ex-prefeito-doutor-joao-antonio-de-souza\/#breadcrumb"},"inLanguage":"pt-BR","potentialAction":[{"@type":"ReadAction","target":["https:\/\/ubanews.com\/site\/2019\/01\/04\/morre-em-visconde-do-rio-branco-o-ex-prefeito-doutor-joao-antonio-de-souza\/"]}]},{"@type":"ImageObject","inLanguage":"pt-BR","@id":"https:\/\/ubanews.com\/site\/2019\/01\/04\/morre-em-visconde-do-rio-branco-o-ex-prefeito-doutor-joao-antonio-de-souza\/#primaryimage","url":"https:\/\/ubanews.com\/site\/wp-content\/uploads\/2019\/01\/WhatsApp-Image-2019-01-04-at-17.52.04.jpg","contentUrl":"https:\/\/ubanews.com\/site\/wp-content\/uploads\/2019\/01\/WhatsApp-Image-2019-01-04-at-17.52.04.jpg","width":800,"height":389},{"@type":"BreadcrumbList","@id":"https:\/\/ubanews.com\/site\/2019\/01\/04\/morre-em-visconde-do-rio-branco-o-ex-prefeito-doutor-joao-antonio-de-souza\/#breadcrumb","itemListElement":[{"@type":"ListItem","position":1,"name":"Home","item":"https:\/\/ubanews.com\/site\/"},{"@type":"ListItem","position":2,"name":"MORRE EM VISCONDE DO RIO BRANCO O EX-PREFEITO DOUTOR JO\u00c3O ANT\u00d4NIO DE SOUZA"}]},{"@type":"WebSite","@id":"https:\/\/ubanews.com\/site\/#website","url":"https:\/\/ubanews.com\/site\/","name":"Ub\u00e1 News","description":"","publisher":{"@id":"https:\/\/ubanews.com\/site\/#organization"},"potentialAction":[{"@type":"SearchAction","target":{"@type":"EntryPoint","urlTemplate":"https:\/\/ubanews.com\/site\/?s={search_term_string}"},"query-input":{"@type":"PropertyValueSpecification","valueRequired":true,"valueName":"search_term_string"}}],"inLanguage":"pt-BR"},{"@type":"Organization","@id":"https:\/\/ubanews.com\/site\/#organization","name":"Ub\u00e1 News","url":"https:\/\/ubanews.com\/site\/","logo":{"@type":"ImageObject","inLanguage":"pt-BR","@id":"https:\/\/ubanews.com\/site\/#\/schema\/logo\/image\/","url":"https:\/\/ubanews.com\/site\/wp-content\/uploads\/2018\/01\/logoubanews.png","contentUrl":"https:\/\/ubanews.com\/site\/wp-content\/uploads\/2018\/01\/logoubanews.png","width":261,"height":99,"caption":"Ub\u00e1 News"},"image":{"@id":"https:\/\/ubanews.com\/site\/#\/schema\/logo\/image\/"},"sameAs":["https:\/\/www.facebook.com\/Ub\u00e1News-Carlos-Roberto-Sodr\u00e9-418778301977370"]},{"@type":"Person","@id":"https:\/\/ubanews.com\/site\/#\/schema\/person\/d90c9e47252fbb63dcc969fe4c8b9d10","name":"Sodr\u00e9","image":{"@type":"ImageObject","inLanguage":"pt-BR","@id":"https:\/\/secure.gravatar.com\/avatar\/5ba2793f0590b9dbfad3fdec4ee714485b3eef211c9b32ee53d414060454a56c?s=96&d=mm&r=g","url":"https:\/\/secure.gravatar.com\/avatar\/5ba2793f0590b9dbfad3fdec4ee714485b3eef211c9b32ee53d414060454a56c?s=96&d=mm&r=g","contentUrl":"https:\/\/secure.gravatar.com\/avatar\/5ba2793f0590b9dbfad3fdec4ee714485b3eef211c9b32ee53d414060454a56c?s=96&d=mm&r=g","caption":"Sodr\u00e9"},"sameAs":["https:\/\/www.facebook.com\/carosroberto.sodre.5\/"],"url":"https:\/\/ubanews.com\/site\/author\/felipe\/"}]}},"_links":{"self":[{"href":"https:\/\/ubanews.com\/site\/wp-json\/wp\/v2\/posts\/10061","targetHints":{"allow":["GET"]}}],"collection":[{"href":"https:\/\/ubanews.com\/site\/wp-json\/wp\/v2\/posts"}],"about":[{"href":"https:\/\/ubanews.com\/site\/wp-json\/wp\/v2\/types\/post"}],"author":[{"embeddable":true,"href":"https:\/\/ubanews.com\/site\/wp-json\/wp\/v2\/users\/2"}],"replies":[{"embeddable":true,"href":"https:\/\/ubanews.com\/site\/wp-json\/wp\/v2\/comments?post=10061"}],"version-history":[{"count":0,"href":"https:\/\/ubanews.com\/site\/wp-json\/wp\/v2\/posts\/10061\/revisions"}],"wp:featuredmedia":[{"embeddable":true,"href":"https:\/\/ubanews.com\/site\/wp-json\/wp\/v2\/media\/10062"}],"wp:attachment":[{"href":"https:\/\/ubanews.com\/site\/wp-json\/wp\/v2\/media?parent=10061"}],"wp:term":[{"taxonomy":"category","embeddable":true,"href":"https:\/\/ubanews.com\/site\/wp-json\/wp\/v2\/categories?post=10061"},{"taxonomy":"post_tag","embeddable":true,"href":"https:\/\/ubanews.com\/site\/wp-json\/wp\/v2\/tags?post=10061"}],"curies":[{"name":"wp","href":"https:\/\/api.w.org\/{rel}","templated":true}]}}